{"id":126,"date":"2016-02-26T14:44:28","date_gmt":"2016-02-26T13:44:28","guid":{"rendered":"https:\/\/amu.pan.pl\/test\/2016\/02\/26\/srebrny-krzyz-zaslugi-dla-prof-beaty-hasiow-jaroszewskiej\/"},"modified":"2016-02-26T14:44:28","modified_gmt":"2016-02-26T13:44:28","slug":"srebrny-krzyz-zaslugi-dla-prof-beaty-hasiow-jaroszewskiej","status":"publish","type":"post","link":"https:\/\/amu.pan.pl\/en\/srebrny-krzyz-zaslugi-dla-prof-beaty-hasiow-jaroszewskiej\/","title":{"rendered":"Srebrny Krzy\u017c Zas\u0142ugi dla prof. Beaty Hasi\u00f3w-Jaroszewskiej"},"content":{"rendered":"<p>Postanowieniem Prezydenta RP za zas\u0142ugi w dzia\u0142alno\u015bci na rzecz rozwoju rolnictwa, na wniosek Ministra Rolnictwa i Rozwoju Wsi pani dr hab. Beata Hasi&oacute;w-Jaroszewska, cz\u0142. AMU, zosta\u0142a odznaczona Srebrnym Krzy\u017cem Zas\u0142ugi.<\/p>\n<p><a href=\"https:\/\/www.ior.poznan.pl\/983,56-sesja-naukowa-ior-pib.html\">Informacja na stronie Instytutu Ochrony Ro\u015blin &#8211; PIB<\/a><\/p>\n<p>&nbsp;<\/p>\n<p><img fetchpriority=\"high\" decoding=\"async\" class=\"size-full wp-image-125\" src=\"https:\/\/amu.pan.pl\/wp-content\/uploads\/2016\/02\/BHJ_odznaczenie.jpg\" alt=\"\" width=\"500\" height=\"333\" srcset=\"https:\/\/amu.pan.pl\/wp-content\/uploads\/2016\/02\/BHJ_odznaczenie.jpg 500w, https:\/\/amu.pan.pl\/wp-content\/uploads\/2016\/02\/BHJ_odznaczenie-300x200.jpg 300w\" sizes=\"(max-width: 500px) 100vw, 500px\" \/><\/p>\n<p>&nbsp;<\/p>\n<p>&nbsp;<\/p>","protected":false},"excerpt":{"rendered":"<p>Postanowieniem Prezydenta RP za zas\u0142ugi w dzia\u0142alno\u015bci na rzecz rozwoju rolnictwa, na wniosek Ministra Rolnictwa i Rozwoju Wsi pani dr hab. Beata Hasi&oacute;w-Jaroszewska, cz\u0142. AMU, zosta\u0142a odznaczona Srebrnym Krzy\u017cem Zas\u0142ugi. Informacja na stronie Instytutu Ochrony Ro\u015blin &#8211; PIB &nbsp; &nbsp; &nbsp;<\/p>","protected":false},"author":2,"featured_media":125,"comment_status":"open","ping_status":"open","sticky":false,"template":"","format":"standard","meta":{"_monsterinsights_skip_tracking":false,"_monsterinsights_sitenote_active":false,"_monsterinsights_sitenote_note":"","_monsterinsights_sitenote_category":0,"footnotes":""},"categories":[4],"tags":[],"class_list":["post-126","post","type-post","status-publish","format-standard","has-post-thumbnail","hentry","category-aktualnosci"],"yoast_head":"<!-- This site is optimized with the Yoast SEO plugin v25.0 - https:\/\/yoast.com\/wordpress\/plugins\/seo\/ -->\n<title>Srebrny Krzy\u017c Zas\u0142ugi dla prof. Beaty Hasi\u00f3w-Jaroszewskiej - Akademia M\u0142odych Uczonych<\/title>\n<meta name=\"robots\" content=\"index, follow, max-snippet:-1, max-image-preview:large, max-video-preview:-1\" \/>\n<link rel=\"canonical\" href=\"https:\/\/amu.pan.pl\/en\/srebrny-krzyz-zaslugi-dla-prof-beaty-hasiow-jaroszewskiej\/\" \/>\n<meta property=\"og:locale\" content=\"en_GB\" \/>\n<meta property=\"og:type\" content=\"article\" \/>\n<meta property=\"og:title\" content=\"Srebrny Krzy\u017c Zas\u0142ugi dla prof. Beaty Hasi\u00f3w-Jaroszewskiej - Akademia M\u0142odych Uczonych\" \/>\n<meta property=\"og:description\" content=\"Postanowieniem Prezydenta RP za zas\u0142ugi w dzia\u0142alno\u015bci na rzecz rozwoju rolnictwa, na wniosek Ministra Rolnictwa i Rozwoju Wsi pani dr hab. Beata Hasi&oacute;w-Jaroszewska, cz\u0142. AMU, zosta\u0142a odznaczona Srebrnym Krzy\u017cem Zas\u0142ugi. Informacja na stronie Instytutu Ochrony Ro\u015blin &#8211; PIB &nbsp; &nbsp; &nbsp;\" \/>\n<meta property=\"og:url\" content=\"https:\/\/amu.pan.pl\/en\/srebrny-krzyz-zaslugi-dla-prof-beaty-hasiow-jaroszewskiej\/\" \/>\n<meta property=\"og:site_name\" content=\"Akademia M\u0142odych Uczonych\" \/>\n<meta property=\"article:publisher\" content=\"https:\/\/www.facebook.com\/AkademiaMlodychUczonych\/\" \/>\n<meta property=\"article:published_time\" content=\"2016-02-26T13:44:28+00:00\" \/>\n<meta property=\"og:image\" content=\"https:\/\/amu.pan.pl\/wp-content\/uploads\/2016\/02\/BHJ_odznaczenie.jpg\" \/>\n\t<meta property=\"og:image:width\" content=\"500\" \/>\n\t<meta property=\"og:image:height\" content=\"333\" \/>\n\t<meta property=\"og:image:type\" content=\"image\/jpeg\" \/>\n<meta name=\"author\" content=\"redaktor\" \/>\n<meta name=\"twitter:card\" content=\"summary_large_image\" \/>\n<meta name=\"twitter:creator\" content=\"@AMUPAN1\" \/>\n<meta name=\"twitter:site\" content=\"@AMUPAN1\" \/>\n<meta name=\"twitter:label1\" content=\"Written by\" \/>\n\t<meta name=\"twitter:data1\" content=\"redaktor\" \/>\n<script type=\"application\/ld+json\" class=\"yoast-schema-graph\">{\"@context\":\"https:\/\/schema.org\",\"@graph\":[{\"@type\":\"Article\",\"@id\":\"https:\/\/amu.pan.pl\/en\/srebrny-krzyz-zaslugi-dla-prof-beaty-hasiow-jaroszewskiej\/#article\",\"isPartOf\":{\"@id\":\"https:\/\/amu.pan.pl\/en\/srebrny-krzyz-zaslugi-dla-prof-beaty-hasiow-jaroszewskiej\/\"},\"author\":{\"name\":\"redaktor\",\"@id\":\"https:\/\/amu.pan.pl\/#\/schema\/person\/6228761cf33db76ffb28beafb9e62758\"},\"headline\":\"Srebrny Krzy\u017c Zas\u0142ugi dla prof. Beaty Hasi\u00f3w-Jaroszewskiej\",\"datePublished\":\"2016-02-26T13:44:28+00:00\",\"mainEntityOfPage\":{\"@id\":\"https:\/\/amu.pan.pl\/en\/srebrny-krzyz-zaslugi-dla-prof-beaty-hasiow-jaroszewskiej\/\"},\"wordCount\":59,\"commentCount\":0,\"publisher\":{\"@id\":\"https:\/\/amu.pan.pl\/#organization\"},\"image\":{\"@id\":\"https:\/\/amu.pan.pl\/en\/srebrny-krzyz-zaslugi-dla-prof-beaty-hasiow-jaroszewskiej\/#primaryimage\"},\"thumbnailUrl\":\"https:\/\/amu.pan.pl\/wp-content\/uploads\/2016\/02\/BHJ_odznaczenie.jpg\",\"articleSection\":[\"Aktualno\u015bci\"],\"inLanguage\":\"en-GB\",\"potentialAction\":[{\"@type\":\"CommentAction\",\"name\":\"Comment\",\"target\":[\"https:\/\/amu.pan.pl\/en\/srebrny-krzyz-zaslugi-dla-prof-beaty-hasiow-jaroszewskiej\/#respond\"]}]},{\"@type\":\"WebPage\",\"@id\":\"https:\/\/amu.pan.pl\/en\/srebrny-krzyz-zaslugi-dla-prof-beaty-hasiow-jaroszewskiej\/\",\"url\":\"https:\/\/amu.pan.pl\/en\/srebrny-krzyz-zaslugi-dla-prof-beaty-hasiow-jaroszewskiej\/\",\"name\":\"Srebrny Krzy\u017c Zas\u0142ugi dla prof. Beaty Hasi\u00f3w-Jaroszewskiej - Akademia M\u0142odych Uczonych\",\"isPartOf\":{\"@id\":\"https:\/\/amu.pan.pl\/#website\"},\"primaryImageOfPage\":{\"@id\":\"https:\/\/amu.pan.pl\/en\/srebrny-krzyz-zaslugi-dla-prof-beaty-hasiow-jaroszewskiej\/#primaryimage\"},\"image\":{\"@id\":\"https:\/\/amu.pan.pl\/en\/srebrny-krzyz-zaslugi-dla-prof-beaty-hasiow-jaroszewskiej\/#primaryimage\"},\"thumbnailUrl\":\"https:\/\/amu.pan.pl\/wp-content\/uploads\/2016\/02\/BHJ_odznaczenie.jpg\",\"datePublished\":\"2016-02-26T13:44:28+00:00\",\"breadcrumb\":{\"@id\":\"https:\/\/amu.pan.pl\/en\/srebrny-krzyz-zaslugi-dla-prof-beaty-hasiow-jaroszewskiej\/#breadcrumb\"},\"inLanguage\":\"en-GB\",\"potentialAction\":[{\"@type\":\"ReadAction\",\"target\":[\"https:\/\/amu.pan.pl\/en\/srebrny-krzyz-zaslugi-dla-prof-beaty-hasiow-jaroszewskiej\/\"]}]},{\"@type\":\"ImageObject\",\"inLanguage\":\"en-GB\",\"@id\":\"https:\/\/amu.pan.pl\/en\/srebrny-krzyz-zaslugi-dla-prof-beaty-hasiow-jaroszewskiej\/#primaryimage\",\"url\":\"https:\/\/amu.pan.pl\/wp-content\/uploads\/2016\/02\/BHJ_odznaczenie.jpg\",\"contentUrl\":\"https:\/\/amu.pan.pl\/wp-content\/uploads\/2016\/02\/BHJ_odznaczenie.jpg\",\"width\":500,\"height\":333},{\"@type\":\"BreadcrumbList\",\"@id\":\"https:\/\/amu.pan.pl\/en\/srebrny-krzyz-zaslugi-dla-prof-beaty-hasiow-jaroszewskiej\/#breadcrumb\",\"itemListElement\":[{\"@type\":\"ListItem\",\"position\":1,\"name\":\"Strona g\u0142\u00f3wna\",\"item\":\"https:\/\/amu.pan.pl\/\"},{\"@type\":\"ListItem\",\"position\":2,\"name\":\"Srebrny Krzy\u017c Zas\u0142ugi dla prof. Beaty Hasi\u00f3w-Jaroszewskiej\"}]},{\"@type\":\"WebSite\",\"@id\":\"https:\/\/amu.pan.pl\/#website\",\"url\":\"https:\/\/amu.pan.pl\/\",\"name\":\"Akademia M\u0142odych Uczonych\",\"description\":\"Polska Akademia Nauk\",\"publisher\":{\"@id\":\"https:\/\/amu.pan.pl\/#organization\"},\"potentialAction\":[{\"@type\":\"SearchAction\",\"target\":{\"@type\":\"EntryPoint\",\"urlTemplate\":\"https:\/\/amu.pan.pl\/?s={search_term_string}\"},\"query-input\":{\"@type\":\"PropertyValueSpecification\",\"valueRequired\":true,\"valueName\":\"search_term_string\"}}],\"inLanguage\":\"en-GB\"},{\"@type\":\"Organization\",\"@id\":\"https:\/\/amu.pan.pl\/#organization\",\"name\":\"Akademia M\u0142odych Uczonych\",\"url\":\"https:\/\/amu.pan.pl\/\",\"logo\":{\"@type\":\"ImageObject\",\"inLanguage\":\"en-GB\",\"@id\":\"https:\/\/amu.pan.pl\/#\/schema\/logo\/image\/\",\"url\":\"https:\/\/amu.pan.pl\/wp-content\/uploads\/2020\/08\/zz_amu.png\",\"contentUrl\":\"https:\/\/amu.pan.pl\/wp-content\/uploads\/2020\/08\/zz_amu.png\",\"width\":2794,\"height\":1016,\"caption\":\"Akademia M\u0142odych Uczonych\"},\"image\":{\"@id\":\"https:\/\/amu.pan.pl\/#\/schema\/logo\/image\/\"},\"sameAs\":[\"https:\/\/www.facebook.com\/AkademiaMlodychUczonych\/\",\"https:\/\/x.com\/AMUPAN1\"]},{\"@type\":\"Person\",\"@id\":\"https:\/\/amu.pan.pl\/#\/schema\/person\/6228761cf33db76ffb28beafb9e62758\",\"name\":\"redaktor\",\"image\":{\"@type\":\"ImageObject\",\"inLanguage\":\"en-GB\",\"@id\":\"https:\/\/amu.pan.pl\/#\/schema\/person\/image\/\",\"url\":\"https:\/\/secure.gravatar.com\/avatar\/a0599af3d5c48d4131a3e882d6a2cedfdbc82b886c803755075873f68351b8b5?s=96&d=mm&r=g\",\"contentUrl\":\"https:\/\/secure.gravatar.com\/avatar\/a0599af3d5c48d4131a3e882d6a2cedfdbc82b886c803755075873f68351b8b5?s=96&d=mm&r=g\",\"caption\":\"redaktor\"},\"url\":\"https:\/\/amu.pan.pl\/en\/author\/redaktor\/\"}]}<\/script>\n<!-- \/ Yoast SEO plugin. -->","yoast_head_json":{"title":"Srebrny Krzy\u017c Zas\u0142ugi dla prof. Beaty Hasi\u00f3w-Jaroszewskiej - Akademia M\u0142odych Uczonych","robots":{"index":"index","follow":"follow","max-snippet":"max-snippet:-1","max-image-preview":"max-image-preview:large","max-video-preview":"max-video-preview:-1"},"canonical":"https:\/\/amu.pan.pl\/en\/srebrny-krzyz-zaslugi-dla-prof-beaty-hasiow-jaroszewskiej\/","og_locale":"en_GB","og_type":"article","og_title":"Srebrny Krzy\u017c Zas\u0142ugi dla prof. Beaty Hasi\u00f3w-Jaroszewskiej - Akademia M\u0142odych Uczonych","og_description":"Postanowieniem Prezydenta RP za zas\u0142ugi w dzia\u0142alno\u015bci na rzecz rozwoju rolnictwa, na wniosek Ministra Rolnictwa i Rozwoju Wsi pani dr hab. Beata Hasi&oacute;w-Jaroszewska, cz\u0142. AMU, zosta\u0142a odznaczona Srebrnym Krzy\u017cem Zas\u0142ugi. Informacja na stronie Instytutu Ochrony Ro\u015blin &#8211; PIB &nbsp; &nbsp; &nbsp;","og_url":"https:\/\/amu.pan.pl\/en\/srebrny-krzyz-zaslugi-dla-prof-beaty-hasiow-jaroszewskiej\/","og_site_name":"Akademia M\u0142odych Uczonych","article_publisher":"https:\/\/www.facebook.com\/AkademiaMlodychUczonych\/","article_published_time":"2016-02-26T13:44:28+00:00","og_image":[{"width":500,"height":333,"url":"https:\/\/amu.pan.pl\/wp-content\/uploads\/2016\/02\/BHJ_odznaczenie.jpg","type":"image\/jpeg"}],"author":"redaktor","twitter_card":"summary_large_image","twitter_creator":"@AMUPAN1","twitter_site":"@AMUPAN1","twitter_misc":{"Written by":"redaktor"},"schema":{"@context":"https:\/\/schema.org","@graph":[{"@type":"Article","@id":"https:\/\/amu.pan.pl\/en\/srebrny-krzyz-zaslugi-dla-prof-beaty-hasiow-jaroszewskiej\/#article","isPartOf":{"@id":"https:\/\/amu.pan.pl\/en\/srebrny-krzyz-zaslugi-dla-prof-beaty-hasiow-jaroszewskiej\/"},"author":{"name":"redaktor","@id":"https:\/\/amu.pan.pl\/#\/schema\/person\/6228761cf33db76ffb28beafb9e62758"},"headline":"Srebrny Krzy\u017c Zas\u0142ugi dla prof. Beaty Hasi\u00f3w-Jaroszewskiej","datePublished":"2016-02-26T13:44:28+00:00","mainEntityOfPage":{"@id":"https:\/\/amu.pan.pl\/en\/srebrny-krzyz-zaslugi-dla-prof-beaty-hasiow-jaroszewskiej\/"},"wordCount":59,"commentCount":0,"publisher":{"@id":"https:\/\/amu.pan.pl\/#organization"},"image":{"@id":"https:\/\/amu.pan.pl\/en\/srebrny-krzyz-zaslugi-dla-prof-beaty-hasiow-jaroszewskiej\/#primaryimage"},"thumbnailUrl":"https:\/\/amu.pan.pl\/wp-content\/uploads\/2016\/02\/BHJ_odznaczenie.jpg","articleSection":["Aktualno\u015bci"],"inLanguage":"en-GB","potentialAction":[{"@type":"CommentAction","name":"Comment","target":["https:\/\/amu.pan.pl\/en\/srebrny-krzyz-zaslugi-dla-prof-beaty-hasiow-jaroszewskiej\/#respond"]}]},{"@type":"WebPage","@id":"https:\/\/amu.pan.pl\/en\/srebrny-krzyz-zaslugi-dla-prof-beaty-hasiow-jaroszewskiej\/","url":"https:\/\/amu.pan.pl\/en\/srebrny-krzyz-zaslugi-dla-prof-beaty-hasiow-jaroszewskiej\/","name":"Srebrny Krzy\u017c Zas\u0142ugi dla prof. Beaty Hasi\u00f3w-Jaroszewskiej - Akademia M\u0142odych Uczonych","isPartOf":{"@id":"https:\/\/amu.pan.pl\/#website"},"primaryImageOfPage":{"@id":"https:\/\/amu.pan.pl\/en\/srebrny-krzyz-zaslugi-dla-prof-beaty-hasiow-jaroszewskiej\/#primaryimage"},"image":{"@id":"https:\/\/amu.pan.pl\/en\/srebrny-krzyz-zaslugi-dla-prof-beaty-hasiow-jaroszewskiej\/#primaryimage"},"thumbnailUrl":"https:\/\/amu.pan.pl\/wp-content\/uploads\/2016\/02\/BHJ_odznaczenie.jpg","datePublished":"2016-02-26T13:44:28+00:00","breadcrumb":{"@id":"https:\/\/amu.pan.pl\/en\/srebrny-krzyz-zaslugi-dla-prof-beaty-hasiow-jaroszewskiej\/#breadcrumb"},"inLanguage":"en-GB","potentialAction":[{"@type":"ReadAction","target":["https:\/\/amu.pan.pl\/en\/srebrny-krzyz-zaslugi-dla-prof-beaty-hasiow-jaroszewskiej\/"]}]},{"@type":"ImageObject","inLanguage":"en-GB","@id":"https:\/\/amu.pan.pl\/en\/srebrny-krzyz-zaslugi-dla-prof-beaty-hasiow-jaroszewskiej\/#primaryimage","url":"https:\/\/amu.pan.pl\/wp-content\/uploads\/2016\/02\/BHJ_odznaczenie.jpg","contentUrl":"https:\/\/amu.pan.pl\/wp-content\/uploads\/2016\/02\/BHJ_odznaczenie.jpg","width":500,"height":333},{"@type":"BreadcrumbList","@id":"https:\/\/amu.pan.pl\/en\/srebrny-krzyz-zaslugi-dla-prof-beaty-hasiow-jaroszewskiej\/#breadcrumb","itemListElement":[{"@type":"ListItem","position":1,"name":"Strona g\u0142\u00f3wna","item":"https:\/\/amu.pan.pl\/"},{"@type":"ListItem","position":2,"name":"Srebrny Krzy\u017c Zas\u0142ugi dla prof. Beaty Hasi\u00f3w-Jaroszewskiej"}]},{"@type":"WebSite","@id":"https:\/\/amu.pan.pl\/#website","url":"https:\/\/amu.pan.pl\/","name":"Akademia M\u0142odych Uczonych","description":"Polska Akademia Nauk","publisher":{"@id":"https:\/\/amu.pan.pl\/#organization"},"potentialAction":[{"@type":"SearchAction","target":{"@type":"EntryPoint","urlTemplate":"https:\/\/amu.pan.pl\/?s={search_term_string}"},"query-input":{"@type":"PropertyValueSpecification","valueRequired":true,"valueName":"search_term_string"}}],"inLanguage":"en-GB"},{"@type":"Organization","@id":"https:\/\/amu.pan.pl\/#organization","name":"Akademia M\u0142odych Uczonych","url":"https:\/\/amu.pan.pl\/","logo":{"@type":"ImageObject","inLanguage":"en-GB","@id":"https:\/\/amu.pan.pl\/#\/schema\/logo\/image\/","url":"https:\/\/amu.pan.pl\/wp-content\/uploads\/2020\/08\/zz_amu.png","contentUrl":"https:\/\/amu.pan.pl\/wp-content\/uploads\/2020\/08\/zz_amu.png","width":2794,"height":1016,"caption":"Akademia M\u0142odych Uczonych"},"image":{"@id":"https:\/\/amu.pan.pl\/#\/schema\/logo\/image\/"},"sameAs":["https:\/\/www.facebook.com\/AkademiaMlodychUczonych\/","https:\/\/x.com\/AMUPAN1"]},{"@type":"Person","@id":"https:\/\/amu.pan.pl\/#\/schema\/person\/6228761cf33db76ffb28beafb9e62758","name":"redaktor","image":{"@type":"ImageObject","inLanguage":"en-GB","@id":"https:\/\/amu.pan.pl\/#\/schema\/person\/image\/","url":"https:\/\/secure.gravatar.com\/avatar\/a0599af3d5c48d4131a3e882d6a2cedfdbc82b886c803755075873f68351b8b5?s=96&d=mm&r=g","contentUrl":"https:\/\/secure.gravatar.com\/avatar\/a0599af3d5c48d4131a3e882d6a2cedfdbc82b886c803755075873f68351b8b5?s=96&d=mm&r=g","caption":"redaktor"},"url":"https:\/\/amu.pan.pl\/en\/author\/redaktor\/"}]}},"_links":{"self":[{"href":"https:\/\/amu.pan.pl\/en\/wp-json\/wp\/v2\/posts\/126","targetHints":{"allow":["GET"]}}],"collection":[{"href":"https:\/\/amu.pan.pl\/en\/wp-json\/wp\/v2\/posts"}],"about":[{"href":"https:\/\/amu.pan.pl\/en\/wp-json\/wp\/v2\/types\/post"}],"author":[{"embeddable":true,"href":"https:\/\/amu.pan.pl\/en\/wp-json\/wp\/v2\/users\/2"}],"replies":[{"embeddable":true,"href":"https:\/\/amu.pan.pl\/en\/wp-json\/wp\/v2\/comments?post=126"}],"version-history":[{"count":0,"href":"https:\/\/amu.pan.pl\/en\/wp-json\/wp\/v2\/posts\/126\/revisions"}],"wp:featuredmedia":[{"embeddable":true,"href":"https:\/\/amu.pan.pl\/en\/wp-json\/wp\/v2\/media\/125"}],"wp:attachment":[{"href":"https:\/\/amu.pan.pl\/en\/wp-json\/wp\/v2\/media?parent=126"}],"wp:term":[{"taxonomy":"category","embeddable":true,"href":"https:\/\/amu.pan.pl\/en\/wp-json\/wp\/v2\/categories?post=126"},{"taxonomy":"post_tag","embeddable":true,"href":"https:\/\/amu.pan.pl\/en\/wp-json\/wp\/v2\/tags?post=126"}],"curies":[{"name":"wp","href":"https:\/\/api.w.org\/{rel}","templated":true}]}}