{"id":135,"date":"2016-03-08T13:41:20","date_gmt":"2016-03-08T12:41:20","guid":{"rendered":"https:\/\/amu.pan.pl\/test\/2016\/03\/08\/akademia-mlodych-uczonych-na-obchodach-jubileuszu-5-lecia-ncn\/"},"modified":"2016-03-08T13:41:20","modified_gmt":"2016-03-08T12:41:20","slug":"akademia-mlodych-uczonych-na-obchodach-jubileuszu-5-lecia-ncn","status":"publish","type":"post","link":"https:\/\/amu.pan.pl\/en\/akademia-mlodych-uczonych-na-obchodach-jubileuszu-5-lecia-ncn\/","title":{"rendered":"Akademia M\u0142odych Uczonych na obchodach jubileuszu 5-lecia NCN"},"content":{"rendered":"<p style=\"text-align: center;\"><img decoding=\"async\" class=\"size-full wp-image-134\" src=\"https:\/\/amu.pan.pl\/wp-content\/uploads\/2016\/03\/5latNCN.png\" alt=\"\" width=\"500\" height=\"71\" srcset=\"https:\/\/amu.pan.pl\/wp-content\/uploads\/2016\/03\/5latNCN.png 500w, https:\/\/amu.pan.pl\/wp-content\/uploads\/2016\/03\/5latNCN-300x43.png 300w\" sizes=\"(max-width: 500px) 100vw, 500px\" \/><\/p>\n<p>Przewodnicz\u0105cy Akademii M\u0142odych Uczonych, dr hab. Jakub Fichna, prof. UMed, Zast\u0119pca przewodnicz\u0105cego AMU dr hab. Micha\u0142 Wierzcho\u0144 oraz cz\u0142onkowie Akademii: dr hab. Katarzyna Marciniak, prof. UW, dr hab. Izabela Szczerbal, dr hab. Micha\u0142 Chmielewski i dr S\u0142awomir Dinew wzi\u0119li udzia\u0142 w obchodach 5-lecia inauguracji dzia\u0142alno\u015bci Narodowego Centrum Nauki. Uroczysto\u015bci podzielone zosta\u0142y na cz\u0119\u015b\u0107 warsztatow\u0105,&nbsp; po\u015bwi\u0119con\u0105 tematyce skutecznego ubiegania si\u0119 o finansowanie w ramach program&oacute;w Europejskiej Rady ds. Bada\u0144 Naukowych (ERC) zorganizowan\u0105 wsp&oacute;lnie przez NCN i ERC oraz wieczorn\u0105 gal\u0119 w Teatrze im. Juliusza S\u0142owackiego w Krakowie. W jej trakcie podsumowano dotychczasow\u0105 dzia\u0142alno\u015b\u0107 NCN oraz zaprezentowano sylwetki dziesi\u0119ciu wybranych naukowc&oacute;w, kt&oacute;rzy swoje badania realizuj\u0105 w ramach konkurs&oacute;w organizowanych przez Centrum.<\/p>\n<p><a href=\"https:\/\/ncn.gov.pl\/2016-03-07-obchody-jubileuszu-5-lecia-ncn-juz-za-nami\" target=\"_blank\" rel=\"noopener noreferrer\">Wi\u0119cej informacji o obchodach jubileuszu 5-lecia NCN<\/a><\/p>","protected":false},"excerpt":{"rendered":"<p>Przewodnicz\u0105cy Akademii M\u0142odych Uczonych, dr hab. Jakub Fichna, prof. UMed, Zast\u0119pca przewodnicz\u0105cego AMU dr hab. Micha\u0142 Wierzcho\u0144 oraz cz\u0142onkowie Akademii: dr hab. Katarzyna Marciniak, prof. UW, dr hab. Izabela Szczerbal, dr hab. Micha\u0142 Chmielewski i dr S\u0142awomir Dinew wzi\u0119li udzia\u0142 w obchodach 5-lecia inauguracji dzia\u0142alno\u015bci Narodowego Centrum Nauki. Uroczysto\u015bci podzielone zosta\u0142y na cz\u0119\u015b\u0107 warsztatow\u0105,&nbsp; po\u015bwi\u0119con\u0105 [&hellip;]<\/p>","protected":false},"author":2,"featured_media":134,"comment_status":"open","ping_status":"open","sticky":false,"template":"","format":"standard","meta":{"_monsterinsights_skip_tracking":false,"_monsterinsights_sitenote_active":false,"_monsterinsights_sitenote_note":"","_monsterinsights_sitenote_category":0,"footnotes":""},"categories":[4],"tags":[],"class_list":["post-135","post","type-post","status-publish","format-standard","has-post-thumbnail","hentry","category-aktualnosci"],"yoast_head":"<!-- This site is optimized with the Yoast SEO plugin v25.0 - https:\/\/yoast.com\/wordpress\/plugins\/seo\/ -->\n<title>Akademia M\u0142odych Uczonych na obchodach jubileuszu 5-lecia NCN - Akademia M\u0142odych Uczonych<\/title>\n<meta name=\"robots\" content=\"index, follow, max-snippet:-1, max-image-preview:large, max-video-preview:-1\" \/>\n<link rel=\"canonical\" href=\"https:\/\/amu.pan.pl\/en\/akademia-mlodych-uczonych-na-obchodach-jubileuszu-5-lecia-ncn\/\" \/>\n<meta property=\"og:locale\" content=\"en_GB\" \/>\n<meta property=\"og:type\" content=\"article\" \/>\n<meta property=\"og:title\" content=\"Akademia M\u0142odych Uczonych na obchodach jubileuszu 5-lecia NCN - Akademia M\u0142odych Uczonych\" \/>\n<meta property=\"og:description\" content=\"Przewodnicz\u0105cy Akademii M\u0142odych Uczonych, dr hab. Jakub Fichna, prof. UMed, Zast\u0119pca przewodnicz\u0105cego AMU dr hab. Micha\u0142 Wierzcho\u0144 oraz cz\u0142onkowie Akademii: dr hab. Katarzyna Marciniak, prof. UW, dr hab. Izabela Szczerbal, dr hab. Micha\u0142 Chmielewski i dr S\u0142awomir Dinew wzi\u0119li udzia\u0142 w obchodach 5-lecia inauguracji dzia\u0142alno\u015bci Narodowego Centrum Nauki. Uroczysto\u015bci podzielone zosta\u0142y na cz\u0119\u015b\u0107 warsztatow\u0105,&nbsp; po\u015bwi\u0119con\u0105 [&hellip;]\" \/>\n<meta property=\"og:url\" content=\"https:\/\/amu.pan.pl\/en\/akademia-mlodych-uczonych-na-obchodach-jubileuszu-5-lecia-ncn\/\" \/>\n<meta property=\"og:site_name\" content=\"Akademia M\u0142odych Uczonych\" \/>\n<meta property=\"article:publisher\" content=\"https:\/\/www.facebook.com\/AkademiaMlodychUczonych\/\" \/>\n<meta property=\"article:published_time\" content=\"2016-03-08T12:41:20+00:00\" \/>\n<meta property=\"og:image\" content=\"https:\/\/amu.pan.pl\/wp-content\/uploads\/2016\/03\/5latNCN.png\" \/>\n\t<meta property=\"og:image:width\" content=\"500\" \/>\n\t<meta property=\"og:image:height\" content=\"71\" \/>\n\t<meta property=\"og:image:type\" content=\"image\/png\" \/>\n<meta name=\"author\" content=\"redaktor\" \/>\n<meta name=\"twitter:card\" content=\"summary_large_image\" \/>\n<meta name=\"twitter:creator\" content=\"@AMUPAN1\" \/>\n<meta name=\"twitter:site\" content=\"@AMUPAN1\" \/>\n<meta name=\"twitter:label1\" content=\"Written by\" \/>\n\t<meta name=\"twitter:data1\" content=\"redaktor\" \/>\n\t<meta name=\"twitter:label2\" content=\"Estimated reading time\" \/>\n\t<meta name=\"twitter:data2\" content=\"1 minute\" \/>\n<script type=\"application\/ld+json\" class=\"yoast-schema-graph\">{\"@context\":\"https:\/\/schema.org\",\"@graph\":[{\"@type\":\"Article\",\"@id\":\"https:\/\/amu.pan.pl\/en\/akademia-mlodych-uczonych-na-obchodach-jubileuszu-5-lecia-ncn\/#article\",\"isPartOf\":{\"@id\":\"https:\/\/amu.pan.pl\/en\/akademia-mlodych-uczonych-na-obchodach-jubileuszu-5-lecia-ncn\/\"},\"author\":{\"name\":\"redaktor\",\"@id\":\"https:\/\/amu.pan.pl\/#\/schema\/person\/6228761cf33db76ffb28beafb9e62758\"},\"headline\":\"Akademia M\u0142odych Uczonych na obchodach jubileuszu 5-lecia NCN\",\"datePublished\":\"2016-03-08T12:41:20+00:00\",\"mainEntityOfPage\":{\"@id\":\"https:\/\/amu.pan.pl\/en\/akademia-mlodych-uczonych-na-obchodach-jubileuszu-5-lecia-ncn\/\"},\"wordCount\":153,\"commentCount\":0,\"publisher\":{\"@id\":\"https:\/\/amu.pan.pl\/#organization\"},\"image\":{\"@id\":\"https:\/\/amu.pan.pl\/en\/akademia-mlodych-uczonych-na-obchodach-jubileuszu-5-lecia-ncn\/#primaryimage\"},\"thumbnailUrl\":\"https:\/\/amu.pan.pl\/wp-content\/uploads\/2016\/03\/5latNCN.png\",\"articleSection\":[\"Aktualno\u015bci\"],\"inLanguage\":\"en-GB\",\"potentialAction\":[{\"@type\":\"CommentAction\",\"name\":\"Comment\",\"target\":[\"https:\/\/amu.pan.pl\/en\/akademia-mlodych-uczonych-na-obchodach-jubileuszu-5-lecia-ncn\/#respond\"]}]},{\"@type\":\"WebPage\",\"@id\":\"https:\/\/amu.pan.pl\/en\/akademia-mlodych-uczonych-na-obchodach-jubileuszu-5-lecia-ncn\/\",\"url\":\"https:\/\/amu.pan.pl\/en\/akademia-mlodych-uczonych-na-obchodach-jubileuszu-5-lecia-ncn\/\",\"name\":\"Akademia M\u0142odych Uczonych na obchodach jubileuszu 5-lecia NCN - Akademia M\u0142odych Uczonych\",\"isPartOf\":{\"@id\":\"https:\/\/amu.pan.pl\/#website\"},\"primaryImageOfPage\":{\"@id\":\"https:\/\/amu.pan.pl\/en\/akademia-mlodych-uczonych-na-obchodach-jubileuszu-5-lecia-ncn\/#primaryimage\"},\"image\":{\"@id\":\"https:\/\/amu.pan.pl\/en\/akademia-mlodych-uczonych-na-obchodach-jubileuszu-5-lecia-ncn\/#primaryimage\"},\"thumbnailUrl\":\"https:\/\/amu.pan.pl\/wp-content\/uploads\/2016\/03\/5latNCN.png\",\"datePublished\":\"2016-03-08T12:41:20+00:00\",\"breadcrumb\":{\"@id\":\"https:\/\/amu.pan.pl\/en\/akademia-mlodych-uczonych-na-obchodach-jubileuszu-5-lecia-ncn\/#breadcrumb\"},\"inLanguage\":\"en-GB\",\"potentialAction\":[{\"@type\":\"ReadAction\",\"target\":[\"https:\/\/amu.pan.pl\/en\/akademia-mlodych-uczonych-na-obchodach-jubileuszu-5-lecia-ncn\/\"]}]},{\"@type\":\"ImageObject\",\"inLanguage\":\"en-GB\",\"@id\":\"https:\/\/amu.pan.pl\/en\/akademia-mlodych-uczonych-na-obchodach-jubileuszu-5-lecia-ncn\/#primaryimage\",\"url\":\"https:\/\/amu.pan.pl\/wp-content\/uploads\/2016\/03\/5latNCN.png\",\"contentUrl\":\"https:\/\/amu.pan.pl\/wp-content\/uploads\/2016\/03\/5latNCN.png\",\"width\":500,\"height\":71},{\"@type\":\"BreadcrumbList\",\"@id\":\"https:\/\/amu.pan.pl\/en\/akademia-mlodych-uczonych-na-obchodach-jubileuszu-5-lecia-ncn\/#breadcrumb\",\"itemListElement\":[{\"@type\":\"ListItem\",\"position\":1,\"name\":\"Strona g\u0142\u00f3wna\",\"item\":\"https:\/\/amu.pan.pl\/\"},{\"@type\":\"ListItem\",\"position\":2,\"name\":\"Akademia M\u0142odych Uczonych na obchodach jubileuszu 5-lecia NCN\"}]},{\"@type\":\"WebSite\",\"@id\":\"https:\/\/amu.pan.pl\/#website\",\"url\":\"https:\/\/amu.pan.pl\/\",\"name\":\"Akademia M\u0142odych Uczonych\",\"description\":\"Polska Akademia Nauk\",\"publisher\":{\"@id\":\"https:\/\/amu.pan.pl\/#organization\"},\"potentialAction\":[{\"@type\":\"SearchAction\",\"target\":{\"@type\":\"EntryPoint\",\"urlTemplate\":\"https:\/\/amu.pan.pl\/?s={search_term_string}\"},\"query-input\":{\"@type\":\"PropertyValueSpecification\",\"valueRequired\":true,\"valueName\":\"search_term_string\"}}],\"inLanguage\":\"en-GB\"},{\"@type\":\"Organization\",\"@id\":\"https:\/\/amu.pan.pl\/#organization\",\"name\":\"Akademia M\u0142odych Uczonych\",\"url\":\"https:\/\/amu.pan.pl\/\",\"logo\":{\"@type\":\"ImageObject\",\"inLanguage\":\"en-GB\",\"@id\":\"https:\/\/amu.pan.pl\/#\/schema\/logo\/image\/\",\"url\":\"https:\/\/amu.pan.pl\/wp-content\/uploads\/2020\/08\/zz_amu.png\",\"contentUrl\":\"https:\/\/amu.pan.pl\/wp-content\/uploads\/2020\/08\/zz_amu.png\",\"width\":2794,\"height\":1016,\"caption\":\"Akademia M\u0142odych Uczonych\"},\"image\":{\"@id\":\"https:\/\/amu.pan.pl\/#\/schema\/logo\/image\/\"},\"sameAs\":[\"https:\/\/www.facebook.com\/AkademiaMlodychUczonych\/\",\"https:\/\/x.com\/AMUPAN1\"]},{\"@type\":\"Person\",\"@id\":\"https:\/\/amu.pan.pl\/#\/schema\/person\/6228761cf33db76ffb28beafb9e62758\",\"name\":\"redaktor\",\"image\":{\"@type\":\"ImageObject\",\"inLanguage\":\"en-GB\",\"@id\":\"https:\/\/amu.pan.pl\/#\/schema\/person\/image\/\",\"url\":\"https:\/\/secure.gravatar.com\/avatar\/a0599af3d5c48d4131a3e882d6a2cedfdbc82b886c803755075873f68351b8b5?s=96&d=mm&r=g\",\"contentUrl\":\"https:\/\/secure.gravatar.com\/avatar\/a0599af3d5c48d4131a3e882d6a2cedfdbc82b886c803755075873f68351b8b5?s=96&d=mm&r=g\",\"caption\":\"redaktor\"},\"url\":\"https:\/\/amu.pan.pl\/en\/author\/redaktor\/\"}]}<\/script>\n<!-- \/ Yoast SEO plugin. -->","yoast_head_json":{"title":"Akademia M\u0142odych Uczonych na obchodach jubileuszu 5-lecia NCN - Akademia M\u0142odych Uczonych","robots":{"index":"index","follow":"follow","max-snippet":"max-snippet:-1","max-image-preview":"max-image-preview:large","max-video-preview":"max-video-preview:-1"},"canonical":"https:\/\/amu.pan.pl\/en\/akademia-mlodych-uczonych-na-obchodach-jubileuszu-5-lecia-ncn\/","og_locale":"en_GB","og_type":"article","og_title":"Akademia M\u0142odych Uczonych na obchodach jubileuszu 5-lecia NCN - Akademia M\u0142odych Uczonych","og_description":"Przewodnicz\u0105cy Akademii M\u0142odych Uczonych, dr hab. Jakub Fichna, prof. UMed, Zast\u0119pca przewodnicz\u0105cego AMU dr hab. Micha\u0142 Wierzcho\u0144 oraz cz\u0142onkowie Akademii: dr hab. Katarzyna Marciniak, prof. UW, dr hab. Izabela Szczerbal, dr hab. Micha\u0142 Chmielewski i dr S\u0142awomir Dinew wzi\u0119li udzia\u0142 w obchodach 5-lecia inauguracji dzia\u0142alno\u015bci Narodowego Centrum Nauki. Uroczysto\u015bci podzielone zosta\u0142y na cz\u0119\u015b\u0107 warsztatow\u0105,&nbsp; po\u015bwi\u0119con\u0105 [&hellip;]","og_url":"https:\/\/amu.pan.pl\/en\/akademia-mlodych-uczonych-na-obchodach-jubileuszu-5-lecia-ncn\/","og_site_name":"Akademia M\u0142odych Uczonych","article_publisher":"https:\/\/www.facebook.com\/AkademiaMlodychUczonych\/","article_published_time":"2016-03-08T12:41:20+00:00","og_image":[{"width":500,"height":71,"url":"https:\/\/amu.pan.pl\/wp-content\/uploads\/2016\/03\/5latNCN.png","type":"image\/png"}],"author":"redaktor","twitter_card":"summary_large_image","twitter_creator":"@AMUPAN1","twitter_site":"@AMUPAN1","twitter_misc":{"Written by":"redaktor","Estimated reading time":"1 minute"},"schema":{"@context":"https:\/\/schema.org","@graph":[{"@type":"Article","@id":"https:\/\/amu.pan.pl\/en\/akademia-mlodych-uczonych-na-obchodach-jubileuszu-5-lecia-ncn\/#article","isPartOf":{"@id":"https:\/\/amu.pan.pl\/en\/akademia-mlodych-uczonych-na-obchodach-jubileuszu-5-lecia-ncn\/"},"author":{"name":"redaktor","@id":"https:\/\/amu.pan.pl\/#\/schema\/person\/6228761cf33db76ffb28beafb9e62758"},"headline":"Akademia M\u0142odych Uczonych na obchodach jubileuszu 5-lecia NCN","datePublished":"2016-03-08T12:41:20+00:00","mainEntityOfPage":{"@id":"https:\/\/amu.pan.pl\/en\/akademia-mlodych-uczonych-na-obchodach-jubileuszu-5-lecia-ncn\/"},"wordCount":153,"commentCount":0,"publisher":{"@id":"https:\/\/amu.pan.pl\/#organization"},"image":{"@id":"https:\/\/amu.pan.pl\/en\/akademia-mlodych-uczonych-na-obchodach-jubileuszu-5-lecia-ncn\/#primaryimage"},"thumbnailUrl":"https:\/\/amu.pan.pl\/wp-content\/uploads\/2016\/03\/5latNCN.png","articleSection":["Aktualno\u015bci"],"inLanguage":"en-GB","potentialAction":[{"@type":"CommentAction","name":"Comment","target":["https:\/\/amu.pan.pl\/en\/akademia-mlodych-uczonych-na-obchodach-jubileuszu-5-lecia-ncn\/#respond"]}]},{"@type":"WebPage","@id":"https:\/\/amu.pan.pl\/en\/akademia-mlodych-uczonych-na-obchodach-jubileuszu-5-lecia-ncn\/","url":"https:\/\/amu.pan.pl\/en\/akademia-mlodych-uczonych-na-obchodach-jubileuszu-5-lecia-ncn\/","name":"Akademia M\u0142odych Uczonych na obchodach jubileuszu 5-lecia NCN - Akademia M\u0142odych Uczonych","isPartOf":{"@id":"https:\/\/amu.pan.pl\/#website"},"primaryImageOfPage":{"@id":"https:\/\/amu.pan.pl\/en\/akademia-mlodych-uczonych-na-obchodach-jubileuszu-5-lecia-ncn\/#primaryimage"},"image":{"@id":"https:\/\/amu.pan.pl\/en\/akademia-mlodych-uczonych-na-obchodach-jubileuszu-5-lecia-ncn\/#primaryimage"},"thumbnailUrl":"https:\/\/amu.pan.pl\/wp-content\/uploads\/2016\/03\/5latNCN.png","datePublished":"2016-03-08T12:41:20+00:00","breadcrumb":{"@id":"https:\/\/amu.pan.pl\/en\/akademia-mlodych-uczonych-na-obchodach-jubileuszu-5-lecia-ncn\/#breadcrumb"},"inLanguage":"en-GB","potentialAction":[{"@type":"ReadAction","target":["https:\/\/amu.pan.pl\/en\/akademia-mlodych-uczonych-na-obchodach-jubileuszu-5-lecia-ncn\/"]}]},{"@type":"ImageObject","inLanguage":"en-GB","@id":"https:\/\/amu.pan.pl\/en\/akademia-mlodych-uczonych-na-obchodach-jubileuszu-5-lecia-ncn\/#primaryimage","url":"https:\/\/amu.pan.pl\/wp-content\/uploads\/2016\/03\/5latNCN.png","contentUrl":"https:\/\/amu.pan.pl\/wp-content\/uploads\/2016\/03\/5latNCN.png","width":500,"height":71},{"@type":"BreadcrumbList","@id":"https:\/\/amu.pan.pl\/en\/akademia-mlodych-uczonych-na-obchodach-jubileuszu-5-lecia-ncn\/#breadcrumb","itemListElement":[{"@type":"ListItem","position":1,"name":"Strona g\u0142\u00f3wna","item":"https:\/\/amu.pan.pl\/"},{"@type":"ListItem","position":2,"name":"Akademia M\u0142odych Uczonych na obchodach jubileuszu 5-lecia NCN"}]},{"@type":"WebSite","@id":"https:\/\/amu.pan.pl\/#website","url":"https:\/\/amu.pan.pl\/","name":"Akademia M\u0142odych Uczonych","description":"Polska Akademia Nauk","publisher":{"@id":"https:\/\/amu.pan.pl\/#organization"},"potentialAction":[{"@type":"SearchAction","target":{"@type":"EntryPoint","urlTemplate":"https:\/\/amu.pan.pl\/?s={search_term_string}"},"query-input":{"@type":"PropertyValueSpecification","valueRequired":true,"valueName":"search_term_string"}}],"inLanguage":"en-GB"},{"@type":"Organization","@id":"https:\/\/amu.pan.pl\/#organization","name":"Akademia M\u0142odych Uczonych","url":"https:\/\/amu.pan.pl\/","logo":{"@type":"ImageObject","inLanguage":"en-GB","@id":"https:\/\/amu.pan.pl\/#\/schema\/logo\/image\/","url":"https:\/\/amu.pan.pl\/wp-content\/uploads\/2020\/08\/zz_amu.png","contentUrl":"https:\/\/amu.pan.pl\/wp-content\/uploads\/2020\/08\/zz_amu.png","width":2794,"height":1016,"caption":"Akademia M\u0142odych Uczonych"},"image":{"@id":"https:\/\/amu.pan.pl\/#\/schema\/logo\/image\/"},"sameAs":["https:\/\/www.facebook.com\/AkademiaMlodychUczonych\/","https:\/\/x.com\/AMUPAN1"]},{"@type":"Person","@id":"https:\/\/amu.pan.pl\/#\/schema\/person\/6228761cf33db76ffb28beafb9e62758","name":"redaktor","image":{"@type":"ImageObject","inLanguage":"en-GB","@id":"https:\/\/amu.pan.pl\/#\/schema\/person\/image\/","url":"https:\/\/secure.gravatar.com\/avatar\/a0599af3d5c48d4131a3e882d6a2cedfdbc82b886c803755075873f68351b8b5?s=96&d=mm&r=g","contentUrl":"https:\/\/secure.gravatar.com\/avatar\/a0599af3d5c48d4131a3e882d6a2cedfdbc82b886c803755075873f68351b8b5?s=96&d=mm&r=g","caption":"redaktor"},"url":"https:\/\/amu.pan.pl\/en\/author\/redaktor\/"}]}},"_links":{"self":[{"href":"https:\/\/amu.pan.pl\/en\/wp-json\/wp\/v2\/posts\/135","targetHints":{"allow":["GET"]}}],"collection":[{"href":"https:\/\/amu.pan.pl\/en\/wp-json\/wp\/v2\/posts"}],"about":[{"href":"https:\/\/amu.pan.pl\/en\/wp-json\/wp\/v2\/types\/post"}],"author":[{"embeddable":true,"href":"https:\/\/amu.pan.pl\/en\/wp-json\/wp\/v2\/users\/2"}],"replies":[{"embeddable":true,"href":"https:\/\/amu.pan.pl\/en\/wp-json\/wp\/v2\/comments?post=135"}],"version-history":[{"count":0,"href":"https:\/\/amu.pan.pl\/en\/wp-json\/wp\/v2\/posts\/135\/revisions"}],"wp:featuredmedia":[{"embeddable":true,"href":"https:\/\/amu.pan.pl\/en\/wp-json\/wp\/v2\/media\/134"}],"wp:attachment":[{"href":"https:\/\/amu.pan.pl\/en\/wp-json\/wp\/v2\/media?parent=135"}],"wp:term":[{"taxonomy":"category","embeddable":true,"href":"https:\/\/amu.pan.pl\/en\/wp-json\/wp\/v2\/categories?post=135"},{"taxonomy":"post_tag","embeddable":true,"href":"https:\/\/amu.pan.pl\/en\/wp-json\/wp\/v2\/tags?post=135"}],"curies":[{"name":"wp","href":"https:\/\/api.w.org\/{rel}","templated":true}]}}