{"id":137,"date":"2016-03-14T11:50:27","date_gmt":"2016-03-14T10:50:27","guid":{"rendered":"https:\/\/amu.pan.pl\/test\/2016\/03\/14\/konferencja-polish-scientific-networks-nabor-zgloszen-do-ii-edycji\/"},"modified":"2016-03-14T11:50:27","modified_gmt":"2016-03-14T10:50:27","slug":"konferencja-polish-scientific-networks-nabor-zgloszen-do-ii-edycji","status":"publish","type":"post","link":"https:\/\/amu.pan.pl\/en\/konferencja-polish-scientific-networks-nabor-zgloszen-do-ii-edycji\/","title":{"rendered":"Konferencja Polish Scientific Networks \u2013 nab\u00f3r zg\u0142osze\u0144 do II edycji"},"content":{"rendered":"<p><img fetchpriority=\"high\" decoding=\"async\" class=\"size-full wp-image-136\" src=\"https:\/\/amu.pan.pl\/wp-content\/uploads\/2016\/03\/psn_fb-03_mini.png\" alt=\"\" style=\"margin-right: auto; margin-left: auto; display: block;\" width=\"540\" height=\"200\" srcset=\"https:\/\/amu.pan.pl\/wp-content\/uploads\/2016\/03\/psn_fb-03_mini.png 540w, https:\/\/amu.pan.pl\/wp-content\/uploads\/2016\/03\/psn_fb-03_mini-300x111.png 300w\" sizes=\"(max-width: 540px) 100vw, 540px\" \/><\/p>\n<p><strong>Terminy:<\/strong> nab&oacute;r zg\u0142osze\u0144 od 15 marca do 10 maja; konferencja potrwa od 30 czerwca do 2 lipca 2016 r.<\/p>\n<p><strong>Lokalizacja<\/strong>: Wroc\u0142aw, Wroc\u0142awskie Centrum Bada\u0144 EIT+<\/p>\n<p>Polish Scientific Networks: Science and Business to spotkanie polskich naukowc&oacute;w, pracuj\u0105cych w kraju i za granic\u0105. Tegoroczna edycja po\u015bwi\u0119cona zostanie wsp&oacute;\u0142pracy nauki z biznesem.<\/p>\n<p>Osoby zainteresowane udzia\u0142em na konferencji, mog\u0105 nadsy\u0142a\u0107 zg\u0142oszenia do 29 kwietnia. Spo\u015br&oacute;d wszystkich propozycji komitet programowy wybierze najciekawsze. Na konferencji zaprezentowanych zostanie 16 wyst\u0105pie\u0144 i 80 plakat&oacute;w.<\/p>\n<p>Organizatorami konferencji s\u0105 Ministerstwo Nauki i Szkolnictwa Wy\u017cszego, Akademia M\u0142odych Uczonych PAN i Klub Stypendyst&oacute;w Fundacji na rzecz Nauki Polskiej.<\/p>\n<p>strona konferencji: <a href=\"http:\/\/www.polishscientificnetworks.pl\/\">www.polishscientificnetworks.pl\/<\/a><\/p>","protected":false},"excerpt":{"rendered":"<p>Terminy: nab&oacute;r zg\u0142osze\u0144 od 15 marca do 10 maja; konferencja potrwa od 30 czerwca do 2 lipca 2016 r. Lokalizacja: Wroc\u0142aw, Wroc\u0142awskie Centrum Bada\u0144 EIT+ Polish Scientific Networks: Science and Business to spotkanie polskich naukowc&oacute;w, pracuj\u0105cych w kraju i za granic\u0105. Tegoroczna edycja po\u015bwi\u0119cona zostanie wsp&oacute;\u0142pracy nauki z biznesem. Osoby zainteresowane udzia\u0142em na konferencji, mog\u0105 [&hellip;]<\/p>","protected":false},"author":2,"featured_media":136,"comment_status":"open","ping_status":"open","sticky":false,"template":"","format":"standard","meta":{"_monsterinsights_skip_tracking":false,"_monsterinsights_sitenote_active":false,"_monsterinsights_sitenote_note":"","_monsterinsights_sitenote_category":0,"footnotes":""},"categories":[4],"tags":[],"class_list":["post-137","post","type-post","status-publish","format-standard","has-post-thumbnail","hentry","category-aktualnosci"],"yoast_head":"<!-- This site is optimized with the Yoast SEO plugin v25.0 - https:\/\/yoast.com\/wordpress\/plugins\/seo\/ -->\n<title>Konferencja Polish Scientific Networks \u2013 nab\u00f3r zg\u0142osze\u0144 do II edycji - Akademia M\u0142odych Uczonych<\/title>\n<meta name=\"robots\" content=\"index, follow, max-snippet:-1, max-image-preview:large, max-video-preview:-1\" \/>\n<link rel=\"canonical\" href=\"https:\/\/amu.pan.pl\/en\/konferencja-polish-scientific-networks-nabor-zgloszen-do-ii-edycji\/\" \/>\n<meta property=\"og:locale\" content=\"en_GB\" \/>\n<meta property=\"og:type\" content=\"article\" \/>\n<meta property=\"og:title\" content=\"Konferencja Polish Scientific Networks \u2013 nab\u00f3r zg\u0142osze\u0144 do II edycji - Akademia M\u0142odych Uczonych\" \/>\n<meta property=\"og:description\" content=\"Terminy: nab&oacute;r zg\u0142osze\u0144 od 15 marca do 10 maja; konferencja potrwa od 30 czerwca do 2 lipca 2016 r. Lokalizacja: Wroc\u0142aw, Wroc\u0142awskie Centrum Bada\u0144 EIT+ Polish Scientific Networks: Science and Business to spotkanie polskich naukowc&oacute;w, pracuj\u0105cych w kraju i za granic\u0105. Tegoroczna edycja po\u015bwi\u0119cona zostanie wsp&oacute;\u0142pracy nauki z biznesem. Osoby zainteresowane udzia\u0142em na konferencji, mog\u0105 [&hellip;]\" \/>\n<meta property=\"og:url\" content=\"https:\/\/amu.pan.pl\/en\/konferencja-polish-scientific-networks-nabor-zgloszen-do-ii-edycji\/\" \/>\n<meta property=\"og:site_name\" content=\"Akademia M\u0142odych Uczonych\" \/>\n<meta property=\"article:publisher\" content=\"https:\/\/www.facebook.com\/AkademiaMlodychUczonych\/\" \/>\n<meta property=\"article:published_time\" content=\"2016-03-14T10:50:27+00:00\" \/>\n<meta property=\"og:image\" content=\"https:\/\/amu.pan.pl\/wp-content\/uploads\/2016\/03\/psn_fb-03_mini.png\" \/>\n\t<meta property=\"og:image:width\" content=\"540\" \/>\n\t<meta property=\"og:image:height\" content=\"200\" \/>\n\t<meta property=\"og:image:type\" content=\"image\/png\" \/>\n<meta name=\"author\" content=\"redaktor\" \/>\n<meta name=\"twitter:card\" content=\"summary_large_image\" \/>\n<meta name=\"twitter:creator\" content=\"@AMUPAN1\" \/>\n<meta name=\"twitter:site\" content=\"@AMUPAN1\" \/>\n<meta name=\"twitter:label1\" content=\"Written by\" \/>\n\t<meta name=\"twitter:data1\" content=\"redaktor\" \/>\n\t<meta name=\"twitter:label2\" content=\"Estimated reading time\" \/>\n\t<meta name=\"twitter:data2\" content=\"1 minute\" \/>\n<script type=\"application\/ld+json\" class=\"yoast-schema-graph\">{\"@context\":\"https:\/\/schema.org\",\"@graph\":[{\"@type\":\"Article\",\"@id\":\"https:\/\/amu.pan.pl\/konferencja-polish-scientific-networks-nabor-zgloszen-do-ii-edycji\/#article\",\"isPartOf\":{\"@id\":\"https:\/\/amu.pan.pl\/konferencja-polish-scientific-networks-nabor-zgloszen-do-ii-edycji\/\"},\"author\":{\"name\":\"redaktor\",\"@id\":\"https:\/\/amu.pan.pl\/#\/schema\/person\/6228761cf33db76ffb28beafb9e62758\"},\"headline\":\"Konferencja Polish Scientific Networks \u2013 nab\u00f3r zg\u0142osze\u0144 do II edycji\",\"datePublished\":\"2016-03-14T10:50:27+00:00\",\"mainEntityOfPage\":{\"@id\":\"https:\/\/amu.pan.pl\/konferencja-polish-scientific-networks-nabor-zgloszen-do-ii-edycji\/\"},\"wordCount\":129,\"commentCount\":0,\"publisher\":{\"@id\":\"https:\/\/amu.pan.pl\/#organization\"},\"image\":{\"@id\":\"https:\/\/amu.pan.pl\/konferencja-polish-scientific-networks-nabor-zgloszen-do-ii-edycji\/#primaryimage\"},\"thumbnailUrl\":\"https:\/\/amu.pan.pl\/wp-content\/uploads\/2016\/03\/psn_fb-03_mini.png\",\"articleSection\":[\"Aktualno\u015bci\"],\"inLanguage\":\"en-GB\",\"potentialAction\":[{\"@type\":\"CommentAction\",\"name\":\"Comment\",\"target\":[\"https:\/\/amu.pan.pl\/konferencja-polish-scientific-networks-nabor-zgloszen-do-ii-edycji\/#respond\"]}]},{\"@type\":\"WebPage\",\"@id\":\"https:\/\/amu.pan.pl\/konferencja-polish-scientific-networks-nabor-zgloszen-do-ii-edycji\/\",\"url\":\"https:\/\/amu.pan.pl\/konferencja-polish-scientific-networks-nabor-zgloszen-do-ii-edycji\/\",\"name\":\"Konferencja Polish Scientific Networks \u2013 nab\u00f3r zg\u0142osze\u0144 do II edycji - Akademia M\u0142odych Uczonych\",\"isPartOf\":{\"@id\":\"https:\/\/amu.pan.pl\/#website\"},\"primaryImageOfPage\":{\"@id\":\"https:\/\/amu.pan.pl\/konferencja-polish-scientific-networks-nabor-zgloszen-do-ii-edycji\/#primaryimage\"},\"image\":{\"@id\":\"https:\/\/amu.pan.pl\/konferencja-polish-scientific-networks-nabor-zgloszen-do-ii-edycji\/#primaryimage\"},\"thumbnailUrl\":\"https:\/\/amu.pan.pl\/wp-content\/uploads\/2016\/03\/psn_fb-03_mini.png\",\"datePublished\":\"2016-03-14T10:50:27+00:00\",\"breadcrumb\":{\"@id\":\"https:\/\/amu.pan.pl\/konferencja-polish-scientific-networks-nabor-zgloszen-do-ii-edycji\/#breadcrumb\"},\"inLanguage\":\"en-GB\",\"potentialAction\":[{\"@type\":\"ReadAction\",\"target\":[\"https:\/\/amu.pan.pl\/konferencja-polish-scientific-networks-nabor-zgloszen-do-ii-edycji\/\"]}]},{\"@type\":\"ImageObject\",\"inLanguage\":\"en-GB\",\"@id\":\"https:\/\/amu.pan.pl\/konferencja-polish-scientific-networks-nabor-zgloszen-do-ii-edycji\/#primaryimage\",\"url\":\"https:\/\/amu.pan.pl\/wp-content\/uploads\/2016\/03\/psn_fb-03_mini.png\",\"contentUrl\":\"https:\/\/amu.pan.pl\/wp-content\/uploads\/2016\/03\/psn_fb-03_mini.png\",\"width\":540,\"height\":200},{\"@type\":\"BreadcrumbList\",\"@id\":\"https:\/\/amu.pan.pl\/konferencja-polish-scientific-networks-nabor-zgloszen-do-ii-edycji\/#breadcrumb\",\"itemListElement\":[{\"@type\":\"ListItem\",\"position\":1,\"name\":\"Strona g\u0142\u00f3wna\",\"item\":\"https:\/\/amu.pan.pl\/\"},{\"@type\":\"ListItem\",\"position\":2,\"name\":\"Konferencja Polish Scientific Networks \u2013 nab\u00f3r zg\u0142osze\u0144 do II edycji\"}]},{\"@type\":\"WebSite\",\"@id\":\"https:\/\/amu.pan.pl\/#website\",\"url\":\"https:\/\/amu.pan.pl\/\",\"name\":\"Akademia M\u0142odych Uczonych\",\"description\":\"Polska Akademia Nauk\",\"publisher\":{\"@id\":\"https:\/\/amu.pan.pl\/#organization\"},\"potentialAction\":[{\"@type\":\"SearchAction\",\"target\":{\"@type\":\"EntryPoint\",\"urlTemplate\":\"https:\/\/amu.pan.pl\/?s={search_term_string}\"},\"query-input\":{\"@type\":\"PropertyValueSpecification\",\"valueRequired\":true,\"valueName\":\"search_term_string\"}}],\"inLanguage\":\"en-GB\"},{\"@type\":\"Organization\",\"@id\":\"https:\/\/amu.pan.pl\/#organization\",\"name\":\"Akademia M\u0142odych Uczonych\",\"url\":\"https:\/\/amu.pan.pl\/\",\"logo\":{\"@type\":\"ImageObject\",\"inLanguage\":\"en-GB\",\"@id\":\"https:\/\/amu.pan.pl\/#\/schema\/logo\/image\/\",\"url\":\"https:\/\/amu.pan.pl\/wp-content\/uploads\/2020\/08\/zz_amu.png\",\"contentUrl\":\"https:\/\/amu.pan.pl\/wp-content\/uploads\/2020\/08\/zz_amu.png\",\"width\":2794,\"height\":1016,\"caption\":\"Akademia M\u0142odych Uczonych\"},\"image\":{\"@id\":\"https:\/\/amu.pan.pl\/#\/schema\/logo\/image\/\"},\"sameAs\":[\"https:\/\/www.facebook.com\/AkademiaMlodychUczonych\/\",\"https:\/\/x.com\/AMUPAN1\"]},{\"@type\":\"Person\",\"@id\":\"https:\/\/amu.pan.pl\/#\/schema\/person\/6228761cf33db76ffb28beafb9e62758\",\"name\":\"redaktor\",\"image\":{\"@type\":\"ImageObject\",\"inLanguage\":\"en-GB\",\"@id\":\"https:\/\/amu.pan.pl\/#\/schema\/person\/image\/\",\"url\":\"https:\/\/secure.gravatar.com\/avatar\/a0599af3d5c48d4131a3e882d6a2cedfdbc82b886c803755075873f68351b8b5?s=96&d=mm&r=g\",\"contentUrl\":\"https:\/\/secure.gravatar.com\/avatar\/a0599af3d5c48d4131a3e882d6a2cedfdbc82b886c803755075873f68351b8b5?s=96&d=mm&r=g\",\"caption\":\"redaktor\"},\"url\":\"https:\/\/amu.pan.pl\/en\/author\/redaktor\/\"}]}<\/script>\n<!-- \/ Yoast SEO plugin. -->","yoast_head_json":{"title":"Konferencja Polish Scientific Networks \u2013 nab\u00f3r zg\u0142osze\u0144 do II edycji - Akademia M\u0142odych Uczonych","robots":{"index":"index","follow":"follow","max-snippet":"max-snippet:-1","max-image-preview":"max-image-preview:large","max-video-preview":"max-video-preview:-1"},"canonical":"https:\/\/amu.pan.pl\/en\/konferencja-polish-scientific-networks-nabor-zgloszen-do-ii-edycji\/","og_locale":"en_GB","og_type":"article","og_title":"Konferencja Polish Scientific Networks \u2013 nab\u00f3r zg\u0142osze\u0144 do II edycji - Akademia M\u0142odych Uczonych","og_description":"Terminy: nab&oacute;r zg\u0142osze\u0144 od 15 marca do 10 maja; konferencja potrwa od 30 czerwca do 2 lipca 2016 r. Lokalizacja: Wroc\u0142aw, Wroc\u0142awskie Centrum Bada\u0144 EIT+ Polish Scientific Networks: Science and Business to spotkanie polskich naukowc&oacute;w, pracuj\u0105cych w kraju i za granic\u0105. Tegoroczna edycja po\u015bwi\u0119cona zostanie wsp&oacute;\u0142pracy nauki z biznesem. Osoby zainteresowane udzia\u0142em na konferencji, mog\u0105 [&hellip;]","og_url":"https:\/\/amu.pan.pl\/en\/konferencja-polish-scientific-networks-nabor-zgloszen-do-ii-edycji\/","og_site_name":"Akademia M\u0142odych Uczonych","article_publisher":"https:\/\/www.facebook.com\/AkademiaMlodychUczonych\/","article_published_time":"2016-03-14T10:50:27+00:00","og_image":[{"width":540,"height":200,"url":"https:\/\/amu.pan.pl\/wp-content\/uploads\/2016\/03\/psn_fb-03_mini.png","type":"image\/png"}],"author":"redaktor","twitter_card":"summary_large_image","twitter_creator":"@AMUPAN1","twitter_site":"@AMUPAN1","twitter_misc":{"Written by":"redaktor","Estimated reading time":"1 minute"},"schema":{"@context":"https:\/\/schema.org","@graph":[{"@type":"Article","@id":"https:\/\/amu.pan.pl\/konferencja-polish-scientific-networks-nabor-zgloszen-do-ii-edycji\/#article","isPartOf":{"@id":"https:\/\/amu.pan.pl\/konferencja-polish-scientific-networks-nabor-zgloszen-do-ii-edycji\/"},"author":{"name":"redaktor","@id":"https:\/\/amu.pan.pl\/#\/schema\/person\/6228761cf33db76ffb28beafb9e62758"},"headline":"Konferencja Polish Scientific Networks \u2013 nab\u00f3r zg\u0142osze\u0144 do II edycji","datePublished":"2016-03-14T10:50:27+00:00","mainEntityOfPage":{"@id":"https:\/\/amu.pan.pl\/konferencja-polish-scientific-networks-nabor-zgloszen-do-ii-edycji\/"},"wordCount":129,"commentCount":0,"publisher":{"@id":"https:\/\/amu.pan.pl\/#organization"},"image":{"@id":"https:\/\/amu.pan.pl\/konferencja-polish-scientific-networks-nabor-zgloszen-do-ii-edycji\/#primaryimage"},"thumbnailUrl":"https:\/\/amu.pan.pl\/wp-content\/uploads\/2016\/03\/psn_fb-03_mini.png","articleSection":["Aktualno\u015bci"],"inLanguage":"en-GB","potentialAction":[{"@type":"CommentAction","name":"Comment","target":["https:\/\/amu.pan.pl\/konferencja-polish-scientific-networks-nabor-zgloszen-do-ii-edycji\/#respond"]}]},{"@type":"WebPage","@id":"https:\/\/amu.pan.pl\/konferencja-polish-scientific-networks-nabor-zgloszen-do-ii-edycji\/","url":"https:\/\/amu.pan.pl\/konferencja-polish-scientific-networks-nabor-zgloszen-do-ii-edycji\/","name":"Konferencja Polish Scientific Networks \u2013 nab\u00f3r zg\u0142osze\u0144 do II edycji - Akademia M\u0142odych Uczonych","isPartOf":{"@id":"https:\/\/amu.pan.pl\/#website"},"primaryImageOfPage":{"@id":"https:\/\/amu.pan.pl\/konferencja-polish-scientific-networks-nabor-zgloszen-do-ii-edycji\/#primaryimage"},"image":{"@id":"https:\/\/amu.pan.pl\/konferencja-polish-scientific-networks-nabor-zgloszen-do-ii-edycji\/#primaryimage"},"thumbnailUrl":"https:\/\/amu.pan.pl\/wp-content\/uploads\/2016\/03\/psn_fb-03_mini.png","datePublished":"2016-03-14T10:50:27+00:00","breadcrumb":{"@id":"https:\/\/amu.pan.pl\/konferencja-polish-scientific-networks-nabor-zgloszen-do-ii-edycji\/#breadcrumb"},"inLanguage":"en-GB","potentialAction":[{"@type":"ReadAction","target":["https:\/\/amu.pan.pl\/konferencja-polish-scientific-networks-nabor-zgloszen-do-ii-edycji\/"]}]},{"@type":"ImageObject","inLanguage":"en-GB","@id":"https:\/\/amu.pan.pl\/konferencja-polish-scientific-networks-nabor-zgloszen-do-ii-edycji\/#primaryimage","url":"https:\/\/amu.pan.pl\/wp-content\/uploads\/2016\/03\/psn_fb-03_mini.png","contentUrl":"https:\/\/amu.pan.pl\/wp-content\/uploads\/2016\/03\/psn_fb-03_mini.png","width":540,"height":200},{"@type":"BreadcrumbList","@id":"https:\/\/amu.pan.pl\/konferencja-polish-scientific-networks-nabor-zgloszen-do-ii-edycji\/#breadcrumb","itemListElement":[{"@type":"ListItem","position":1,"name":"Strona g\u0142\u00f3wna","item":"https:\/\/amu.pan.pl\/"},{"@type":"ListItem","position":2,"name":"Konferencja Polish Scientific Networks \u2013 nab\u00f3r zg\u0142osze\u0144 do II edycji"}]},{"@type":"WebSite","@id":"https:\/\/amu.pan.pl\/#website","url":"https:\/\/amu.pan.pl\/","name":"Akademia M\u0142odych Uczonych","description":"Polska Akademia Nauk","publisher":{"@id":"https:\/\/amu.pan.pl\/#organization"},"potentialAction":[{"@type":"SearchAction","target":{"@type":"EntryPoint","urlTemplate":"https:\/\/amu.pan.pl\/?s={search_term_string}"},"query-input":{"@type":"PropertyValueSpecification","valueRequired":true,"valueName":"search_term_string"}}],"inLanguage":"en-GB"},{"@type":"Organization","@id":"https:\/\/amu.pan.pl\/#organization","name":"Akademia M\u0142odych Uczonych","url":"https:\/\/amu.pan.pl\/","logo":{"@type":"ImageObject","inLanguage":"en-GB","@id":"https:\/\/amu.pan.pl\/#\/schema\/logo\/image\/","url":"https:\/\/amu.pan.pl\/wp-content\/uploads\/2020\/08\/zz_amu.png","contentUrl":"https:\/\/amu.pan.pl\/wp-content\/uploads\/2020\/08\/zz_amu.png","width":2794,"height":1016,"caption":"Akademia M\u0142odych Uczonych"},"image":{"@id":"https:\/\/amu.pan.pl\/#\/schema\/logo\/image\/"},"sameAs":["https:\/\/www.facebook.com\/AkademiaMlodychUczonych\/","https:\/\/x.com\/AMUPAN1"]},{"@type":"Person","@id":"https:\/\/amu.pan.pl\/#\/schema\/person\/6228761cf33db76ffb28beafb9e62758","name":"redaktor","image":{"@type":"ImageObject","inLanguage":"en-GB","@id":"https:\/\/amu.pan.pl\/#\/schema\/person\/image\/","url":"https:\/\/secure.gravatar.com\/avatar\/a0599af3d5c48d4131a3e882d6a2cedfdbc82b886c803755075873f68351b8b5?s=96&d=mm&r=g","contentUrl":"https:\/\/secure.gravatar.com\/avatar\/a0599af3d5c48d4131a3e882d6a2cedfdbc82b886c803755075873f68351b8b5?s=96&d=mm&r=g","caption":"redaktor"},"url":"https:\/\/amu.pan.pl\/en\/author\/redaktor\/"}]}},"_links":{"self":[{"href":"https:\/\/amu.pan.pl\/en\/wp-json\/wp\/v2\/posts\/137","targetHints":{"allow":["GET"]}}],"collection":[{"href":"https:\/\/amu.pan.pl\/en\/wp-json\/wp\/v2\/posts"}],"about":[{"href":"https:\/\/amu.pan.pl\/en\/wp-json\/wp\/v2\/types\/post"}],"author":[{"embeddable":true,"href":"https:\/\/amu.pan.pl\/en\/wp-json\/wp\/v2\/users\/2"}],"replies":[{"embeddable":true,"href":"https:\/\/amu.pan.pl\/en\/wp-json\/wp\/v2\/comments?post=137"}],"version-history":[{"count":0,"href":"https:\/\/amu.pan.pl\/en\/wp-json\/wp\/v2\/posts\/137\/revisions"}],"wp:featuredmedia":[{"embeddable":true,"href":"https:\/\/amu.pan.pl\/en\/wp-json\/wp\/v2\/media\/136"}],"wp:attachment":[{"href":"https:\/\/amu.pan.pl\/en\/wp-json\/wp\/v2\/media?parent=137"}],"wp:term":[{"taxonomy":"category","embeddable":true,"href":"https:\/\/amu.pan.pl\/en\/wp-json\/wp\/v2\/categories?post=137"},{"taxonomy":"post_tag","embeddable":true,"href":"https:\/\/amu.pan.pl\/en\/wp-json\/wp\/v2\/tags?post=137"}],"curies":[{"name":"wp","href":"https:\/\/api.w.org\/{rel}","templated":true}]}}