{"id":141,"date":"2016-03-30T14:21:43","date_gmt":"2016-03-30T12:21:43","guid":{"rendered":"https:\/\/amu.pan.pl\/test\/2016\/03\/30\/pytajac-o-przyszlosc\/"},"modified":"2016-03-30T14:21:43","modified_gmt":"2016-03-30T12:21:43","slug":"pytajac-o-przyszlosc","status":"publish","type":"post","link":"https:\/\/amu.pan.pl\/en\/pytajac-o-przyszlosc\/","title":{"rendered":"\u201ePytaj\u0105c o przysz\u0142o\u015b\u0107 \u2013 globalne i lokalne problemy w \u017cyciu cz\u0142owieka\u201d"},"content":{"rendered":"<p>W dniu 18. marca 2016 roku na Wydziale In\u017cynierii Procesowej i Ochrony \u015arodowiska Politechniki \u0141&oacute;dzkiej odby\u0142a si\u0119 Mi\u0119dzynarodowa Konferencja Naukowa &bdquo;Pytaj\u0105c o przysz\u0142o\u015b\u0107 &ndash; globalne i lokalne problemy w \u017cyciu cz\u0142owieka&rdquo;, kt&oacute;rej organizatorami byli J\u0119drzej Chrzanowski, Patryk Zaj\u0105c i I Liceum Og&oacute;lnokszta\u0142c\u0105ce im. M. Kopernika w \u0141odzi. Akademia M\u0142odych Uczonych obj\u0119\u0142a to wydarzenie patronatem honorowym.<\/p>\n<p>W czasie Konferencji ponad 100 uczni&oacute;w z najlepszych polskich szk&oacute;\u0142 \u015brednich uczestniczy\u0142o w prowadzonych w j\u0119zyku angielskim wyk\u0142adach i dyskusjach prowadzonych przez: prof. P\u0141, dr hab. in\u017c. Jacka Kucharskiego, dr Piotra R&oacute;zg\u0119, PhD Joann\u0119 Bagniewsk\u0105, pani\u0105 Barbar\u0119 Tokarsk\u0105 i dr Jacka Saryusza-Wolskiego. Konferencja transmitowana by\u0142a w czasie rzeczywistym przez serwis YouTube oraz stanowi\u0142a oficjaln\u0105 cz\u0119\u015b\u0107 obchod&oacute;w International Year of Global Understanding 2016.<\/p>\n<p>strona konferencji: <span style=\"color: #0088cc;\"><a href=\"http:\/\/about-tomorrow.com\/\">http:\/\/about-tomorrow.com\/<\/a><\/span><\/p>\n<p>relacja: <a href=\"https:\/\/www.youtube.com\/watch?v=9iusMYHj5Dc\">https:\/\/www.youtube.com\/watch?v=9iusMYHj5Dc<\/a><\/p>","protected":false},"excerpt":{"rendered":"<p>W dniu 18. marca 2016 roku na Wydziale In\u017cynierii Procesowej i Ochrony \u015arodowiska Politechniki \u0141&oacute;dzkiej odby\u0142a si\u0119 Mi\u0119dzynarodowa Konferencja Naukowa &bdquo;Pytaj\u0105c o przysz\u0142o\u015b\u0107 &ndash; globalne i lokalne problemy w \u017cyciu cz\u0142owieka&rdquo;, kt&oacute;rej organizatorami byli J\u0119drzej Chrzanowski, Patryk Zaj\u0105c i I Liceum Og&oacute;lnokszta\u0142c\u0105ce im. M. Kopernika w \u0141odzi. Akademia M\u0142odych Uczonych obj\u0119\u0142a to wydarzenie patronatem honorowym. [&hellip;]<\/p>","protected":false},"author":2,"featured_media":0,"comment_status":"open","ping_status":"open","sticky":false,"template":"","format":"standard","meta":{"_monsterinsights_skip_tracking":false,"_monsterinsights_sitenote_active":false,"_monsterinsights_sitenote_note":"","_monsterinsights_sitenote_category":0,"footnotes":""},"categories":[4],"tags":[],"class_list":["post-141","post","type-post","status-publish","format-standard","hentry","category-aktualnosci"],"yoast_head":"<!-- This site is optimized with the Yoast SEO plugin v25.0 - https:\/\/yoast.com\/wordpress\/plugins\/seo\/ -->\n<title>\u201ePytaj\u0105c o przysz\u0142o\u015b\u0107 \u2013 globalne i lokalne problemy w \u017cyciu cz\u0142owieka\u201d - Akademia M\u0142odych Uczonych<\/title>\n<meta name=\"robots\" content=\"index, follow, max-snippet:-1, max-image-preview:large, max-video-preview:-1\" \/>\n<link rel=\"canonical\" href=\"https:\/\/amu.pan.pl\/en\/pytajac-o-przyszlosc\/\" \/>\n<meta property=\"og:locale\" content=\"en_GB\" \/>\n<meta property=\"og:type\" content=\"article\" \/>\n<meta property=\"og:title\" content=\"\u201ePytaj\u0105c o przysz\u0142o\u015b\u0107 \u2013 globalne i lokalne problemy w \u017cyciu cz\u0142owieka\u201d - Akademia M\u0142odych Uczonych\" \/>\n<meta property=\"og:description\" content=\"W dniu 18. marca 2016 roku na Wydziale In\u017cynierii Procesowej i Ochrony \u015arodowiska Politechniki \u0141&oacute;dzkiej odby\u0142a si\u0119 Mi\u0119dzynarodowa Konferencja Naukowa &bdquo;Pytaj\u0105c o przysz\u0142o\u015b\u0107 &ndash; globalne i lokalne problemy w \u017cyciu cz\u0142owieka&rdquo;, kt&oacute;rej organizatorami byli J\u0119drzej Chrzanowski, Patryk Zaj\u0105c i I Liceum Og&oacute;lnokszta\u0142c\u0105ce im. M. Kopernika w \u0141odzi. Akademia M\u0142odych Uczonych obj\u0119\u0142a to wydarzenie patronatem honorowym. [&hellip;]\" \/>\n<meta property=\"og:url\" content=\"https:\/\/amu.pan.pl\/en\/pytajac-o-przyszlosc\/\" \/>\n<meta property=\"og:site_name\" content=\"Akademia M\u0142odych Uczonych\" \/>\n<meta property=\"article:publisher\" content=\"https:\/\/www.facebook.com\/AkademiaMlodychUczonych\/\" \/>\n<meta property=\"article:published_time\" content=\"2016-03-30T12:21:43+00:00\" \/>\n<meta property=\"og:image\" content=\"https:\/\/amu.pan.pl\/wp-content\/uploads\/2020\/09\/AMU_logo.png\" \/>\n\t<meta property=\"og:image:width\" content=\"600\" \/>\n\t<meta property=\"og:image:height\" content=\"342\" \/>\n\t<meta property=\"og:image:type\" content=\"image\/png\" \/>\n<meta name=\"author\" content=\"redaktor\" \/>\n<meta name=\"twitter:card\" content=\"summary_large_image\" \/>\n<meta name=\"twitter:creator\" content=\"@AMUPAN1\" \/>\n<meta name=\"twitter:site\" content=\"@AMUPAN1\" \/>\n<meta name=\"twitter:label1\" content=\"Written by\" \/>\n\t<meta name=\"twitter:data1\" content=\"redaktor\" \/>\n\t<meta name=\"twitter:label2\" content=\"Estimated reading time\" \/>\n\t<meta name=\"twitter:data2\" content=\"1 minute\" \/>\n<script type=\"application\/ld+json\" class=\"yoast-schema-graph\">{\"@context\":\"https:\/\/schema.org\",\"@graph\":[{\"@type\":\"Article\",\"@id\":\"https:\/\/amu.pan.pl\/pytajac-o-przyszlosc\/#article\",\"isPartOf\":{\"@id\":\"https:\/\/amu.pan.pl\/pytajac-o-przyszlosc\/\"},\"author\":{\"name\":\"redaktor\",\"@id\":\"https:\/\/amu.pan.pl\/#\/schema\/person\/6228761cf33db76ffb28beafb9e62758\"},\"headline\":\"\u201ePytaj\u0105c o przysz\u0142o\u015b\u0107 \u2013 globalne i lokalne problemy w \u017cyciu cz\u0142owieka\u201d\",\"datePublished\":\"2016-03-30T12:21:43+00:00\",\"mainEntityOfPage\":{\"@id\":\"https:\/\/amu.pan.pl\/pytajac-o-przyszlosc\/\"},\"wordCount\":171,\"commentCount\":0,\"publisher\":{\"@id\":\"https:\/\/amu.pan.pl\/#organization\"},\"articleSection\":[\"Aktualno\u015bci\"],\"inLanguage\":\"en-GB\",\"potentialAction\":[{\"@type\":\"CommentAction\",\"name\":\"Comment\",\"target\":[\"https:\/\/amu.pan.pl\/pytajac-o-przyszlosc\/#respond\"]}]},{\"@type\":\"WebPage\",\"@id\":\"https:\/\/amu.pan.pl\/pytajac-o-przyszlosc\/\",\"url\":\"https:\/\/amu.pan.pl\/pytajac-o-przyszlosc\/\",\"name\":\"\u201ePytaj\u0105c o przysz\u0142o\u015b\u0107 \u2013 globalne i lokalne problemy w \u017cyciu cz\u0142owieka\u201d - Akademia M\u0142odych Uczonych\",\"isPartOf\":{\"@id\":\"https:\/\/amu.pan.pl\/#website\"},\"datePublished\":\"2016-03-30T12:21:43+00:00\",\"breadcrumb\":{\"@id\":\"https:\/\/amu.pan.pl\/pytajac-o-przyszlosc\/#breadcrumb\"},\"inLanguage\":\"en-GB\",\"potentialAction\":[{\"@type\":\"ReadAction\",\"target\":[\"https:\/\/amu.pan.pl\/pytajac-o-przyszlosc\/\"]}]},{\"@type\":\"BreadcrumbList\",\"@id\":\"https:\/\/amu.pan.pl\/pytajac-o-przyszlosc\/#breadcrumb\",\"itemListElement\":[{\"@type\":\"ListItem\",\"position\":1,\"name\":\"Strona g\u0142\u00f3wna\",\"item\":\"https:\/\/amu.pan.pl\/\"},{\"@type\":\"ListItem\",\"position\":2,\"name\":\"\u201ePytaj\u0105c o przysz\u0142o\u015b\u0107 \u2013 globalne i lokalne problemy w \u017cyciu cz\u0142owieka\u201d\"}]},{\"@type\":\"WebSite\",\"@id\":\"https:\/\/amu.pan.pl\/#website\",\"url\":\"https:\/\/amu.pan.pl\/\",\"name\":\"Akademia M\u0142odych Uczonych\",\"description\":\"Polska Akademia Nauk\",\"publisher\":{\"@id\":\"https:\/\/amu.pan.pl\/#organization\"},\"potentialAction\":[{\"@type\":\"SearchAction\",\"target\":{\"@type\":\"EntryPoint\",\"urlTemplate\":\"https:\/\/amu.pan.pl\/?s={search_term_string}\"},\"query-input\":{\"@type\":\"PropertyValueSpecification\",\"valueRequired\":true,\"valueName\":\"search_term_string\"}}],\"inLanguage\":\"en-GB\"},{\"@type\":\"Organization\",\"@id\":\"https:\/\/amu.pan.pl\/#organization\",\"name\":\"Akademia M\u0142odych Uczonych\",\"url\":\"https:\/\/amu.pan.pl\/\",\"logo\":{\"@type\":\"ImageObject\",\"inLanguage\":\"en-GB\",\"@id\":\"https:\/\/amu.pan.pl\/#\/schema\/logo\/image\/\",\"url\":\"https:\/\/amu.pan.pl\/wp-content\/uploads\/2020\/08\/zz_amu.png\",\"contentUrl\":\"https:\/\/amu.pan.pl\/wp-content\/uploads\/2020\/08\/zz_amu.png\",\"width\":2794,\"height\":1016,\"caption\":\"Akademia M\u0142odych Uczonych\"},\"image\":{\"@id\":\"https:\/\/amu.pan.pl\/#\/schema\/logo\/image\/\"},\"sameAs\":[\"https:\/\/www.facebook.com\/AkademiaMlodychUczonych\/\",\"https:\/\/x.com\/AMUPAN1\"]},{\"@type\":\"Person\",\"@id\":\"https:\/\/amu.pan.pl\/#\/schema\/person\/6228761cf33db76ffb28beafb9e62758\",\"name\":\"redaktor\",\"image\":{\"@type\":\"ImageObject\",\"inLanguage\":\"en-GB\",\"@id\":\"https:\/\/amu.pan.pl\/#\/schema\/person\/image\/\",\"url\":\"https:\/\/secure.gravatar.com\/avatar\/a0599af3d5c48d4131a3e882d6a2cedfdbc82b886c803755075873f68351b8b5?s=96&d=mm&r=g\",\"contentUrl\":\"https:\/\/secure.gravatar.com\/avatar\/a0599af3d5c48d4131a3e882d6a2cedfdbc82b886c803755075873f68351b8b5?s=96&d=mm&r=g\",\"caption\":\"redaktor\"},\"url\":\"https:\/\/amu.pan.pl\/en\/author\/redaktor\/\"}]}<\/script>\n<!-- \/ Yoast SEO plugin. -->","yoast_head_json":{"title":"\u201ePytaj\u0105c o przysz\u0142o\u015b\u0107 \u2013 globalne i lokalne problemy w \u017cyciu cz\u0142owieka\u201d - Akademia M\u0142odych Uczonych","robots":{"index":"index","follow":"follow","max-snippet":"max-snippet:-1","max-image-preview":"max-image-preview:large","max-video-preview":"max-video-preview:-1"},"canonical":"https:\/\/amu.pan.pl\/en\/pytajac-o-przyszlosc\/","og_locale":"en_GB","og_type":"article","og_title":"\u201ePytaj\u0105c o przysz\u0142o\u015b\u0107 \u2013 globalne i lokalne problemy w \u017cyciu cz\u0142owieka\u201d - Akademia M\u0142odych Uczonych","og_description":"W dniu 18. marca 2016 roku na Wydziale In\u017cynierii Procesowej i Ochrony \u015arodowiska Politechniki \u0141&oacute;dzkiej odby\u0142a si\u0119 Mi\u0119dzynarodowa Konferencja Naukowa &bdquo;Pytaj\u0105c o przysz\u0142o\u015b\u0107 &ndash; globalne i lokalne problemy w \u017cyciu cz\u0142owieka&rdquo;, kt&oacute;rej organizatorami byli J\u0119drzej Chrzanowski, Patryk Zaj\u0105c i I Liceum Og&oacute;lnokszta\u0142c\u0105ce im. M. Kopernika w \u0141odzi. Akademia M\u0142odych Uczonych obj\u0119\u0142a to wydarzenie patronatem honorowym. [&hellip;]","og_url":"https:\/\/amu.pan.pl\/en\/pytajac-o-przyszlosc\/","og_site_name":"Akademia M\u0142odych Uczonych","article_publisher":"https:\/\/www.facebook.com\/AkademiaMlodychUczonych\/","article_published_time":"2016-03-30T12:21:43+00:00","og_image":[{"width":600,"height":342,"url":"https:\/\/amu.pan.pl\/wp-content\/uploads\/2020\/09\/AMU_logo.png","type":"image\/png"}],"author":"redaktor","twitter_card":"summary_large_image","twitter_creator":"@AMUPAN1","twitter_site":"@AMUPAN1","twitter_misc":{"Written by":"redaktor","Estimated reading time":"1 minute"},"schema":{"@context":"https:\/\/schema.org","@graph":[{"@type":"Article","@id":"https:\/\/amu.pan.pl\/pytajac-o-przyszlosc\/#article","isPartOf":{"@id":"https:\/\/amu.pan.pl\/pytajac-o-przyszlosc\/"},"author":{"name":"redaktor","@id":"https:\/\/amu.pan.pl\/#\/schema\/person\/6228761cf33db76ffb28beafb9e62758"},"headline":"\u201ePytaj\u0105c o przysz\u0142o\u015b\u0107 \u2013 globalne i lokalne problemy w \u017cyciu cz\u0142owieka\u201d","datePublished":"2016-03-30T12:21:43+00:00","mainEntityOfPage":{"@id":"https:\/\/amu.pan.pl\/pytajac-o-przyszlosc\/"},"wordCount":171,"commentCount":0,"publisher":{"@id":"https:\/\/amu.pan.pl\/#organization"},"articleSection":["Aktualno\u015bci"],"inLanguage":"en-GB","potentialAction":[{"@type":"CommentAction","name":"Comment","target":["https:\/\/amu.pan.pl\/pytajac-o-przyszlosc\/#respond"]}]},{"@type":"WebPage","@id":"https:\/\/amu.pan.pl\/pytajac-o-przyszlosc\/","url":"https:\/\/amu.pan.pl\/pytajac-o-przyszlosc\/","name":"\u201ePytaj\u0105c o przysz\u0142o\u015b\u0107 \u2013 globalne i lokalne problemy w \u017cyciu cz\u0142owieka\u201d - Akademia M\u0142odych Uczonych","isPartOf":{"@id":"https:\/\/amu.pan.pl\/#website"},"datePublished":"2016-03-30T12:21:43+00:00","breadcrumb":{"@id":"https:\/\/amu.pan.pl\/pytajac-o-przyszlosc\/#breadcrumb"},"inLanguage":"en-GB","potentialAction":[{"@type":"ReadAction","target":["https:\/\/amu.pan.pl\/pytajac-o-przyszlosc\/"]}]},{"@type":"BreadcrumbList","@id":"https:\/\/amu.pan.pl\/pytajac-o-przyszlosc\/#breadcrumb","itemListElement":[{"@type":"ListItem","position":1,"name":"Strona g\u0142\u00f3wna","item":"https:\/\/amu.pan.pl\/"},{"@type":"ListItem","position":2,"name":"\u201ePytaj\u0105c o przysz\u0142o\u015b\u0107 \u2013 globalne i lokalne problemy w \u017cyciu cz\u0142owieka\u201d"}]},{"@type":"WebSite","@id":"https:\/\/amu.pan.pl\/#website","url":"https:\/\/amu.pan.pl\/","name":"Akademia M\u0142odych Uczonych","description":"Polska Akademia Nauk","publisher":{"@id":"https:\/\/amu.pan.pl\/#organization"},"potentialAction":[{"@type":"SearchAction","target":{"@type":"EntryPoint","urlTemplate":"https:\/\/amu.pan.pl\/?s={search_term_string}"},"query-input":{"@type":"PropertyValueSpecification","valueRequired":true,"valueName":"search_term_string"}}],"inLanguage":"en-GB"},{"@type":"Organization","@id":"https:\/\/amu.pan.pl\/#organization","name":"Akademia M\u0142odych Uczonych","url":"https:\/\/amu.pan.pl\/","logo":{"@type":"ImageObject","inLanguage":"en-GB","@id":"https:\/\/amu.pan.pl\/#\/schema\/logo\/image\/","url":"https:\/\/amu.pan.pl\/wp-content\/uploads\/2020\/08\/zz_amu.png","contentUrl":"https:\/\/amu.pan.pl\/wp-content\/uploads\/2020\/08\/zz_amu.png","width":2794,"height":1016,"caption":"Akademia M\u0142odych Uczonych"},"image":{"@id":"https:\/\/amu.pan.pl\/#\/schema\/logo\/image\/"},"sameAs":["https:\/\/www.facebook.com\/AkademiaMlodychUczonych\/","https:\/\/x.com\/AMUPAN1"]},{"@type":"Person","@id":"https:\/\/amu.pan.pl\/#\/schema\/person\/6228761cf33db76ffb28beafb9e62758","name":"redaktor","image":{"@type":"ImageObject","inLanguage":"en-GB","@id":"https:\/\/amu.pan.pl\/#\/schema\/person\/image\/","url":"https:\/\/secure.gravatar.com\/avatar\/a0599af3d5c48d4131a3e882d6a2cedfdbc82b886c803755075873f68351b8b5?s=96&d=mm&r=g","contentUrl":"https:\/\/secure.gravatar.com\/avatar\/a0599af3d5c48d4131a3e882d6a2cedfdbc82b886c803755075873f68351b8b5?s=96&d=mm&r=g","caption":"redaktor"},"url":"https:\/\/amu.pan.pl\/en\/author\/redaktor\/"}]}},"_links":{"self":[{"href":"https:\/\/amu.pan.pl\/en\/wp-json\/wp\/v2\/posts\/141","targetHints":{"allow":["GET"]}}],"collection":[{"href":"https:\/\/amu.pan.pl\/en\/wp-json\/wp\/v2\/posts"}],"about":[{"href":"https:\/\/amu.pan.pl\/en\/wp-json\/wp\/v2\/types\/post"}],"author":[{"embeddable":true,"href":"https:\/\/amu.pan.pl\/en\/wp-json\/wp\/v2\/users\/2"}],"replies":[{"embeddable":true,"href":"https:\/\/amu.pan.pl\/en\/wp-json\/wp\/v2\/comments?post=141"}],"version-history":[{"count":0,"href":"https:\/\/amu.pan.pl\/en\/wp-json\/wp\/v2\/posts\/141\/revisions"}],"wp:attachment":[{"href":"https:\/\/amu.pan.pl\/en\/wp-json\/wp\/v2\/media?parent=141"}],"wp:term":[{"taxonomy":"category","embeddable":true,"href":"https:\/\/amu.pan.pl\/en\/wp-json\/wp\/v2\/categories?post=141"},{"taxonomy":"post_tag","embeddable":true,"href":"https:\/\/amu.pan.pl\/en\/wp-json\/wp\/v2\/tags?post=141"}],"curies":[{"name":"wp","href":"https:\/\/api.w.org\/{rel}","templated":true}]}}