{"id":156,"date":"2016-07-14T14:49:52","date_gmt":"2016-07-14T12:49:52","guid":{"rendered":"https:\/\/amu.pan.pl\/test\/2016\/07\/14\/inp-pan-i-amu-interdyscyplinarnie-o-uzasadnianiu-wyrokow-sadowych\/"},"modified":"2016-07-14T14:49:52","modified_gmt":"2016-07-14T12:49:52","slug":"inp-pan-i-amu-interdyscyplinarnie-o-uzasadnianiu-wyrokow-sadowych","status":"publish","type":"post","link":"https:\/\/amu.pan.pl\/en\/inp-pan-i-amu-interdyscyplinarnie-o-uzasadnianiu-wyrokow-sadowych\/","title":{"rendered":"INP PAN and AMU interdisciplinary on justifying court judgments"},"content":{"rendered":"<p>Dom Zjazd\u00f3w i Konferencji PAN w Jab\u0142onnie w dniach 6-9 lipca br. go\u015bci\u0142 uczestnik\u00f3w szko\u0142y letniej \u201eUzasadnianie orzecze\u0144 s\u0105dowych: perspektywy prawne i interdyscyplinarne\u201d, kt\u00f3rej organizatorami byli Instytut Nauk Prawnych PAN i Akademia M\u0142odych Uczonych PAN.<\/p>\n<p>  <!--more-->  <\/p>\n<p><img fetchpriority=\"high\" decoding=\"async\" class=\"size-full wp-image-153\" style=\"display: block; margin-right: auto; margin-left: auto;\" src=\"https:\/\/amu.pan.pl\/wp-content\/uploads\/2016\/07\/SLUOS.PNG\" alt=\"\" width=\"340\" height=\"190\" srcset=\"https:\/\/amu.pan.pl\/wp-content\/uploads\/2016\/07\/SLUOS.PNG 1073w, https:\/\/amu.pan.pl\/wp-content\/uploads\/2016\/07\/SLUOS-300x168.png 300w, https:\/\/amu.pan.pl\/wp-content\/uploads\/2016\/07\/SLUOS-1024x573.png 1024w, https:\/\/amu.pan.pl\/wp-content\/uploads\/2016\/07\/SLUOS-768x429.png 768w\" sizes=\"(max-width: 340px) 100vw, 340px\" \/><\/p>\n<p>Podczas uroczystej inauguracji prof. Edward N\u0119cka w swoim wyst\u0105pieniu powiedzia\u0142: \u201eZ ogromn\u0105 satysfakcj\u0105 bior\u0119 udzia\u0142 w otwarciu tego przedsi\u0119wzi\u0119cia, poniewa\u017c bardzo mi si\u0119 podoba ta inicjatywa. To jest inicjatywa dw\u00f3ch instytucji: Instytutu Nauk Prawnych PAN i Akademii M\u0142odych Uczonych. Obie te instytucje mam zaszczyt otacza\u0107 opiek\u0105 z ramienia w\u0142adz Akademii. Instytut Nauk Prawnych PAN to jednostka o ustalonej renomie, o du\u017cych osi\u0105gni\u0119ciach, jest to jeden z filar\u00f3w Wydzia\u0142u I Nauk Humanistycznych i Spo\u0142ecznych PAN, natomiast Akademia M\u0142odych Uczonych to jest stosunkowo m\u0142ode cia\u0142o, w\u0142a\u015bnie mija pierwsza kadencja funkcjonowania Akademii (\u2026) Odnosz\u0119 wra\u017cenie, \u017ce 35 cz\u0142onk\u00f3w AMU robi wi\u0119cej ni\u017c 350 cz\u0142onk\u00f3w Polskiej Akademii Nauk. Nie chc\u0119 nikogo uwa\u017ca\u0107, ale chc\u0119 odkre\u015bli\u0107 du\u017cy dynamizm dzia\u0142ania tej grupy m\u0142odych ludzi, kt\u00f3rzy bardzo sprawnie dzia\u0142aj\u0105\u201d.<\/p>\n<p><img decoding=\"async\" class=\"size-full wp-image-153\" style=\"display: block; margin-left: auto; margin-right: auto;\" src=\"https:\/\/amu.pan.pl\/wp-content\/uploads\/2016\/07\/SLUOS.PNG\" alt=\"\" width=\"340\" height=\"190\" srcset=\"https:\/\/amu.pan.pl\/wp-content\/uploads\/2016\/07\/SLUOS.PNG 1073w, https:\/\/amu.pan.pl\/wp-content\/uploads\/2016\/07\/SLUOS-300x168.png 300w, https:\/\/amu.pan.pl\/wp-content\/uploads\/2016\/07\/SLUOS-1024x573.png 1024w, https:\/\/amu.pan.pl\/wp-content\/uploads\/2016\/07\/SLUOS-768x429.png 768w\" sizes=\"(max-width: 340px) 100vw, 340px\" \/><br \/>Dom Zjazd\u00f3w i Konferencji PAN w Jab\u0142onnie w dniach 6-9 lipca br. go\u015bci\u0142 uczestnik\u00f3w szko\u0142y letniej \u201eUzasadnianie orzecze\u0144 s\u0105dowych: perspektywy prawne i interdyscyplinarne\u201d, kt\u00f3rej organizatorami byli Instytut Nauk Prawnych PAN i Akademia M\u0142odych Uczonych PAN. Podczas uroczystej inauguracji prof. Edward N\u0119cka w swoim wyst\u0105pieniu powiedzia\u0142: \u201eZ ogromn\u0105 satysfakcj\u0105 bior\u0119 udzia\u0142 w otwarciu tego przedsi\u0119wzi\u0119cia, poniewa\u017c bardzo mi si\u0119 podoba ta inicjatywa. To jest inicjatywa dw\u00f3ch instytucji: Instytutu Nauk Prawnych PAN i Akademii M\u0142odych Uczonych. Obie te instytucje mam zaszczyt otacza\u0107 opiek\u0105 z ramienia w\u0142adz Akademii. Instytut Nauk Prawnych PAN to jednostka o ustalonej renomie, o du\u017cych osi\u0105gni\u0119ciach, jest to jeden z filar\u00f3w Wydzia\u0142u I Nauk Humanistycznych i Spo\u0142ecznych PAN, natomiast Akademia M\u0142odych Uczonych to jest stosunkowo m\u0142ode cia\u0142o, w\u0142a\u015bnie mija pierwsza kadencja funkcjonowania Akademii (\u2026) Odnosz\u0119 wra\u017cenie, \u017ce 35 cz\u0142onk\u00f3w AMU robi wi\u0119cej ni\u017c 350 cz\u0142onk\u00f3w Polskiej Akademii Nauk. Nie chc\u0119 nikogo uwa\u017ca\u0107, ale chc\u0119 odkre\u015bli\u0107 du\u017cy dynamizm dzia\u0142ania tej grupy m\u0142odych ludzi, kt\u00f3rzy bardzo sprawnie dzia\u0142aj\u0105\u201d.<\/p>\n<p><img decoding=\"async\" class=\"size-full wp-image-154\" style=\"display: block; margin-left: auto; margin-right: auto;\" src=\"https:\/\/amu.pan.pl\/wp-content\/uploads\/2016\/07\/VP_EN_SLUOS.PNG\" alt=\"\" width=\"625\" height=\"231\" srcset=\"https:\/\/amu.pan.pl\/wp-content\/uploads\/2016\/07\/VP_EN_SLUOS.PNG 625w, https:\/\/amu.pan.pl\/wp-content\/uploads\/2016\/07\/VP_EN_SLUOS-300x111.png 300w\" sizes=\"(max-width: 625px) 100vw, 625px\" \/><br \/>Komitetowi Naukowemu szko\u0142y przewodniczy\u0142a prof. Ewa \u0141\u0119towska, kt\u00f3ra na zako\u0144czenie spotkania wyg\u0142osi\u0142a wyk\u0142ad podsumowuj\u0105cy pt.: \u201eO legitymizacji w\u0142adzy s\u0105downiczej poprzez uzasadnianie orzecze\u0144\u201d. W\u015br\u00f3d organizator\u00f3w szko\u0142y znale\u017ali si\u0119 tak\u017ce cz\u0142onkowie Akademii M\u0142odych Uczonych: dr hab. Konrad Osajda, kt\u00f3ry poprowadzi\u0142 konwersatorium pt.: \u201eUzasadnienie jako \u017ar\u00f3d\u0142o prawa\u201d, dr hab. Rafa\u0142 Urbaniak, kt\u00f3ry przygotowa\u0142 warsztaty pt.: \u201eProbabilistyczne aspekty oceny dowod\u00f3w s\u0105dowych\u201d oraz dr hab. Adrian Gle\u0144.<\/p>\n<p style=\"text-align: center;\"><img loading=\"lazy\" decoding=\"async\" class=\"size-full wp-image-155\" src=\"https:\/\/amu.pan.pl\/wp-content\/uploads\/2016\/07\/JF_SLUOS.PNG\" alt=\"\" width=\"648\" height=\"230\" srcset=\"https:\/\/amu.pan.pl\/wp-content\/uploads\/2016\/07\/JF_SLUOS.PNG 648w, https:\/\/amu.pan.pl\/wp-content\/uploads\/2016\/07\/JF_SLUOS-300x106.png 300w\" sizes=\"(max-width: 648px) 100vw, 648px\" \/><\/p>","protected":false},"excerpt":{"rendered":"<p>Dom Zjazd\u00f3w i Konferencji PAN w Jab\u0142onnie w dniach 6-9 lipca br. go\u015bci\u0142 uczestnik\u00f3w szko\u0142y letniej \u201eUzasadnianie orzecze\u0144 s\u0105dowych: perspektywy prawne i interdyscyplinarne\u201d, kt\u00f3rej organizatorami byli Instytut Nauk Prawnych PAN &#8230;<\/p>","protected":false},"author":2,"featured_media":153,"comment_status":"open","ping_status":"open","sticky":false,"template":"","format":"standard","meta":{"_monsterinsights_skip_tracking":false,"_monsterinsights_sitenote_active":false,"_monsterinsights_sitenote_note":"","_monsterinsights_sitenote_category":0,"footnotes":""},"categories":[11],"tags":[],"class_list":["post-156","post","type-post","status-publish","format-standard","has-post-thumbnail","hentry","category-konferencje"],"yoast_head":"<!-- This site is optimized with the Yoast SEO plugin v25.0 - https:\/\/yoast.com\/wordpress\/plugins\/seo\/ -->\n<title>INP PAN i AMU interdyscyplinarnie o uzasadnianiu wyrok\u00f3w s\u0105dowych - Akademia M\u0142odych Uczonych<\/title>\n<meta name=\"robots\" content=\"index, follow, max-snippet:-1, max-image-preview:large, max-video-preview:-1\" \/>\n<link rel=\"canonical\" href=\"https:\/\/amu.pan.pl\/en\/inp-pan-i-amu-interdyscyplinarnie-o-uzasadnianiu-wyrokow-sadowych\/\" \/>\n<meta property=\"og:locale\" content=\"en_GB\" \/>\n<meta property=\"og:type\" content=\"article\" \/>\n<meta property=\"og:title\" content=\"INP PAN i AMU interdyscyplinarnie o uzasadnianiu wyrok\u00f3w s\u0105dowych - Akademia M\u0142odych Uczonych\" \/>\n<meta property=\"og:description\" content=\"Dom Zjazd\u00f3w i Konferencji PAN w Jab\u0142onnie w dniach 6-9 lipca br. go\u015bci\u0142 uczestnik\u00f3w szko\u0142y letniej \u201eUzasadnianie orzecze\u0144 s\u0105dowych: perspektywy prawne i interdyscyplinarne\u201d, kt\u00f3rej organizatorami byli Instytut Nauk Prawnych PAN ...\" \/>\n<meta property=\"og:url\" content=\"https:\/\/amu.pan.pl\/en\/inp-pan-i-amu-interdyscyplinarnie-o-uzasadnianiu-wyrokow-sadowych\/\" \/>\n<meta property=\"og:site_name\" content=\"Akademia M\u0142odych Uczonych\" \/>\n<meta property=\"article:publisher\" content=\"https:\/\/www.facebook.com\/AkademiaMlodychUczonych\/\" \/>\n<meta property=\"article:published_time\" content=\"2016-07-14T12:49:52+00:00\" \/>\n<meta property=\"og:image\" content=\"https:\/\/amu.pan.pl\/wp-content\/uploads\/2016\/07\/SLUOS.PNG\" \/>\n\t<meta property=\"og:image:width\" content=\"1073\" \/>\n\t<meta property=\"og:image:height\" content=\"600\" \/>\n\t<meta property=\"og:image:type\" content=\"image\/png\" \/>\n<meta name=\"author\" content=\"redaktor\" \/>\n<meta name=\"twitter:card\" content=\"summary_large_image\" \/>\n<meta name=\"twitter:creator\" content=\"@AMUPAN1\" \/>\n<meta name=\"twitter:site\" content=\"@AMUPAN1\" \/>\n<meta name=\"twitter:label1\" content=\"Written by\" \/>\n\t<meta name=\"twitter:data1\" content=\"redaktor\" \/>\n\t<meta name=\"twitter:label2\" content=\"Estimated reading time\" \/>\n\t<meta name=\"twitter:data2\" content=\"2 minutes\" \/>\n<script type=\"application\/ld+json\" class=\"yoast-schema-graph\">{\"@context\":\"https:\/\/schema.org\",\"@graph\":[{\"@type\":\"Article\",\"@id\":\"https:\/\/amu.pan.pl\/en\/inp-pan-i-amu-interdyscyplinarnie-o-uzasadnianiu-wyrokow-sadowych\/#article\",\"isPartOf\":{\"@id\":\"https:\/\/amu.pan.pl\/en\/inp-pan-i-amu-interdyscyplinarnie-o-uzasadnianiu-wyrokow-sadowych\/\"},\"author\":{\"name\":\"redaktor\",\"@id\":\"https:\/\/amu.pan.pl\/#\/schema\/person\/6228761cf33db76ffb28beafb9e62758\"},\"headline\":\"INP PAN i AMU interdyscyplinarnie o uzasadnianiu wyrok\u00f3w s\u0105dowych\",\"datePublished\":\"2016-07-14T12:49:52+00:00\",\"mainEntityOfPage\":{\"@id\":\"https:\/\/amu.pan.pl\/en\/inp-pan-i-amu-interdyscyplinarnie-o-uzasadnianiu-wyrokow-sadowych\/\"},\"wordCount\":483,\"commentCount\":0,\"publisher\":{\"@id\":\"https:\/\/amu.pan.pl\/#organization\"},\"image\":{\"@id\":\"https:\/\/amu.pan.pl\/en\/inp-pan-i-amu-interdyscyplinarnie-o-uzasadnianiu-wyrokow-sadowych\/#primaryimage\"},\"thumbnailUrl\":\"https:\/\/amu.pan.pl\/wp-content\/uploads\/2016\/07\/SLUOS.PNG\",\"articleSection\":[\"Konferencje\"],\"inLanguage\":\"en-GB\",\"potentialAction\":[{\"@type\":\"CommentAction\",\"name\":\"Comment\",\"target\":[\"https:\/\/amu.pan.pl\/en\/inp-pan-i-amu-interdyscyplinarnie-o-uzasadnianiu-wyrokow-sadowych\/#respond\"]}]},{\"@type\":\"WebPage\",\"@id\":\"https:\/\/amu.pan.pl\/en\/inp-pan-i-amu-interdyscyplinarnie-o-uzasadnianiu-wyrokow-sadowych\/\",\"url\":\"https:\/\/amu.pan.pl\/en\/inp-pan-i-amu-interdyscyplinarnie-o-uzasadnianiu-wyrokow-sadowych\/\",\"name\":\"INP PAN i AMU interdyscyplinarnie o uzasadnianiu wyrok\u00f3w s\u0105dowych - Akademia M\u0142odych Uczonych\",\"isPartOf\":{\"@id\":\"https:\/\/amu.pan.pl\/#website\"},\"primaryImageOfPage\":{\"@id\":\"https:\/\/amu.pan.pl\/en\/inp-pan-i-amu-interdyscyplinarnie-o-uzasadnianiu-wyrokow-sadowych\/#primaryimage\"},\"image\":{\"@id\":\"https:\/\/amu.pan.pl\/en\/inp-pan-i-amu-interdyscyplinarnie-o-uzasadnianiu-wyrokow-sadowych\/#primaryimage\"},\"thumbnailUrl\":\"https:\/\/amu.pan.pl\/wp-content\/uploads\/2016\/07\/SLUOS.PNG\",\"datePublished\":\"2016-07-14T12:49:52+00:00\",\"breadcrumb\":{\"@id\":\"https:\/\/amu.pan.pl\/en\/inp-pan-i-amu-interdyscyplinarnie-o-uzasadnianiu-wyrokow-sadowych\/#breadcrumb\"},\"inLanguage\":\"en-GB\",\"potentialAction\":[{\"@type\":\"ReadAction\",\"target\":[\"https:\/\/amu.pan.pl\/en\/inp-pan-i-amu-interdyscyplinarnie-o-uzasadnianiu-wyrokow-sadowych\/\"]}]},{\"@type\":\"ImageObject\",\"inLanguage\":\"en-GB\",\"@id\":\"https:\/\/amu.pan.pl\/en\/inp-pan-i-amu-interdyscyplinarnie-o-uzasadnianiu-wyrokow-sadowych\/#primaryimage\",\"url\":\"https:\/\/amu.pan.pl\/wp-content\/uploads\/2016\/07\/SLUOS.PNG\",\"contentUrl\":\"https:\/\/amu.pan.pl\/wp-content\/uploads\/2016\/07\/SLUOS.PNG\",\"width\":1073,\"height\":600},{\"@type\":\"BreadcrumbList\",\"@id\":\"https:\/\/amu.pan.pl\/en\/inp-pan-i-amu-interdyscyplinarnie-o-uzasadnianiu-wyrokow-sadowych\/#breadcrumb\",\"itemListElement\":[{\"@type\":\"ListItem\",\"position\":1,\"name\":\"Strona g\u0142\u00f3wna\",\"item\":\"https:\/\/amu.pan.pl\/\"},{\"@type\":\"ListItem\",\"position\":2,\"name\":\"INP PAN i AMU interdyscyplinarnie o uzasadnianiu wyrok\u00f3w s\u0105dowych\"}]},{\"@type\":\"WebSite\",\"@id\":\"https:\/\/amu.pan.pl\/#website\",\"url\":\"https:\/\/amu.pan.pl\/\",\"name\":\"Akademia M\u0142odych Uczonych\",\"description\":\"Polska Akademia Nauk\",\"publisher\":{\"@id\":\"https:\/\/amu.pan.pl\/#organization\"},\"potentialAction\":[{\"@type\":\"SearchAction\",\"target\":{\"@type\":\"EntryPoint\",\"urlTemplate\":\"https:\/\/amu.pan.pl\/?s={search_term_string}\"},\"query-input\":{\"@type\":\"PropertyValueSpecification\",\"valueRequired\":true,\"valueName\":\"search_term_string\"}}],\"inLanguage\":\"en-GB\"},{\"@type\":\"Organization\",\"@id\":\"https:\/\/amu.pan.pl\/#organization\",\"name\":\"Akademia M\u0142odych Uczonych\",\"url\":\"https:\/\/amu.pan.pl\/\",\"logo\":{\"@type\":\"ImageObject\",\"inLanguage\":\"en-GB\",\"@id\":\"https:\/\/amu.pan.pl\/#\/schema\/logo\/image\/\",\"url\":\"https:\/\/amu.pan.pl\/wp-content\/uploads\/2020\/08\/zz_amu.png\",\"contentUrl\":\"https:\/\/amu.pan.pl\/wp-content\/uploads\/2020\/08\/zz_amu.png\",\"width\":2794,\"height\":1016,\"caption\":\"Akademia M\u0142odych Uczonych\"},\"image\":{\"@id\":\"https:\/\/amu.pan.pl\/#\/schema\/logo\/image\/\"},\"sameAs\":[\"https:\/\/www.facebook.com\/AkademiaMlodychUczonych\/\",\"https:\/\/x.com\/AMUPAN1\"]},{\"@type\":\"Person\",\"@id\":\"https:\/\/amu.pan.pl\/#\/schema\/person\/6228761cf33db76ffb28beafb9e62758\",\"name\":\"redaktor\",\"image\":{\"@type\":\"ImageObject\",\"inLanguage\":\"en-GB\",\"@id\":\"https:\/\/amu.pan.pl\/#\/schema\/person\/image\/\",\"url\":\"https:\/\/secure.gravatar.com\/avatar\/a0599af3d5c48d4131a3e882d6a2cedfdbc82b886c803755075873f68351b8b5?s=96&d=mm&r=g\",\"contentUrl\":\"https:\/\/secure.gravatar.com\/avatar\/a0599af3d5c48d4131a3e882d6a2cedfdbc82b886c803755075873f68351b8b5?s=96&d=mm&r=g\",\"caption\":\"redaktor\"},\"url\":\"https:\/\/amu.pan.pl\/en\/author\/redaktor\/\"}]}<\/script>\n<!-- \/ Yoast SEO plugin. -->","yoast_head_json":{"title":"INP PAN i AMU interdyscyplinarnie o uzasadnianiu wyrok\u00f3w s\u0105dowych - Akademia M\u0142odych Uczonych","robots":{"index":"index","follow":"follow","max-snippet":"max-snippet:-1","max-image-preview":"max-image-preview:large","max-video-preview":"max-video-preview:-1"},"canonical":"https:\/\/amu.pan.pl\/en\/inp-pan-i-amu-interdyscyplinarnie-o-uzasadnianiu-wyrokow-sadowych\/","og_locale":"en_GB","og_type":"article","og_title":"INP PAN i AMU interdyscyplinarnie o uzasadnianiu wyrok\u00f3w s\u0105dowych - Akademia M\u0142odych Uczonych","og_description":"Dom Zjazd\u00f3w i Konferencji PAN w Jab\u0142onnie w dniach 6-9 lipca br. go\u015bci\u0142 uczestnik\u00f3w szko\u0142y letniej \u201eUzasadnianie orzecze\u0144 s\u0105dowych: perspektywy prawne i interdyscyplinarne\u201d, kt\u00f3rej organizatorami byli Instytut Nauk Prawnych PAN ...","og_url":"https:\/\/amu.pan.pl\/en\/inp-pan-i-amu-interdyscyplinarnie-o-uzasadnianiu-wyrokow-sadowych\/","og_site_name":"Akademia M\u0142odych Uczonych","article_publisher":"https:\/\/www.facebook.com\/AkademiaMlodychUczonych\/","article_published_time":"2016-07-14T12:49:52+00:00","og_image":[{"width":1073,"height":600,"url":"https:\/\/amu.pan.pl\/wp-content\/uploads\/2016\/07\/SLUOS.PNG","type":"image\/png"}],"author":"redaktor","twitter_card":"summary_large_image","twitter_creator":"@AMUPAN1","twitter_site":"@AMUPAN1","twitter_misc":{"Written by":"redaktor","Estimated reading time":"2 minutes"},"schema":{"@context":"https:\/\/schema.org","@graph":[{"@type":"Article","@id":"https:\/\/amu.pan.pl\/en\/inp-pan-i-amu-interdyscyplinarnie-o-uzasadnianiu-wyrokow-sadowych\/#article","isPartOf":{"@id":"https:\/\/amu.pan.pl\/en\/inp-pan-i-amu-interdyscyplinarnie-o-uzasadnianiu-wyrokow-sadowych\/"},"author":{"name":"redaktor","@id":"https:\/\/amu.pan.pl\/#\/schema\/person\/6228761cf33db76ffb28beafb9e62758"},"headline":"INP PAN i AMU interdyscyplinarnie o uzasadnianiu wyrok\u00f3w s\u0105dowych","datePublished":"2016-07-14T12:49:52+00:00","mainEntityOfPage":{"@id":"https:\/\/amu.pan.pl\/en\/inp-pan-i-amu-interdyscyplinarnie-o-uzasadnianiu-wyrokow-sadowych\/"},"wordCount":483,"commentCount":0,"publisher":{"@id":"https:\/\/amu.pan.pl\/#organization"},"image":{"@id":"https:\/\/amu.pan.pl\/en\/inp-pan-i-amu-interdyscyplinarnie-o-uzasadnianiu-wyrokow-sadowych\/#primaryimage"},"thumbnailUrl":"https:\/\/amu.pan.pl\/wp-content\/uploads\/2016\/07\/SLUOS.PNG","articleSection":["Konferencje"],"inLanguage":"en-GB","potentialAction":[{"@type":"CommentAction","name":"Comment","target":["https:\/\/amu.pan.pl\/en\/inp-pan-i-amu-interdyscyplinarnie-o-uzasadnianiu-wyrokow-sadowych\/#respond"]}]},{"@type":"WebPage","@id":"https:\/\/amu.pan.pl\/en\/inp-pan-i-amu-interdyscyplinarnie-o-uzasadnianiu-wyrokow-sadowych\/","url":"https:\/\/amu.pan.pl\/en\/inp-pan-i-amu-interdyscyplinarnie-o-uzasadnianiu-wyrokow-sadowych\/","name":"INP PAN i AMU interdyscyplinarnie o uzasadnianiu wyrok\u00f3w s\u0105dowych - Akademia M\u0142odych Uczonych","isPartOf":{"@id":"https:\/\/amu.pan.pl\/#website"},"primaryImageOfPage":{"@id":"https:\/\/amu.pan.pl\/en\/inp-pan-i-amu-interdyscyplinarnie-o-uzasadnianiu-wyrokow-sadowych\/#primaryimage"},"image":{"@id":"https:\/\/amu.pan.pl\/en\/inp-pan-i-amu-interdyscyplinarnie-o-uzasadnianiu-wyrokow-sadowych\/#primaryimage"},"thumbnailUrl":"https:\/\/amu.pan.pl\/wp-content\/uploads\/2016\/07\/SLUOS.PNG","datePublished":"2016-07-14T12:49:52+00:00","breadcrumb":{"@id":"https:\/\/amu.pan.pl\/en\/inp-pan-i-amu-interdyscyplinarnie-o-uzasadnianiu-wyrokow-sadowych\/#breadcrumb"},"inLanguage":"en-GB","potentialAction":[{"@type":"ReadAction","target":["https:\/\/amu.pan.pl\/en\/inp-pan-i-amu-interdyscyplinarnie-o-uzasadnianiu-wyrokow-sadowych\/"]}]},{"@type":"ImageObject","inLanguage":"en-GB","@id":"https:\/\/amu.pan.pl\/en\/inp-pan-i-amu-interdyscyplinarnie-o-uzasadnianiu-wyrokow-sadowych\/#primaryimage","url":"https:\/\/amu.pan.pl\/wp-content\/uploads\/2016\/07\/SLUOS.PNG","contentUrl":"https:\/\/amu.pan.pl\/wp-content\/uploads\/2016\/07\/SLUOS.PNG","width":1073,"height":600},{"@type":"BreadcrumbList","@id":"https:\/\/amu.pan.pl\/en\/inp-pan-i-amu-interdyscyplinarnie-o-uzasadnianiu-wyrokow-sadowych\/#breadcrumb","itemListElement":[{"@type":"ListItem","position":1,"name":"Strona g\u0142\u00f3wna","item":"https:\/\/amu.pan.pl\/"},{"@type":"ListItem","position":2,"name":"INP PAN i AMU interdyscyplinarnie o uzasadnianiu wyrok\u00f3w s\u0105dowych"}]},{"@type":"WebSite","@id":"https:\/\/amu.pan.pl\/#website","url":"https:\/\/amu.pan.pl\/","name":"Akademia M\u0142odych Uczonych","description":"Polska Akademia Nauk","publisher":{"@id":"https:\/\/amu.pan.pl\/#organization"},"potentialAction":[{"@type":"SearchAction","target":{"@type":"EntryPoint","urlTemplate":"https:\/\/amu.pan.pl\/?s={search_term_string}"},"query-input":{"@type":"PropertyValueSpecification","valueRequired":true,"valueName":"search_term_string"}}],"inLanguage":"en-GB"},{"@type":"Organization","@id":"https:\/\/amu.pan.pl\/#organization","name":"Akademia M\u0142odych Uczonych","url":"https:\/\/amu.pan.pl\/","logo":{"@type":"ImageObject","inLanguage":"en-GB","@id":"https:\/\/amu.pan.pl\/#\/schema\/logo\/image\/","url":"https:\/\/amu.pan.pl\/wp-content\/uploads\/2020\/08\/zz_amu.png","contentUrl":"https:\/\/amu.pan.pl\/wp-content\/uploads\/2020\/08\/zz_amu.png","width":2794,"height":1016,"caption":"Akademia M\u0142odych Uczonych"},"image":{"@id":"https:\/\/amu.pan.pl\/#\/schema\/logo\/image\/"},"sameAs":["https:\/\/www.facebook.com\/AkademiaMlodychUczonych\/","https:\/\/x.com\/AMUPAN1"]},{"@type":"Person","@id":"https:\/\/amu.pan.pl\/#\/schema\/person\/6228761cf33db76ffb28beafb9e62758","name":"redaktor","image":{"@type":"ImageObject","inLanguage":"en-GB","@id":"https:\/\/amu.pan.pl\/#\/schema\/person\/image\/","url":"https:\/\/secure.gravatar.com\/avatar\/a0599af3d5c48d4131a3e882d6a2cedfdbc82b886c803755075873f68351b8b5?s=96&d=mm&r=g","contentUrl":"https:\/\/secure.gravatar.com\/avatar\/a0599af3d5c48d4131a3e882d6a2cedfdbc82b886c803755075873f68351b8b5?s=96&d=mm&r=g","caption":"redaktor"},"url":"https:\/\/amu.pan.pl\/en\/author\/redaktor\/"}]}},"_links":{"self":[{"href":"https:\/\/amu.pan.pl\/en\/wp-json\/wp\/v2\/posts\/156","targetHints":{"allow":["GET"]}}],"collection":[{"href":"https:\/\/amu.pan.pl\/en\/wp-json\/wp\/v2\/posts"}],"about":[{"href":"https:\/\/amu.pan.pl\/en\/wp-json\/wp\/v2\/types\/post"}],"author":[{"embeddable":true,"href":"https:\/\/amu.pan.pl\/en\/wp-json\/wp\/v2\/users\/2"}],"replies":[{"embeddable":true,"href":"https:\/\/amu.pan.pl\/en\/wp-json\/wp\/v2\/comments?post=156"}],"version-history":[{"count":0,"href":"https:\/\/amu.pan.pl\/en\/wp-json\/wp\/v2\/posts\/156\/revisions"}],"wp:featuredmedia":[{"embeddable":true,"href":"https:\/\/amu.pan.pl\/en\/wp-json\/wp\/v2\/media\/153"}],"wp:attachment":[{"href":"https:\/\/amu.pan.pl\/en\/wp-json\/wp\/v2\/media?parent=156"}],"wp:term":[{"taxonomy":"category","embeddable":true,"href":"https:\/\/amu.pan.pl\/en\/wp-json\/wp\/v2\/categories?post=156"},{"taxonomy":"post_tag","embeddable":true,"href":"https:\/\/amu.pan.pl\/en\/wp-json\/wp\/v2\/tags?post=156"}],"curies":[{"name":"wp","href":"https:\/\/api.w.org\/{rel}","templated":true}]}}