{"id":205,"date":"2017-03-08T14:46:58","date_gmt":"2017-03-08T13:46:58","guid":{"rendered":"https:\/\/amu.pan.pl\/test\/2017\/03\/08\/doskonalosc-edukacji-akademickiej-jak-przeorientowac-uczelnie-na-jakosc-ksztalcenia\/"},"modified":"2017-03-08T14:46:58","modified_gmt":"2017-03-08T13:46:58","slug":"doskonalosc-edukacji-akademickiej-jak-przeorientowac-uczelnie-na-jakosc-ksztalcenia","status":"publish","type":"post","link":"https:\/\/amu.pan.pl\/en\/doskonalosc-edukacji-akademickiej-jak-przeorientowac-uczelnie-na-jakosc-ksztalcenia\/","title":{"rendered":"Doskona\u0142o\u015b\u0107 edukacji akademickiej \u2013 jak przeorientowa\u0107 uczelnie na jako\u015b\u0107 kszta\u0142cenia?"},"content":{"rendered":"<p><b>Doskona\u0142o\u015b\u0107 edukacji akademickiej \u2013 jak przeorientowa\u0107 uczelnie na&nbsp;jako\u015b\u0107 kszta\u0142cenia? \u2013 kolejna Konferencja Programowa Narodowego Kongresu Nauki odb\u0119dzie si\u0119 29-30 marca na Katolickim Uniwersytecie Lubelskim<\/b><\/p>\n<p>  <!--more-->  <\/p>\n<p><img fetchpriority=\"high\" decoding=\"async\" class=\"size-full wp-image-204\" style=\"display: block; margin-left: auto; margin-right: auto;\" src=\"https:\/\/amu.pan.pl\/wp-content\/uploads\/2017\/03\/NKN_Lublin_new.jpg\" alt=\"\" width=\"500\" height=\"333\" srcset=\"https:\/\/amu.pan.pl\/wp-content\/uploads\/2017\/03\/NKN_Lublin_new.jpg 500w, https:\/\/amu.pan.pl\/wp-content\/uploads\/2017\/03\/NKN_Lublin_new-300x200.jpg 300w\" sizes=\"(max-width: 500px) 100vw, 500px\" \/><\/p>\n<p>Ilo\u015bciowo Polska osi\u0105gn\u0119\u0142a sukces obejmuj\u0105c kszta\u0142ceniem na&nbsp;poziomie wy\u017cszym niemal po\u0142ow\u0119 kolejnych rocznik\u00f3w m\u0142odzie\u017cy. Sta\u0142o si\u0119 to jednak \u017ar\u00f3d\u0142em jednego z najwi\u0119kszym problem\u00f3w trapi\u0105cych dzi\u015b polskie szkolnictwo wy\u017csze. Umasowienie po\u0142\u0105czone z finansowaniem w oparciu o kryteria ilo\u015bciowe doprowadzi\u0142o do stopniowego obni\u017cania poziomu kszta\u0142cenia nawet na najlepszych uczelniach publicznych. Nast\u0105pi\u0142a inflacja dyplom\u00f3w, kt\u00f3re dla pracodawc\u00f3w przesta\u0142y mie\u0107 znaczenie. Pierwszym krokiem do zmiany tego stanu rzeczy by\u0142y nowe zasady finansowania wy\u017cszych uczelni. Aby jednak z sukcesem \u201eprzeorientowa\u0107 uczelnie na jako\u015b\u0107 kszta\u0142cenia\u201d potrzebne s\u0105 zmiany systemowe.<\/p>\n<p>Najwa\u017cniejszym tematem poruszanym w Lublinie b\u0119dzie ocena jako\u015bci kszta\u0142cenia w szko\u0142ach wy\u017cszych w tym proces akredytacji. Omawiana tez b\u0119dzie mi\u0119dzy innymi organizacja procesu kszta\u0142cenia, por\u00f3wnywalno\u015b\u0107 polskich dyplom\u00f3w uko\u0144czenia uczelni na&nbsp;poszczeg\u00f3lnych poziomach kszta\u0142cenia z&nbsp;dyplomami innych kraj\u00f3w o&nbsp;rozwini\u0119tej edukacji. Przewidziano te\u017c dyskusj\u0119 o doskona\u0142o\u015bci kszta\u0142cenia z punktu widzenia student\u00f3w, oraz o poziomie kandydat\u00f3w na studia.<\/p>\n<p>Transmisja on-line: <span style=\"font-size: 11pt; font-family: 'Calibri',sans-serif;\"><a href=\"http:\/\/www.nkn.gov.pl\">www.nkn.gov.pl<\/a><\/span><\/p>","protected":false},"excerpt":{"rendered":"<p>Doskona\u0142o\u015b\u0107 edukacji akademickiej \u2013 jak przeorientowa\u0107 uczelnie na&nbsp;jako\u015b\u0107 kszta\u0142cenia? \u2013 kolejna Konferencja Programowa Narodowego Kongresu Nauki odb\u0119dzie si\u0119 29-30 marca na Katolickim Uniwersytecie Lubelskim<\/p>","protected":false},"author":2,"featured_media":204,"comment_status":"open","ping_status":"open","sticky":false,"template":"","format":"standard","meta":{"_monsterinsights_skip_tracking":false,"_monsterinsights_sitenote_active":false,"_monsterinsights_sitenote_note":"","_monsterinsights_sitenote_category":0,"neve_meta_sidebar":"","neve_meta_container":"","neve_meta_enable_content_width":"","neve_meta_content_width":0,"neve_meta_title_alignment":"","neve_meta_author_avatar":"","neve_post_elements_order":"","neve_meta_disable_header":"","neve_meta_disable_footer":"","neve_meta_disable_title":"","footnotes":""},"categories":[4],"tags":[],"class_list":["post-205","post","type-post","status-publish","format-standard","has-post-thumbnail","hentry","category-aktualnosci"],"yoast_head":"<!-- This site is optimized with the Yoast SEO plugin v25.0 - https:\/\/yoast.com\/wordpress\/plugins\/seo\/ -->\n<title>Doskona\u0142o\u015b\u0107 edukacji akademickiej \u2013 jak przeorientowa\u0107 uczelnie na jako\u015b\u0107 kszta\u0142cenia? - Akademia M\u0142odych Uczonych<\/title>\n<meta name=\"robots\" content=\"index, follow, max-snippet:-1, max-image-preview:large, max-video-preview:-1\" \/>\n<link rel=\"canonical\" href=\"https:\/\/amu.pan.pl\/en\/doskonalosc-edukacji-akademickiej-jak-przeorientowac-uczelnie-na-jakosc-ksztalcenia\/\" \/>\n<meta property=\"og:locale\" content=\"en_GB\" \/>\n<meta property=\"og:type\" content=\"article\" \/>\n<meta property=\"og:title\" content=\"Doskona\u0142o\u015b\u0107 edukacji akademickiej \u2013 jak przeorientowa\u0107 uczelnie na jako\u015b\u0107 kszta\u0142cenia? - Akademia M\u0142odych Uczonych\" \/>\n<meta property=\"og:description\" content=\"Doskona\u0142o\u015b\u0107 edukacji akademickiej \u2013 jak przeorientowa\u0107 uczelnie na&nbsp;jako\u015b\u0107 kszta\u0142cenia? \u2013 kolejna Konferencja Programowa Narodowego Kongresu Nauki odb\u0119dzie si\u0119 29-30 marca na Katolickim Uniwersytecie Lubelskim\" \/>\n<meta property=\"og:url\" content=\"https:\/\/amu.pan.pl\/en\/doskonalosc-edukacji-akademickiej-jak-przeorientowac-uczelnie-na-jakosc-ksztalcenia\/\" \/>\n<meta property=\"og:site_name\" content=\"Akademia M\u0142odych Uczonych\" \/>\n<meta property=\"article:publisher\" content=\"https:\/\/www.facebook.com\/AkademiaMlodychUczonych\/\" \/>\n<meta property=\"article:published_time\" content=\"2017-03-08T13:46:58+00:00\" \/>\n<meta property=\"og:image\" content=\"https:\/\/amu.pan.pl\/wp-content\/uploads\/2017\/03\/NKN_Lublin_new.jpg\" \/>\n\t<meta property=\"og:image:width\" content=\"500\" \/>\n\t<meta property=\"og:image:height\" content=\"333\" \/>\n\t<meta property=\"og:image:type\" content=\"image\/jpeg\" \/>\n<meta name=\"author\" content=\"redaktor\" \/>\n<meta name=\"twitter:card\" content=\"summary_large_image\" \/>\n<meta name=\"twitter:creator\" content=\"@AMUPAN1\" \/>\n<meta name=\"twitter:site\" content=\"@AMUPAN1\" \/>\n<meta name=\"twitter:label1\" content=\"Written by\" \/>\n\t<meta name=\"twitter:data1\" content=\"redaktor\" \/>\n\t<meta name=\"twitter:label2\" content=\"Estimated reading time\" \/>\n\t<meta name=\"twitter:data2\" content=\"1 minute\" \/>\n<script type=\"application\/ld+json\" class=\"yoast-schema-graph\">{\"@context\":\"https:\/\/schema.org\",\"@graph\":[{\"@type\":\"Article\",\"@id\":\"https:\/\/amu.pan.pl\/en\/doskonalosc-edukacji-akademickiej-jak-przeorientowac-uczelnie-na-jakosc-ksztalcenia\/#article\",\"isPartOf\":{\"@id\":\"https:\/\/amu.pan.pl\/en\/doskonalosc-edukacji-akademickiej-jak-przeorientowac-uczelnie-na-jakosc-ksztalcenia\/\"},\"author\":{\"name\":\"redaktor\",\"@id\":\"https:\/\/amu.pan.pl\/#\/schema\/person\/6228761cf33db76ffb28beafb9e62758\"},\"headline\":\"Doskona\u0142o\u015b\u0107 edukacji akademickiej \u2013 jak przeorientowa\u0107 uczelnie na jako\u015b\u0107 kszta\u0142cenia?\",\"datePublished\":\"2017-03-08T13:46:58+00:00\",\"mainEntityOfPage\":{\"@id\":\"https:\/\/amu.pan.pl\/en\/doskonalosc-edukacji-akademickiej-jak-przeorientowac-uczelnie-na-jakosc-ksztalcenia\/\"},\"wordCount\":239,\"commentCount\":0,\"publisher\":{\"@id\":\"https:\/\/amu.pan.pl\/#organization\"},\"image\":{\"@id\":\"https:\/\/amu.pan.pl\/en\/doskonalosc-edukacji-akademickiej-jak-przeorientowac-uczelnie-na-jakosc-ksztalcenia\/#primaryimage\"},\"thumbnailUrl\":\"https:\/\/amu.pan.pl\/wp-content\/uploads\/2017\/03\/NKN_Lublin_new.jpg\",\"articleSection\":[\"Aktualno\u015bci\"],\"inLanguage\":\"en-GB\",\"potentialAction\":[{\"@type\":\"CommentAction\",\"name\":\"Comment\",\"target\":[\"https:\/\/amu.pan.pl\/en\/doskonalosc-edukacji-akademickiej-jak-przeorientowac-uczelnie-na-jakosc-ksztalcenia\/#respond\"]}]},{\"@type\":\"WebPage\",\"@id\":\"https:\/\/amu.pan.pl\/en\/doskonalosc-edukacji-akademickiej-jak-przeorientowac-uczelnie-na-jakosc-ksztalcenia\/\",\"url\":\"https:\/\/amu.pan.pl\/en\/doskonalosc-edukacji-akademickiej-jak-przeorientowac-uczelnie-na-jakosc-ksztalcenia\/\",\"name\":\"Doskona\u0142o\u015b\u0107 edukacji akademickiej \u2013 jak przeorientowa\u0107 uczelnie na jako\u015b\u0107 kszta\u0142cenia? - Akademia M\u0142odych Uczonych\",\"isPartOf\":{\"@id\":\"https:\/\/amu.pan.pl\/#website\"},\"primaryImageOfPage\":{\"@id\":\"https:\/\/amu.pan.pl\/en\/doskonalosc-edukacji-akademickiej-jak-przeorientowac-uczelnie-na-jakosc-ksztalcenia\/#primaryimage\"},\"image\":{\"@id\":\"https:\/\/amu.pan.pl\/en\/doskonalosc-edukacji-akademickiej-jak-przeorientowac-uczelnie-na-jakosc-ksztalcenia\/#primaryimage\"},\"thumbnailUrl\":\"https:\/\/amu.pan.pl\/wp-content\/uploads\/2017\/03\/NKN_Lublin_new.jpg\",\"datePublished\":\"2017-03-08T13:46:58+00:00\",\"breadcrumb\":{\"@id\":\"https:\/\/amu.pan.pl\/en\/doskonalosc-edukacji-akademickiej-jak-przeorientowac-uczelnie-na-jakosc-ksztalcenia\/#breadcrumb\"},\"inLanguage\":\"en-GB\",\"potentialAction\":[{\"@type\":\"ReadAction\",\"target\":[\"https:\/\/amu.pan.pl\/en\/doskonalosc-edukacji-akademickiej-jak-przeorientowac-uczelnie-na-jakosc-ksztalcenia\/\"]}]},{\"@type\":\"ImageObject\",\"inLanguage\":\"en-GB\",\"@id\":\"https:\/\/amu.pan.pl\/en\/doskonalosc-edukacji-akademickiej-jak-przeorientowac-uczelnie-na-jakosc-ksztalcenia\/#primaryimage\",\"url\":\"https:\/\/amu.pan.pl\/wp-content\/uploads\/2017\/03\/NKN_Lublin_new.jpg\",\"contentUrl\":\"https:\/\/amu.pan.pl\/wp-content\/uploads\/2017\/03\/NKN_Lublin_new.jpg\",\"width\":500,\"height\":333},{\"@type\":\"BreadcrumbList\",\"@id\":\"https:\/\/amu.pan.pl\/en\/doskonalosc-edukacji-akademickiej-jak-przeorientowac-uczelnie-na-jakosc-ksztalcenia\/#breadcrumb\",\"itemListElement\":[{\"@type\":\"ListItem\",\"position\":1,\"name\":\"Strona g\u0142\u00f3wna\",\"item\":\"https:\/\/amu.pan.pl\/\"},{\"@type\":\"ListItem\",\"position\":2,\"name\":\"Doskona\u0142o\u015b\u0107 edukacji akademickiej \u2013 jak przeorientowa\u0107 uczelnie na jako\u015b\u0107 kszta\u0142cenia?\"}]},{\"@type\":\"WebSite\",\"@id\":\"https:\/\/amu.pan.pl\/#website\",\"url\":\"https:\/\/amu.pan.pl\/\",\"name\":\"Akademia M\u0142odych Uczonych\",\"description\":\"Polska Akademia Nauk\",\"publisher\":{\"@id\":\"https:\/\/amu.pan.pl\/#organization\"},\"potentialAction\":[{\"@type\":\"SearchAction\",\"target\":{\"@type\":\"EntryPoint\",\"urlTemplate\":\"https:\/\/amu.pan.pl\/?s={search_term_string}\"},\"query-input\":{\"@type\":\"PropertyValueSpecification\",\"valueRequired\":true,\"valueName\":\"search_term_string\"}}],\"inLanguage\":\"en-GB\"},{\"@type\":\"Organization\",\"@id\":\"https:\/\/amu.pan.pl\/#organization\",\"name\":\"Akademia M\u0142odych Uczonych\",\"url\":\"https:\/\/amu.pan.pl\/\",\"logo\":{\"@type\":\"ImageObject\",\"inLanguage\":\"en-GB\",\"@id\":\"https:\/\/amu.pan.pl\/#\/schema\/logo\/image\/\",\"url\":\"https:\/\/amu.pan.pl\/wp-content\/uploads\/2020\/08\/zz_amu.png\",\"contentUrl\":\"https:\/\/amu.pan.pl\/wp-content\/uploads\/2020\/08\/zz_amu.png\",\"width\":2794,\"height\":1016,\"caption\":\"Akademia M\u0142odych Uczonych\"},\"image\":{\"@id\":\"https:\/\/amu.pan.pl\/#\/schema\/logo\/image\/\"},\"sameAs\":[\"https:\/\/www.facebook.com\/AkademiaMlodychUczonych\/\",\"https:\/\/x.com\/AMUPAN1\"]},{\"@type\":\"Person\",\"@id\":\"https:\/\/amu.pan.pl\/#\/schema\/person\/6228761cf33db76ffb28beafb9e62758\",\"name\":\"redaktor\",\"image\":{\"@type\":\"ImageObject\",\"inLanguage\":\"en-GB\",\"@id\":\"https:\/\/amu.pan.pl\/#\/schema\/person\/image\/\",\"url\":\"https:\/\/secure.gravatar.com\/avatar\/a0599af3d5c48d4131a3e882d6a2cedfdbc82b886c803755075873f68351b8b5?s=96&d=mm&r=g\",\"contentUrl\":\"https:\/\/secure.gravatar.com\/avatar\/a0599af3d5c48d4131a3e882d6a2cedfdbc82b886c803755075873f68351b8b5?s=96&d=mm&r=g\",\"caption\":\"redaktor\"},\"url\":\"https:\/\/amu.pan.pl\/en\/author\/redaktor\/\"}]}<\/script>\n<!-- \/ Yoast SEO plugin. -->","yoast_head_json":{"title":"Doskona\u0142o\u015b\u0107 edukacji akademickiej \u2013 jak przeorientowa\u0107 uczelnie na jako\u015b\u0107 kszta\u0142cenia? - Akademia M\u0142odych Uczonych","robots":{"index":"index","follow":"follow","max-snippet":"max-snippet:-1","max-image-preview":"max-image-preview:large","max-video-preview":"max-video-preview:-1"},"canonical":"https:\/\/amu.pan.pl\/en\/doskonalosc-edukacji-akademickiej-jak-przeorientowac-uczelnie-na-jakosc-ksztalcenia\/","og_locale":"en_GB","og_type":"article","og_title":"Doskona\u0142o\u015b\u0107 edukacji akademickiej \u2013 jak przeorientowa\u0107 uczelnie na jako\u015b\u0107 kszta\u0142cenia? - Akademia M\u0142odych Uczonych","og_description":"Doskona\u0142o\u015b\u0107 edukacji akademickiej \u2013 jak przeorientowa\u0107 uczelnie na&nbsp;jako\u015b\u0107 kszta\u0142cenia? \u2013 kolejna Konferencja Programowa Narodowego Kongresu Nauki odb\u0119dzie si\u0119 29-30 marca na Katolickim Uniwersytecie Lubelskim","og_url":"https:\/\/amu.pan.pl\/en\/doskonalosc-edukacji-akademickiej-jak-przeorientowac-uczelnie-na-jakosc-ksztalcenia\/","og_site_name":"Akademia M\u0142odych Uczonych","article_publisher":"https:\/\/www.facebook.com\/AkademiaMlodychUczonych\/","article_published_time":"2017-03-08T13:46:58+00:00","og_image":[{"width":500,"height":333,"url":"https:\/\/amu.pan.pl\/wp-content\/uploads\/2017\/03\/NKN_Lublin_new.jpg","type":"image\/jpeg"}],"author":"redaktor","twitter_card":"summary_large_image","twitter_creator":"@AMUPAN1","twitter_site":"@AMUPAN1","twitter_misc":{"Written by":"redaktor","Estimated reading time":"1 minute"},"schema":{"@context":"https:\/\/schema.org","@graph":[{"@type":"Article","@id":"https:\/\/amu.pan.pl\/en\/doskonalosc-edukacji-akademickiej-jak-przeorientowac-uczelnie-na-jakosc-ksztalcenia\/#article","isPartOf":{"@id":"https:\/\/amu.pan.pl\/en\/doskonalosc-edukacji-akademickiej-jak-przeorientowac-uczelnie-na-jakosc-ksztalcenia\/"},"author":{"name":"redaktor","@id":"https:\/\/amu.pan.pl\/#\/schema\/person\/6228761cf33db76ffb28beafb9e62758"},"headline":"Doskona\u0142o\u015b\u0107 edukacji akademickiej \u2013 jak przeorientowa\u0107 uczelnie na jako\u015b\u0107 kszta\u0142cenia?","datePublished":"2017-03-08T13:46:58+00:00","mainEntityOfPage":{"@id":"https:\/\/amu.pan.pl\/en\/doskonalosc-edukacji-akademickiej-jak-przeorientowac-uczelnie-na-jakosc-ksztalcenia\/"},"wordCount":239,"commentCount":0,"publisher":{"@id":"https:\/\/amu.pan.pl\/#organization"},"image":{"@id":"https:\/\/amu.pan.pl\/en\/doskonalosc-edukacji-akademickiej-jak-przeorientowac-uczelnie-na-jakosc-ksztalcenia\/#primaryimage"},"thumbnailUrl":"https:\/\/amu.pan.pl\/wp-content\/uploads\/2017\/03\/NKN_Lublin_new.jpg","articleSection":["Aktualno\u015bci"],"inLanguage":"en-GB","potentialAction":[{"@type":"CommentAction","name":"Comment","target":["https:\/\/amu.pan.pl\/en\/doskonalosc-edukacji-akademickiej-jak-przeorientowac-uczelnie-na-jakosc-ksztalcenia\/#respond"]}]},{"@type":"WebPage","@id":"https:\/\/amu.pan.pl\/en\/doskonalosc-edukacji-akademickiej-jak-przeorientowac-uczelnie-na-jakosc-ksztalcenia\/","url":"https:\/\/amu.pan.pl\/en\/doskonalosc-edukacji-akademickiej-jak-przeorientowac-uczelnie-na-jakosc-ksztalcenia\/","name":"Doskona\u0142o\u015b\u0107 edukacji akademickiej \u2013 jak przeorientowa\u0107 uczelnie na jako\u015b\u0107 kszta\u0142cenia? - Akademia M\u0142odych Uczonych","isPartOf":{"@id":"https:\/\/amu.pan.pl\/#website"},"primaryImageOfPage":{"@id":"https:\/\/amu.pan.pl\/en\/doskonalosc-edukacji-akademickiej-jak-przeorientowac-uczelnie-na-jakosc-ksztalcenia\/#primaryimage"},"image":{"@id":"https:\/\/amu.pan.pl\/en\/doskonalosc-edukacji-akademickiej-jak-przeorientowac-uczelnie-na-jakosc-ksztalcenia\/#primaryimage"},"thumbnailUrl":"https:\/\/amu.pan.pl\/wp-content\/uploads\/2017\/03\/NKN_Lublin_new.jpg","datePublished":"2017-03-08T13:46:58+00:00","breadcrumb":{"@id":"https:\/\/amu.pan.pl\/en\/doskonalosc-edukacji-akademickiej-jak-przeorientowac-uczelnie-na-jakosc-ksztalcenia\/#breadcrumb"},"inLanguage":"en-GB","potentialAction":[{"@type":"ReadAction","target":["https:\/\/amu.pan.pl\/en\/doskonalosc-edukacji-akademickiej-jak-przeorientowac-uczelnie-na-jakosc-ksztalcenia\/"]}]},{"@type":"ImageObject","inLanguage":"en-GB","@id":"https:\/\/amu.pan.pl\/en\/doskonalosc-edukacji-akademickiej-jak-przeorientowac-uczelnie-na-jakosc-ksztalcenia\/#primaryimage","url":"https:\/\/amu.pan.pl\/wp-content\/uploads\/2017\/03\/NKN_Lublin_new.jpg","contentUrl":"https:\/\/amu.pan.pl\/wp-content\/uploads\/2017\/03\/NKN_Lublin_new.jpg","width":500,"height":333},{"@type":"BreadcrumbList","@id":"https:\/\/amu.pan.pl\/en\/doskonalosc-edukacji-akademickiej-jak-przeorientowac-uczelnie-na-jakosc-ksztalcenia\/#breadcrumb","itemListElement":[{"@type":"ListItem","position":1,"name":"Strona g\u0142\u00f3wna","item":"https:\/\/amu.pan.pl\/"},{"@type":"ListItem","position":2,"name":"Doskona\u0142o\u015b\u0107 edukacji akademickiej \u2013 jak przeorientowa\u0107 uczelnie na jako\u015b\u0107 kszta\u0142cenia?"}]},{"@type":"WebSite","@id":"https:\/\/amu.pan.pl\/#website","url":"https:\/\/amu.pan.pl\/","name":"Akademia M\u0142odych Uczonych","description":"Polska Akademia Nauk","publisher":{"@id":"https:\/\/amu.pan.pl\/#organization"},"potentialAction":[{"@type":"SearchAction","target":{"@type":"EntryPoint","urlTemplate":"https:\/\/amu.pan.pl\/?s={search_term_string}"},"query-input":{"@type":"PropertyValueSpecification","valueRequired":true,"valueName":"search_term_string"}}],"inLanguage":"en-GB"},{"@type":"Organization","@id":"https:\/\/amu.pan.pl\/#organization","name":"Akademia M\u0142odych Uczonych","url":"https:\/\/amu.pan.pl\/","logo":{"@type":"ImageObject","inLanguage":"en-GB","@id":"https:\/\/amu.pan.pl\/#\/schema\/logo\/image\/","url":"https:\/\/amu.pan.pl\/wp-content\/uploads\/2020\/08\/zz_amu.png","contentUrl":"https:\/\/amu.pan.pl\/wp-content\/uploads\/2020\/08\/zz_amu.png","width":2794,"height":1016,"caption":"Akademia M\u0142odych Uczonych"},"image":{"@id":"https:\/\/amu.pan.pl\/#\/schema\/logo\/image\/"},"sameAs":["https:\/\/www.facebook.com\/AkademiaMlodychUczonych\/","https:\/\/x.com\/AMUPAN1"]},{"@type":"Person","@id":"https:\/\/amu.pan.pl\/#\/schema\/person\/6228761cf33db76ffb28beafb9e62758","name":"redaktor","image":{"@type":"ImageObject","inLanguage":"en-GB","@id":"https:\/\/amu.pan.pl\/#\/schema\/person\/image\/","url":"https:\/\/secure.gravatar.com\/avatar\/a0599af3d5c48d4131a3e882d6a2cedfdbc82b886c803755075873f68351b8b5?s=96&d=mm&r=g","contentUrl":"https:\/\/secure.gravatar.com\/avatar\/a0599af3d5c48d4131a3e882d6a2cedfdbc82b886c803755075873f68351b8b5?s=96&d=mm&r=g","caption":"redaktor"},"url":"https:\/\/amu.pan.pl\/en\/author\/redaktor\/"}]}},"_links":{"self":[{"href":"https:\/\/amu.pan.pl\/en\/wp-json\/wp\/v2\/posts\/205","targetHints":{"allow":["GET"]}}],"collection":[{"href":"https:\/\/amu.pan.pl\/en\/wp-json\/wp\/v2\/posts"}],"about":[{"href":"https:\/\/amu.pan.pl\/en\/wp-json\/wp\/v2\/types\/post"}],"author":[{"embeddable":true,"href":"https:\/\/amu.pan.pl\/en\/wp-json\/wp\/v2\/users\/2"}],"replies":[{"embeddable":true,"href":"https:\/\/amu.pan.pl\/en\/wp-json\/wp\/v2\/comments?post=205"}],"version-history":[{"count":0,"href":"https:\/\/amu.pan.pl\/en\/wp-json\/wp\/v2\/posts\/205\/revisions"}],"wp:featuredmedia":[{"embeddable":true,"href":"https:\/\/amu.pan.pl\/en\/wp-json\/wp\/v2\/media\/204"}],"wp:attachment":[{"href":"https:\/\/amu.pan.pl\/en\/wp-json\/wp\/v2\/media?parent=205"}],"wp:term":[{"taxonomy":"category","embeddable":true,"href":"https:\/\/amu.pan.pl\/en\/wp-json\/wp\/v2\/categories?post=205"},{"taxonomy":"post_tag","embeddable":true,"href":"https:\/\/amu.pan.pl\/en\/wp-json\/wp\/v2\/tags?post=205"}],"curies":[{"name":"wp","href":"https:\/\/api.w.org\/{rel}","templated":true}]}}