{"id":207,"date":"2017-03-20T16:10:35","date_gmt":"2017-03-20T15:10:35","guid":{"rendered":"https:\/\/amu.pan.pl\/test\/2017\/03\/20\/wybory-wladz-amu-iv-kadencji\/"},"modified":"2017-03-20T16:10:35","modified_gmt":"2017-03-20T15:10:35","slug":"wybory-wladz-amu-iv-kadencji","status":"publish","type":"post","link":"https:\/\/amu.pan.pl\/en\/wybory-wladz-amu-iv-kadencji\/","title":{"rendered":"Wybory w\u0142adz AMU IV kadencji"},"content":{"rendered":"<p>W dniu 9 marca Akademia M\u0142odych Uczonych wybra\u0142a nowe w\u0142adze. Przewodnicz\u0105c\u0105 AMU zosta\u0142a wybrana dr Anna Ajduk z Wydzia\u0142u Biologii Uniwersytetu Warszawskiego, a jej zast\u0119pcami: dr Nicole Do\u0142owy-Rybi\u0144ska z Instytutu Slawistyki PAN, dr hab. Monika K\u0119dra z Instytutu Oceanologii PAN i dr hab. in\u017c. Monika Kwoka z Wydzia\u0142u Automatyki, Elektroniki i Informatyki Politechniki \u015al\u0105skiej. Kadencja nowych w\u0142adz rozpocznie si\u0119 24 maja 2017 r. i potrwa 2,5 roku.<\/p>\n<p>  <!--more-->  <\/p>\n<p>&nbsp;<img fetchpriority=\"high\" decoding=\"async\" class=\"size-full wp-image-206\" style=\"display: block; margin-left: auto; margin-right: auto;\" src=\"https:\/\/amu.pan.pl\/wp-content\/uploads\/2017\/03\/Wladze_AA_mini.png\" alt=\"\" width=\"600\" height=\"570\" srcset=\"https:\/\/amu.pan.pl\/wp-content\/uploads\/2017\/03\/Wladze_AA_mini.png 600w, https:\/\/amu.pan.pl\/wp-content\/uploads\/2017\/03\/Wladze_AA_mini-300x285.png 300w\" sizes=\"(max-width: 600px) 100vw, 600px\" \/><\/p>","protected":false},"excerpt":{"rendered":"<p>W dniu 9 marca Akademia M\u0142odych Uczonych wybra\u0142a nowe w\u0142adze. Przewodnicz\u0105c\u0105 AMU zosta\u0142a wybrana dr Anna Ajduk z Wydzia\u0142u Biologii Uniwersytetu Warszawskiego, a jej zast\u0119pcami: dr Nicole Do\u0142owy-Rybi\u0144ska z Instytutu Slawistyki PAN, dr hab. Monika K\u0119dra z Instytutu Oceanologii PAN i dr hab. in\u017c. Monika Kwoka z Wydzia\u0142u Automatyki, Elektroniki i Informatyki Politechniki \u015al\u0105skiej. Kadencja&hellip;&nbsp;<a href=\"https:\/\/amu.pan.pl\/en\/wybory-wladz-amu-iv-kadencji\/\" rel=\"bookmark\">Read More &raquo;<span class=\"screen-reader-text\">Wybory w\u0142adz AMU IV kadencji<\/span><\/a><\/p>","protected":false},"author":2,"featured_media":206,"comment_status":"open","ping_status":"open","sticky":false,"template":"","format":"standard","meta":{"_monsterinsights_skip_tracking":false,"_monsterinsights_sitenote_active":false,"_monsterinsights_sitenote_note":"","_monsterinsights_sitenote_category":0,"neve_meta_sidebar":"","neve_meta_container":"","neve_meta_enable_content_width":"","neve_meta_content_width":0,"neve_meta_title_alignment":"","neve_meta_author_avatar":"","neve_post_elements_order":"","neve_meta_disable_header":"","neve_meta_disable_footer":"","neve_meta_disable_title":"","footnotes":""},"categories":[4],"tags":[],"class_list":["post-207","post","type-post","status-publish","format-standard","has-post-thumbnail","hentry","category-aktualnosci"],"yoast_head":"<!-- This site is optimized with the Yoast SEO plugin v25.0 - https:\/\/yoast.com\/wordpress\/plugins\/seo\/ -->\n<title>Wybory w\u0142adz AMU IV kadencji - Akademia M\u0142odych Uczonych<\/title>\n<meta name=\"robots\" content=\"index, follow, max-snippet:-1, max-image-preview:large, max-video-preview:-1\" \/>\n<link rel=\"canonical\" href=\"https:\/\/amu.pan.pl\/en\/wybory-wladz-amu-iv-kadencji\/\" \/>\n<meta property=\"og:locale\" content=\"en_GB\" \/>\n<meta property=\"og:type\" content=\"article\" \/>\n<meta property=\"og:title\" content=\"Wybory w\u0142adz AMU IV kadencji - Akademia M\u0142odych Uczonych\" \/>\n<meta property=\"og:description\" content=\"W dniu 9 marca Akademia M\u0142odych Uczonych wybra\u0142a nowe w\u0142adze. Przewodnicz\u0105c\u0105 AMU zosta\u0142a wybrana dr Anna Ajduk z Wydzia\u0142u Biologii Uniwersytetu Warszawskiego, a jej zast\u0119pcami: dr Nicole Do\u0142owy-Rybi\u0144ska z Instytutu Slawistyki PAN, dr hab. Monika K\u0119dra z Instytutu Oceanologii PAN i dr hab. in\u017c. Monika Kwoka z Wydzia\u0142u Automatyki, Elektroniki i Informatyki Politechniki \u015al\u0105skiej. Kadencja&hellip;&nbsp;Read More &raquo;Wybory w\u0142adz AMU IV kadencji\" \/>\n<meta property=\"og:url\" content=\"https:\/\/amu.pan.pl\/en\/wybory-wladz-amu-iv-kadencji\/\" \/>\n<meta property=\"og:site_name\" content=\"Akademia M\u0142odych Uczonych\" \/>\n<meta property=\"article:publisher\" content=\"https:\/\/www.facebook.com\/AkademiaMlodychUczonych\/\" \/>\n<meta property=\"article:published_time\" content=\"2017-03-20T15:10:35+00:00\" \/>\n<meta property=\"og:image\" content=\"https:\/\/amu.pan.pl\/wp-content\/uploads\/2017\/03\/Wladze_AA_mini.png\" \/>\n\t<meta property=\"og:image:width\" content=\"600\" \/>\n\t<meta property=\"og:image:height\" content=\"570\" \/>\n\t<meta property=\"og:image:type\" content=\"image\/png\" \/>\n<meta name=\"author\" content=\"redaktor\" \/>\n<meta name=\"twitter:card\" content=\"summary_large_image\" \/>\n<meta name=\"twitter:creator\" content=\"@AMUPAN1\" \/>\n<meta name=\"twitter:site\" content=\"@AMUPAN1\" \/>\n<meta name=\"twitter:label1\" content=\"Written by\" \/>\n\t<meta name=\"twitter:data1\" content=\"redaktor\" \/>\n<script type=\"application\/ld+json\" class=\"yoast-schema-graph\">{\"@context\":\"https:\/\/schema.org\",\"@graph\":[{\"@type\":\"Article\",\"@id\":\"https:\/\/amu.pan.pl\/wybory-wladz-amu-iv-kadencji\/#article\",\"isPartOf\":{\"@id\":\"https:\/\/amu.pan.pl\/wybory-wladz-amu-iv-kadencji\/\"},\"author\":{\"name\":\"redaktor\",\"@id\":\"https:\/\/amu.pan.pl\/#\/schema\/person\/6228761cf33db76ffb28beafb9e62758\"},\"headline\":\"Wybory w\u0142adz AMU IV kadencji\",\"datePublished\":\"2017-03-20T15:10:35+00:00\",\"mainEntityOfPage\":{\"@id\":\"https:\/\/amu.pan.pl\/wybory-wladz-amu-iv-kadencji\/\"},\"wordCount\":83,\"commentCount\":0,\"publisher\":{\"@id\":\"https:\/\/amu.pan.pl\/#organization\"},\"image\":{\"@id\":\"https:\/\/amu.pan.pl\/wybory-wladz-amu-iv-kadencji\/#primaryimage\"},\"thumbnailUrl\":\"https:\/\/amu.pan.pl\/wp-content\/uploads\/2017\/03\/Wladze_AA_mini.png\",\"articleSection\":[\"Aktualno\u015bci\"],\"inLanguage\":\"en-GB\",\"potentialAction\":[{\"@type\":\"CommentAction\",\"name\":\"Comment\",\"target\":[\"https:\/\/amu.pan.pl\/wybory-wladz-amu-iv-kadencji\/#respond\"]}]},{\"@type\":\"WebPage\",\"@id\":\"https:\/\/amu.pan.pl\/wybory-wladz-amu-iv-kadencji\/\",\"url\":\"https:\/\/amu.pan.pl\/wybory-wladz-amu-iv-kadencji\/\",\"name\":\"Wybory w\u0142adz AMU IV kadencji - Akademia M\u0142odych Uczonych\",\"isPartOf\":{\"@id\":\"https:\/\/amu.pan.pl\/#website\"},\"primaryImageOfPage\":{\"@id\":\"https:\/\/amu.pan.pl\/wybory-wladz-amu-iv-kadencji\/#primaryimage\"},\"image\":{\"@id\":\"https:\/\/amu.pan.pl\/wybory-wladz-amu-iv-kadencji\/#primaryimage\"},\"thumbnailUrl\":\"https:\/\/amu.pan.pl\/wp-content\/uploads\/2017\/03\/Wladze_AA_mini.png\",\"datePublished\":\"2017-03-20T15:10:35+00:00\",\"breadcrumb\":{\"@id\":\"https:\/\/amu.pan.pl\/wybory-wladz-amu-iv-kadencji\/#breadcrumb\"},\"inLanguage\":\"en-GB\",\"potentialAction\":[{\"@type\":\"ReadAction\",\"target\":[\"https:\/\/amu.pan.pl\/wybory-wladz-amu-iv-kadencji\/\"]}]},{\"@type\":\"ImageObject\",\"inLanguage\":\"en-GB\",\"@id\":\"https:\/\/amu.pan.pl\/wybory-wladz-amu-iv-kadencji\/#primaryimage\",\"url\":\"https:\/\/amu.pan.pl\/wp-content\/uploads\/2017\/03\/Wladze_AA_mini.png\",\"contentUrl\":\"https:\/\/amu.pan.pl\/wp-content\/uploads\/2017\/03\/Wladze_AA_mini.png\",\"width\":600,\"height\":570},{\"@type\":\"BreadcrumbList\",\"@id\":\"https:\/\/amu.pan.pl\/wybory-wladz-amu-iv-kadencji\/#breadcrumb\",\"itemListElement\":[{\"@type\":\"ListItem\",\"position\":1,\"name\":\"Strona g\u0142\u00f3wna\",\"item\":\"https:\/\/amu.pan.pl\/\"},{\"@type\":\"ListItem\",\"position\":2,\"name\":\"Wybory w\u0142adz AMU IV kadencji\"}]},{\"@type\":\"WebSite\",\"@id\":\"https:\/\/amu.pan.pl\/#website\",\"url\":\"https:\/\/amu.pan.pl\/\",\"name\":\"Akademia M\u0142odych Uczonych\",\"description\":\"Polska Akademia Nauk\",\"publisher\":{\"@id\":\"https:\/\/amu.pan.pl\/#organization\"},\"potentialAction\":[{\"@type\":\"SearchAction\",\"target\":{\"@type\":\"EntryPoint\",\"urlTemplate\":\"https:\/\/amu.pan.pl\/?s={search_term_string}\"},\"query-input\":{\"@type\":\"PropertyValueSpecification\",\"valueRequired\":true,\"valueName\":\"search_term_string\"}}],\"inLanguage\":\"en-GB\"},{\"@type\":\"Organization\",\"@id\":\"https:\/\/amu.pan.pl\/#organization\",\"name\":\"Akademia M\u0142odych Uczonych\",\"url\":\"https:\/\/amu.pan.pl\/\",\"logo\":{\"@type\":\"ImageObject\",\"inLanguage\":\"en-GB\",\"@id\":\"https:\/\/amu.pan.pl\/#\/schema\/logo\/image\/\",\"url\":\"https:\/\/amu.pan.pl\/wp-content\/uploads\/2020\/08\/zz_amu.png\",\"contentUrl\":\"https:\/\/amu.pan.pl\/wp-content\/uploads\/2020\/08\/zz_amu.png\",\"width\":2794,\"height\":1016,\"caption\":\"Akademia M\u0142odych Uczonych\"},\"image\":{\"@id\":\"https:\/\/amu.pan.pl\/#\/schema\/logo\/image\/\"},\"sameAs\":[\"https:\/\/www.facebook.com\/AkademiaMlodychUczonych\/\",\"https:\/\/x.com\/AMUPAN1\"]},{\"@type\":\"Person\",\"@id\":\"https:\/\/amu.pan.pl\/#\/schema\/person\/6228761cf33db76ffb28beafb9e62758\",\"name\":\"redaktor\",\"image\":{\"@type\":\"ImageObject\",\"inLanguage\":\"en-GB\",\"@id\":\"https:\/\/amu.pan.pl\/#\/schema\/person\/image\/\",\"url\":\"https:\/\/secure.gravatar.com\/avatar\/a0599af3d5c48d4131a3e882d6a2cedfdbc82b886c803755075873f68351b8b5?s=96&d=mm&r=g\",\"contentUrl\":\"https:\/\/secure.gravatar.com\/avatar\/a0599af3d5c48d4131a3e882d6a2cedfdbc82b886c803755075873f68351b8b5?s=96&d=mm&r=g\",\"caption\":\"redaktor\"},\"url\":\"https:\/\/amu.pan.pl\/en\/author\/redaktor\/\"}]}<\/script>\n<!-- \/ Yoast SEO plugin. -->","yoast_head_json":{"title":"Wybory w\u0142adz AMU IV kadencji - Akademia M\u0142odych Uczonych","robots":{"index":"index","follow":"follow","max-snippet":"max-snippet:-1","max-image-preview":"max-image-preview:large","max-video-preview":"max-video-preview:-1"},"canonical":"https:\/\/amu.pan.pl\/en\/wybory-wladz-amu-iv-kadencji\/","og_locale":"en_GB","og_type":"article","og_title":"Wybory w\u0142adz AMU IV kadencji - Akademia M\u0142odych Uczonych","og_description":"W dniu 9 marca Akademia M\u0142odych Uczonych wybra\u0142a nowe w\u0142adze. Przewodnicz\u0105c\u0105 AMU zosta\u0142a wybrana dr Anna Ajduk z Wydzia\u0142u Biologii Uniwersytetu Warszawskiego, a jej zast\u0119pcami: dr Nicole Do\u0142owy-Rybi\u0144ska z Instytutu Slawistyki PAN, dr hab. Monika K\u0119dra z Instytutu Oceanologii PAN i dr hab. in\u017c. Monika Kwoka z Wydzia\u0142u Automatyki, Elektroniki i Informatyki Politechniki \u015al\u0105skiej. Kadencja&hellip;&nbsp;Read More &raquo;Wybory w\u0142adz AMU IV kadencji","og_url":"https:\/\/amu.pan.pl\/en\/wybory-wladz-amu-iv-kadencji\/","og_site_name":"Akademia M\u0142odych Uczonych","article_publisher":"https:\/\/www.facebook.com\/AkademiaMlodychUczonych\/","article_published_time":"2017-03-20T15:10:35+00:00","og_image":[{"width":600,"height":570,"url":"https:\/\/amu.pan.pl\/wp-content\/uploads\/2017\/03\/Wladze_AA_mini.png","type":"image\/png"}],"author":"redaktor","twitter_card":"summary_large_image","twitter_creator":"@AMUPAN1","twitter_site":"@AMUPAN1","twitter_misc":{"Written by":"redaktor"},"schema":{"@context":"https:\/\/schema.org","@graph":[{"@type":"Article","@id":"https:\/\/amu.pan.pl\/wybory-wladz-amu-iv-kadencji\/#article","isPartOf":{"@id":"https:\/\/amu.pan.pl\/wybory-wladz-amu-iv-kadencji\/"},"author":{"name":"redaktor","@id":"https:\/\/amu.pan.pl\/#\/schema\/person\/6228761cf33db76ffb28beafb9e62758"},"headline":"Wybory w\u0142adz AMU IV kadencji","datePublished":"2017-03-20T15:10:35+00:00","mainEntityOfPage":{"@id":"https:\/\/amu.pan.pl\/wybory-wladz-amu-iv-kadencji\/"},"wordCount":83,"commentCount":0,"publisher":{"@id":"https:\/\/amu.pan.pl\/#organization"},"image":{"@id":"https:\/\/amu.pan.pl\/wybory-wladz-amu-iv-kadencji\/#primaryimage"},"thumbnailUrl":"https:\/\/amu.pan.pl\/wp-content\/uploads\/2017\/03\/Wladze_AA_mini.png","articleSection":["Aktualno\u015bci"],"inLanguage":"en-GB","potentialAction":[{"@type":"CommentAction","name":"Comment","target":["https:\/\/amu.pan.pl\/wybory-wladz-amu-iv-kadencji\/#respond"]}]},{"@type":"WebPage","@id":"https:\/\/amu.pan.pl\/wybory-wladz-amu-iv-kadencji\/","url":"https:\/\/amu.pan.pl\/wybory-wladz-amu-iv-kadencji\/","name":"Wybory w\u0142adz AMU IV kadencji - Akademia M\u0142odych Uczonych","isPartOf":{"@id":"https:\/\/amu.pan.pl\/#website"},"primaryImageOfPage":{"@id":"https:\/\/amu.pan.pl\/wybory-wladz-amu-iv-kadencji\/#primaryimage"},"image":{"@id":"https:\/\/amu.pan.pl\/wybory-wladz-amu-iv-kadencji\/#primaryimage"},"thumbnailUrl":"https:\/\/amu.pan.pl\/wp-content\/uploads\/2017\/03\/Wladze_AA_mini.png","datePublished":"2017-03-20T15:10:35+00:00","breadcrumb":{"@id":"https:\/\/amu.pan.pl\/wybory-wladz-amu-iv-kadencji\/#breadcrumb"},"inLanguage":"en-GB","potentialAction":[{"@type":"ReadAction","target":["https:\/\/amu.pan.pl\/wybory-wladz-amu-iv-kadencji\/"]}]},{"@type":"ImageObject","inLanguage":"en-GB","@id":"https:\/\/amu.pan.pl\/wybory-wladz-amu-iv-kadencji\/#primaryimage","url":"https:\/\/amu.pan.pl\/wp-content\/uploads\/2017\/03\/Wladze_AA_mini.png","contentUrl":"https:\/\/amu.pan.pl\/wp-content\/uploads\/2017\/03\/Wladze_AA_mini.png","width":600,"height":570},{"@type":"BreadcrumbList","@id":"https:\/\/amu.pan.pl\/wybory-wladz-amu-iv-kadencji\/#breadcrumb","itemListElement":[{"@type":"ListItem","position":1,"name":"Strona g\u0142\u00f3wna","item":"https:\/\/amu.pan.pl\/"},{"@type":"ListItem","position":2,"name":"Wybory w\u0142adz AMU IV kadencji"}]},{"@type":"WebSite","@id":"https:\/\/amu.pan.pl\/#website","url":"https:\/\/amu.pan.pl\/","name":"Akademia M\u0142odych Uczonych","description":"Polska Akademia Nauk","publisher":{"@id":"https:\/\/amu.pan.pl\/#organization"},"potentialAction":[{"@type":"SearchAction","target":{"@type":"EntryPoint","urlTemplate":"https:\/\/amu.pan.pl\/?s={search_term_string}"},"query-input":{"@type":"PropertyValueSpecification","valueRequired":true,"valueName":"search_term_string"}}],"inLanguage":"en-GB"},{"@type":"Organization","@id":"https:\/\/amu.pan.pl\/#organization","name":"Akademia M\u0142odych Uczonych","url":"https:\/\/amu.pan.pl\/","logo":{"@type":"ImageObject","inLanguage":"en-GB","@id":"https:\/\/amu.pan.pl\/#\/schema\/logo\/image\/","url":"https:\/\/amu.pan.pl\/wp-content\/uploads\/2020\/08\/zz_amu.png","contentUrl":"https:\/\/amu.pan.pl\/wp-content\/uploads\/2020\/08\/zz_amu.png","width":2794,"height":1016,"caption":"Akademia M\u0142odych Uczonych"},"image":{"@id":"https:\/\/amu.pan.pl\/#\/schema\/logo\/image\/"},"sameAs":["https:\/\/www.facebook.com\/AkademiaMlodychUczonych\/","https:\/\/x.com\/AMUPAN1"]},{"@type":"Person","@id":"https:\/\/amu.pan.pl\/#\/schema\/person\/6228761cf33db76ffb28beafb9e62758","name":"redaktor","image":{"@type":"ImageObject","inLanguage":"en-GB","@id":"https:\/\/amu.pan.pl\/#\/schema\/person\/image\/","url":"https:\/\/secure.gravatar.com\/avatar\/a0599af3d5c48d4131a3e882d6a2cedfdbc82b886c803755075873f68351b8b5?s=96&d=mm&r=g","contentUrl":"https:\/\/secure.gravatar.com\/avatar\/a0599af3d5c48d4131a3e882d6a2cedfdbc82b886c803755075873f68351b8b5?s=96&d=mm&r=g","caption":"redaktor"},"url":"https:\/\/amu.pan.pl\/en\/author\/redaktor\/"}]}},"_links":{"self":[{"href":"https:\/\/amu.pan.pl\/en\/wp-json\/wp\/v2\/posts\/207","targetHints":{"allow":["GET"]}}],"collection":[{"href":"https:\/\/amu.pan.pl\/en\/wp-json\/wp\/v2\/posts"}],"about":[{"href":"https:\/\/amu.pan.pl\/en\/wp-json\/wp\/v2\/types\/post"}],"author":[{"embeddable":true,"href":"https:\/\/amu.pan.pl\/en\/wp-json\/wp\/v2\/users\/2"}],"replies":[{"embeddable":true,"href":"https:\/\/amu.pan.pl\/en\/wp-json\/wp\/v2\/comments?post=207"}],"version-history":[{"count":0,"href":"https:\/\/amu.pan.pl\/en\/wp-json\/wp\/v2\/posts\/207\/revisions"}],"wp:featuredmedia":[{"embeddable":true,"href":"https:\/\/amu.pan.pl\/en\/wp-json\/wp\/v2\/media\/206"}],"wp:attachment":[{"href":"https:\/\/amu.pan.pl\/en\/wp-json\/wp\/v2\/media?parent=207"}],"wp:term":[{"taxonomy":"category","embeddable":true,"href":"https:\/\/amu.pan.pl\/en\/wp-json\/wp\/v2\/categories?post=207"},{"taxonomy":"post_tag","embeddable":true,"href":"https:\/\/amu.pan.pl\/en\/wp-json\/wp\/v2\/tags?post=207"}],"curies":[{"name":"wp","href":"https:\/\/api.w.org\/{rel}","templated":true}]}}