{"id":2644,"date":"2020-10-23T11:39:03","date_gmt":"2020-10-23T09:39:03","guid":{"rendered":"https:\/\/amu.pan.pl\/?p=2644"},"modified":"2020-11-25T18:01:29","modified_gmt":"2020-11-25T17:01:29","slug":"katharina-boguslawski-laureatka-nagrod-naukowych-polityki-2020","status":"publish","type":"post","link":"https:\/\/amu.pan.pl\/en\/katharina-boguslawski-laureatka-nagrod-naukowych-polityki-2020\/","title":{"rendered":"Katharina Boguslawski is the winner of the Polityka 2020 Scientific Awards"},"content":{"rendered":"<p>Dr hab. Katharina Boguslawski, professor at the Nicolaus Copernicus University and <a href=\"https:\/\/amu.pan.pl\/katharina-boguslawski\/\">AMU member of the current term<\/a>, was awarded the Polityka Science Awards.<\/p>\n\n\n\n<blockquote class=\"wp-block-quote is-layout-flow wp-block-quote-is-layout-flow\"><p>\u201cProfessor Katharina Boguslawski deals with the development of new and unique in the world computational methods allowing for modeling the properties of large size chemical molecules. Such models are extremely useful during the synthesis of new substances, avoiding many time-consuming, costly and often dangerous tests &quot;- <a href=\"https:\/\/www.polityka.pl\/tygodnikpolityka\/nauka\/nagrodynaukowe\/1975320,1,katharina-boguslawski-laureatka-nagrod-naukowych-polityki-2020.read\" target=\"_blank\" rel=\"noreferrer noopener\">Polityka.pl<\/a><\/p><\/blockquote>\n\n\n\n<figure class=\"wp-block-embed-youtube wp-block-embed is-type-video is-provider-youtube wp-embed-aspect-16-9 wp-has-aspect-ratio\"><div class=\"wp-block-embed__wrapper\">\n<div class=\"nv-iframe-embed\"><iframe title=\"POLITYKA Scientific Awards 2020: Katharina Boguslawski\" width=\"1200\" height=\"675\" src=\"https:\/\/www.youtube.com\/embed\/T-8xWyO-rMQ?feature=oembed\" frameborder=\"0\" allow=\"accelerometer; autoplay; clipboard-write; encrypted-media; gyroscope; picture-in-picture\" allowfullscreen><\/iframe><\/div>\n<\/div><\/figure>\n\n\n\n<p><strong>More information:<\/strong> <a href=\"https:\/\/www.polityka.pl\/tygodnikpolityka\/nauka\/nagrodynaukowe\/1975320,1,katharina-boguslawski-laureatka-nagrod-naukowych-polityki-2020.read\">Policy page<\/a><\/p>","protected":false},"excerpt":{"rendered":"<p>Dr hab. Katharina Boguslawski, profesor UMK i cz\u0142onkini AMU bie\u017c\u0105cej kadencji, zosta\u0142a laureatk\u0105 Nagr\u00f3d Naukowych Polityki. &#8220;Profesor Katharina Boguslawski zajmuje si\u0119 rozwijaniem nowych i unikatowych w skali \u015bwiatowej metod obliczeniowych pozwalaj\u0105cych na modelowanie w\u0142a\u015bciwo\u015bci cz\u0105steczek chemicznych o du\u017cych rozmiarach. Modele takie s\u0105 niezwykle przydatne podczas syntezy nowych substancji, pozwalaj\u0105c unikn\u0105\u0107 wielu czasoch\u0142onnych, kosztownych i nierzadko&hellip;&nbsp;<a href=\"https:\/\/amu.pan.pl\/en\/katharina-boguslawski-laureatka-nagrod-naukowych-polityki-2020\/\" rel=\"bookmark\">Read More &raquo;<span class=\"screen-reader-text\">Katharina Boguslawski is the winner of the Polityka 2020 Scientific Awards<\/span><\/a><\/p>","protected":false},"author":2,"featured_media":287,"comment_status":"closed","ping_status":"closed","sticky":false,"template":"","format":"standard","meta":{"_monsterinsights_skip_tracking":false,"_monsterinsights_sitenote_active":false,"_monsterinsights_sitenote_note":"","_monsterinsights_sitenote_category":0,"neve_meta_sidebar":"","neve_meta_container":"","neve_meta_enable_content_width":"","neve_meta_content_width":0,"neve_meta_title_alignment":"","neve_meta_author_avatar":"","neve_post_elements_order":"","neve_meta_disable_header":"","neve_meta_disable_footer":"","neve_meta_disable_title":"","footnotes":""},"categories":[4,23],"tags":[29,28,27],"class_list":["post-2644","post","type-post","status-publish","format-standard","has-post-thumbnail","hentry","category-aktualnosci","category-sukcesy","tag-fizyka","tag-nagrody","tag-sukcesy-czlonkin-i-czlonkow-amu"],"yoast_head":"<!-- This site is optimized with the Yoast SEO plugin v25.0 - https:\/\/yoast.com\/wordpress\/plugins\/seo\/ -->\n<title>Katharina Boguslawski laureatk\u0105 Nagr\u00f3d Naukowych Polityki 2020 - Akademia M\u0142odych Uczonych<\/title>\n<meta name=\"description\" content=\"Dr hab. Katharina Boguslawski, profesor UMK i cz\u0142onkini AMU bie\u017c\u0105cej kadencji, zosta\u0142a laureatk\u0105 Nagr\u00f3d Naukowych Polityki.\" \/>\n<meta name=\"robots\" content=\"index, follow, max-snippet:-1, max-image-preview:large, max-video-preview:-1\" \/>\n<link rel=\"canonical\" href=\"https:\/\/amu.pan.pl\/en\/katharina-boguslawski-laureatka-nagrod-naukowych-polityki-2020\/\" \/>\n<meta property=\"og:locale\" content=\"en_GB\" \/>\n<meta property=\"og:type\" content=\"article\" \/>\n<meta property=\"og:title\" content=\"Katharina Boguslawski laureatk\u0105 Nagr\u00f3d Naukowych Polityki 2020 - Akademia M\u0142odych Uczonych\" \/>\n<meta property=\"og:description\" content=\"Dr hab. Katharina Boguslawski, profesor UMK i cz\u0142onkini AMU bie\u017c\u0105cej kadencji, zosta\u0142a laureatk\u0105 Nagr\u00f3d Naukowych Polityki.\" \/>\n<meta property=\"og:url\" content=\"https:\/\/amu.pan.pl\/en\/katharina-boguslawski-laureatka-nagrod-naukowych-polityki-2020\/\" \/>\n<meta property=\"og:site_name\" content=\"Akademia M\u0142odych Uczonych\" \/>\n<meta property=\"article:publisher\" content=\"https:\/\/www.facebook.com\/AkademiaMlodychUczonych\/\" \/>\n<meta property=\"article:published_time\" content=\"2020-10-23T09:39:03+00:00\" \/>\n<meta property=\"article:modified_time\" content=\"2020-11-25T17:01:29+00:00\" \/>\n<meta property=\"og:image\" content=\"https:\/\/amu.pan.pl\/wp-content\/uploads\/2019\/10\/kb.jpg\" \/>\n\t<meta property=\"og:image:width\" content=\"2126\" \/>\n\t<meta property=\"og:image:height\" content=\"1417\" \/>\n\t<meta property=\"og:image:type\" content=\"image\/jpeg\" \/>\n<meta name=\"author\" content=\"redaktor\" \/>\n<meta name=\"twitter:card\" content=\"summary_large_image\" \/>\n<meta name=\"twitter:creator\" content=\"@AMUPAN1\" \/>\n<meta name=\"twitter:site\" content=\"@AMUPAN1\" \/>\n<meta name=\"twitter:label1\" content=\"Written by\" \/>\n\t<meta name=\"twitter:data1\" content=\"redaktor\" \/>\n<script type=\"application\/ld+json\" class=\"yoast-schema-graph\">{\"@context\":\"https:\/\/schema.org\",\"@graph\":[{\"@type\":\"Article\",\"@id\":\"https:\/\/amu.pan.pl\/en\/katharina-boguslawski-laureatka-nagrod-naukowych-polityki-2020\/#article\",\"isPartOf\":{\"@id\":\"https:\/\/amu.pan.pl\/en\/katharina-boguslawski-laureatka-nagrod-naukowych-polityki-2020\/\"},\"author\":{\"name\":\"redaktor\",\"@id\":\"https:\/\/amu.pan.pl\/#\/schema\/person\/6228761cf33db76ffb28beafb9e62758\"},\"headline\":\"Katharina Boguslawski laureatk\u0105 Nagr\u00f3d Naukowych Polityki 2020\",\"datePublished\":\"2020-10-23T09:39:03+00:00\",\"dateModified\":\"2020-11-25T17:01:29+00:00\",\"mainEntityOfPage\":{\"@id\":\"https:\/\/amu.pan.pl\/en\/katharina-boguslawski-laureatka-nagrod-naukowych-polityki-2020\/\"},\"wordCount\":93,\"publisher\":{\"@id\":\"https:\/\/amu.pan.pl\/#organization\"},\"image\":{\"@id\":\"https:\/\/amu.pan.pl\/en\/katharina-boguslawski-laureatka-nagrod-naukowych-polityki-2020\/#primaryimage\"},\"thumbnailUrl\":\"https:\/\/amu.pan.pl\/wp-content\/uploads\/2019\/10\/kb.jpg\",\"keywords\":[\"Fizyka\",\"Nagrody\",\"Sukcesy Cz\u0142onki\u0144 i Cz\u0142onk\u00f3w AMU\"],\"articleSection\":[\"Aktualno\u015bci\",\"Sukcesy\"],\"inLanguage\":\"en-GB\"},{\"@type\":\"WebPage\",\"@id\":\"https:\/\/amu.pan.pl\/en\/katharina-boguslawski-laureatka-nagrod-naukowych-polityki-2020\/\",\"url\":\"https:\/\/amu.pan.pl\/en\/katharina-boguslawski-laureatka-nagrod-naukowych-polityki-2020\/\",\"name\":\"Katharina Boguslawski laureatk\u0105 Nagr\u00f3d Naukowych Polityki 2020 - Akademia M\u0142odych Uczonych\",\"isPartOf\":{\"@id\":\"https:\/\/amu.pan.pl\/#website\"},\"primaryImageOfPage\":{\"@id\":\"https:\/\/amu.pan.pl\/en\/katharina-boguslawski-laureatka-nagrod-naukowych-polityki-2020\/#primaryimage\"},\"image\":{\"@id\":\"https:\/\/amu.pan.pl\/en\/katharina-boguslawski-laureatka-nagrod-naukowych-polityki-2020\/#primaryimage\"},\"thumbnailUrl\":\"https:\/\/amu.pan.pl\/wp-content\/uploads\/2019\/10\/kb.jpg\",\"datePublished\":\"2020-10-23T09:39:03+00:00\",\"dateModified\":\"2020-11-25T17:01:29+00:00\",\"description\":\"Dr hab. Katharina Boguslawski, profesor UMK i cz\u0142onkini AMU bie\u017c\u0105cej kadencji, zosta\u0142a laureatk\u0105 Nagr\u00f3d Naukowych Polityki.\",\"breadcrumb\":{\"@id\":\"https:\/\/amu.pan.pl\/en\/katharina-boguslawski-laureatka-nagrod-naukowych-polityki-2020\/#breadcrumb\"},\"inLanguage\":\"en-GB\",\"potentialAction\":[{\"@type\":\"ReadAction\",\"target\":[\"https:\/\/amu.pan.pl\/en\/katharina-boguslawski-laureatka-nagrod-naukowych-polityki-2020\/\"]}]},{\"@type\":\"ImageObject\",\"inLanguage\":\"en-GB\",\"@id\":\"https:\/\/amu.pan.pl\/en\/katharina-boguslawski-laureatka-nagrod-naukowych-polityki-2020\/#primaryimage\",\"url\":\"https:\/\/amu.pan.pl\/wp-content\/uploads\/2019\/10\/kb.jpg\",\"contentUrl\":\"https:\/\/amu.pan.pl\/wp-content\/uploads\/2019\/10\/kb.jpg\",\"width\":2126,\"height\":1417,\"caption\":\"kb.jpg\"},{\"@type\":\"BreadcrumbList\",\"@id\":\"https:\/\/amu.pan.pl\/en\/katharina-boguslawski-laureatka-nagrod-naukowych-polityki-2020\/#breadcrumb\",\"itemListElement\":[{\"@type\":\"ListItem\",\"position\":1,\"name\":\"Strona g\u0142\u00f3wna\",\"item\":\"https:\/\/amu.pan.pl\/\"},{\"@type\":\"ListItem\",\"position\":2,\"name\":\"Katharina Boguslawski laureatk\u0105 Nagr\u00f3d Naukowych Polityki 2020\"}]},{\"@type\":\"WebSite\",\"@id\":\"https:\/\/amu.pan.pl\/#website\",\"url\":\"https:\/\/amu.pan.pl\/\",\"name\":\"Akademia M\u0142odych Uczonych\",\"description\":\"Polska Akademia Nauk\",\"publisher\":{\"@id\":\"https:\/\/amu.pan.pl\/#organization\"},\"potentialAction\":[{\"@type\":\"SearchAction\",\"target\":{\"@type\":\"EntryPoint\",\"urlTemplate\":\"https:\/\/amu.pan.pl\/?s={search_term_string}\"},\"query-input\":{\"@type\":\"PropertyValueSpecification\",\"valueRequired\":true,\"valueName\":\"search_term_string\"}}],\"inLanguage\":\"en-GB\"},{\"@type\":\"Organization\",\"@id\":\"https:\/\/amu.pan.pl\/#organization\",\"name\":\"Akademia M\u0142odych Uczonych\",\"url\":\"https:\/\/amu.pan.pl\/\",\"logo\":{\"@type\":\"ImageObject\",\"inLanguage\":\"en-GB\",\"@id\":\"https:\/\/amu.pan.pl\/#\/schema\/logo\/image\/\",\"url\":\"https:\/\/amu.pan.pl\/wp-content\/uploads\/2020\/08\/zz_amu.png\",\"contentUrl\":\"https:\/\/amu.pan.pl\/wp-content\/uploads\/2020\/08\/zz_amu.png\",\"width\":2794,\"height\":1016,\"caption\":\"Akademia M\u0142odych Uczonych\"},\"image\":{\"@id\":\"https:\/\/amu.pan.pl\/#\/schema\/logo\/image\/\"},\"sameAs\":[\"https:\/\/www.facebook.com\/AkademiaMlodychUczonych\/\",\"https:\/\/x.com\/AMUPAN1\"]},{\"@type\":\"Person\",\"@id\":\"https:\/\/amu.pan.pl\/#\/schema\/person\/6228761cf33db76ffb28beafb9e62758\",\"name\":\"redaktor\",\"image\":{\"@type\":\"ImageObject\",\"inLanguage\":\"en-GB\",\"@id\":\"https:\/\/amu.pan.pl\/#\/schema\/person\/image\/\",\"url\":\"https:\/\/secure.gravatar.com\/avatar\/a0599af3d5c48d4131a3e882d6a2cedfdbc82b886c803755075873f68351b8b5?s=96&d=mm&r=g\",\"contentUrl\":\"https:\/\/secure.gravatar.com\/avatar\/a0599af3d5c48d4131a3e882d6a2cedfdbc82b886c803755075873f68351b8b5?s=96&d=mm&r=g\",\"caption\":\"redaktor\"},\"url\":\"https:\/\/amu.pan.pl\/en\/author\/redaktor\/\"}]}<\/script>\n<!-- \/ Yoast SEO plugin. -->","yoast_head_json":{"title":"Katharina Boguslawski laureatk\u0105 Nagr\u00f3d Naukowych Polityki 2020 - Akademia M\u0142odych Uczonych","description":"Dr hab. Katharina Boguslawski, profesor UMK i cz\u0142onkini AMU bie\u017c\u0105cej kadencji, zosta\u0142a laureatk\u0105 Nagr\u00f3d Naukowych Polityki.","robots":{"index":"index","follow":"follow","max-snippet":"max-snippet:-1","max-image-preview":"max-image-preview:large","max-video-preview":"max-video-preview:-1"},"canonical":"https:\/\/amu.pan.pl\/en\/katharina-boguslawski-laureatka-nagrod-naukowych-polityki-2020\/","og_locale":"en_GB","og_type":"article","og_title":"Katharina Boguslawski laureatk\u0105 Nagr\u00f3d Naukowych Polityki 2020 - Akademia M\u0142odych Uczonych","og_description":"Dr hab. Katharina Boguslawski, profesor UMK i cz\u0142onkini AMU bie\u017c\u0105cej kadencji, zosta\u0142a laureatk\u0105 Nagr\u00f3d Naukowych Polityki.","og_url":"https:\/\/amu.pan.pl\/en\/katharina-boguslawski-laureatka-nagrod-naukowych-polityki-2020\/","og_site_name":"Akademia M\u0142odych Uczonych","article_publisher":"https:\/\/www.facebook.com\/AkademiaMlodychUczonych\/","article_published_time":"2020-10-23T09:39:03+00:00","article_modified_time":"2020-11-25T17:01:29+00:00","og_image":[{"width":2126,"height":1417,"url":"https:\/\/amu.pan.pl\/wp-content\/uploads\/2019\/10\/kb.jpg","type":"image\/jpeg"}],"author":"redaktor","twitter_card":"summary_large_image","twitter_creator":"@AMUPAN1","twitter_site":"@AMUPAN1","twitter_misc":{"Written by":"redaktor"},"schema":{"@context":"https:\/\/schema.org","@graph":[{"@type":"Article","@id":"https:\/\/amu.pan.pl\/en\/katharina-boguslawski-laureatka-nagrod-naukowych-polityki-2020\/#article","isPartOf":{"@id":"https:\/\/amu.pan.pl\/en\/katharina-boguslawski-laureatka-nagrod-naukowych-polityki-2020\/"},"author":{"name":"redaktor","@id":"https:\/\/amu.pan.pl\/#\/schema\/person\/6228761cf33db76ffb28beafb9e62758"},"headline":"Katharina Boguslawski laureatk\u0105 Nagr\u00f3d Naukowych Polityki 2020","datePublished":"2020-10-23T09:39:03+00:00","dateModified":"2020-11-25T17:01:29+00:00","mainEntityOfPage":{"@id":"https:\/\/amu.pan.pl\/en\/katharina-boguslawski-laureatka-nagrod-naukowych-polityki-2020\/"},"wordCount":93,"publisher":{"@id":"https:\/\/amu.pan.pl\/#organization"},"image":{"@id":"https:\/\/amu.pan.pl\/en\/katharina-boguslawski-laureatka-nagrod-naukowych-polityki-2020\/#primaryimage"},"thumbnailUrl":"https:\/\/amu.pan.pl\/wp-content\/uploads\/2019\/10\/kb.jpg","keywords":["Fizyka","Nagrody","Sukcesy Cz\u0142onki\u0144 i Cz\u0142onk\u00f3w AMU"],"articleSection":["Aktualno\u015bci","Sukcesy"],"inLanguage":"en-GB"},{"@type":"WebPage","@id":"https:\/\/amu.pan.pl\/en\/katharina-boguslawski-laureatka-nagrod-naukowych-polityki-2020\/","url":"https:\/\/amu.pan.pl\/en\/katharina-boguslawski-laureatka-nagrod-naukowych-polityki-2020\/","name":"Katharina Boguslawski laureatk\u0105 Nagr\u00f3d Naukowych Polityki 2020 - Akademia M\u0142odych Uczonych","isPartOf":{"@id":"https:\/\/amu.pan.pl\/#website"},"primaryImageOfPage":{"@id":"https:\/\/amu.pan.pl\/en\/katharina-boguslawski-laureatka-nagrod-naukowych-polityki-2020\/#primaryimage"},"image":{"@id":"https:\/\/amu.pan.pl\/en\/katharina-boguslawski-laureatka-nagrod-naukowych-polityki-2020\/#primaryimage"},"thumbnailUrl":"https:\/\/amu.pan.pl\/wp-content\/uploads\/2019\/10\/kb.jpg","datePublished":"2020-10-23T09:39:03+00:00","dateModified":"2020-11-25T17:01:29+00:00","description":"Dr hab. Katharina Boguslawski, profesor UMK i cz\u0142onkini AMU bie\u017c\u0105cej kadencji, zosta\u0142a laureatk\u0105 Nagr\u00f3d Naukowych Polityki.","breadcrumb":{"@id":"https:\/\/amu.pan.pl\/en\/katharina-boguslawski-laureatka-nagrod-naukowych-polityki-2020\/#breadcrumb"},"inLanguage":"en-GB","potentialAction":[{"@type":"ReadAction","target":["https:\/\/amu.pan.pl\/en\/katharina-boguslawski-laureatka-nagrod-naukowych-polityki-2020\/"]}]},{"@type":"ImageObject","inLanguage":"en-GB","@id":"https:\/\/amu.pan.pl\/en\/katharina-boguslawski-laureatka-nagrod-naukowych-polityki-2020\/#primaryimage","url":"https:\/\/amu.pan.pl\/wp-content\/uploads\/2019\/10\/kb.jpg","contentUrl":"https:\/\/amu.pan.pl\/wp-content\/uploads\/2019\/10\/kb.jpg","width":2126,"height":1417,"caption":"kb.jpg"},{"@type":"BreadcrumbList","@id":"https:\/\/amu.pan.pl\/en\/katharina-boguslawski-laureatka-nagrod-naukowych-polityki-2020\/#breadcrumb","itemListElement":[{"@type":"ListItem","position":1,"name":"Strona g\u0142\u00f3wna","item":"https:\/\/amu.pan.pl\/"},{"@type":"ListItem","position":2,"name":"Katharina Boguslawski laureatk\u0105 Nagr\u00f3d Naukowych Polityki 2020"}]},{"@type":"WebSite","@id":"https:\/\/amu.pan.pl\/#website","url":"https:\/\/amu.pan.pl\/","name":"Akademia M\u0142odych Uczonych","description":"Polska Akademia Nauk","publisher":{"@id":"https:\/\/amu.pan.pl\/#organization"},"potentialAction":[{"@type":"SearchAction","target":{"@type":"EntryPoint","urlTemplate":"https:\/\/amu.pan.pl\/?s={search_term_string}"},"query-input":{"@type":"PropertyValueSpecification","valueRequired":true,"valueName":"search_term_string"}}],"inLanguage":"en-GB"},{"@type":"Organization","@id":"https:\/\/amu.pan.pl\/#organization","name":"Akademia M\u0142odych Uczonych","url":"https:\/\/amu.pan.pl\/","logo":{"@type":"ImageObject","inLanguage":"en-GB","@id":"https:\/\/amu.pan.pl\/#\/schema\/logo\/image\/","url":"https:\/\/amu.pan.pl\/wp-content\/uploads\/2020\/08\/zz_amu.png","contentUrl":"https:\/\/amu.pan.pl\/wp-content\/uploads\/2020\/08\/zz_amu.png","width":2794,"height":1016,"caption":"Akademia M\u0142odych Uczonych"},"image":{"@id":"https:\/\/amu.pan.pl\/#\/schema\/logo\/image\/"},"sameAs":["https:\/\/www.facebook.com\/AkademiaMlodychUczonych\/","https:\/\/x.com\/AMUPAN1"]},{"@type":"Person","@id":"https:\/\/amu.pan.pl\/#\/schema\/person\/6228761cf33db76ffb28beafb9e62758","name":"redaktor","image":{"@type":"ImageObject","inLanguage":"en-GB","@id":"https:\/\/amu.pan.pl\/#\/schema\/person\/image\/","url":"https:\/\/secure.gravatar.com\/avatar\/a0599af3d5c48d4131a3e882d6a2cedfdbc82b886c803755075873f68351b8b5?s=96&d=mm&r=g","contentUrl":"https:\/\/secure.gravatar.com\/avatar\/a0599af3d5c48d4131a3e882d6a2cedfdbc82b886c803755075873f68351b8b5?s=96&d=mm&r=g","caption":"redaktor"},"url":"https:\/\/amu.pan.pl\/en\/author\/redaktor\/"}]}},"_links":{"self":[{"href":"https:\/\/amu.pan.pl\/en\/wp-json\/wp\/v2\/posts\/2644","targetHints":{"allow":["GET"]}}],"collection":[{"href":"https:\/\/amu.pan.pl\/en\/wp-json\/wp\/v2\/posts"}],"about":[{"href":"https:\/\/amu.pan.pl\/en\/wp-json\/wp\/v2\/types\/post"}],"author":[{"embeddable":true,"href":"https:\/\/amu.pan.pl\/en\/wp-json\/wp\/v2\/users\/2"}],"replies":[{"embeddable":true,"href":"https:\/\/amu.pan.pl\/en\/wp-json\/wp\/v2\/comments?post=2644"}],"version-history":[{"count":2,"href":"https:\/\/amu.pan.pl\/en\/wp-json\/wp\/v2\/posts\/2644\/revisions"}],"predecessor-version":[{"id":2649,"href":"https:\/\/amu.pan.pl\/en\/wp-json\/wp\/v2\/posts\/2644\/revisions\/2649"}],"wp:featuredmedia":[{"embeddable":true,"href":"https:\/\/amu.pan.pl\/en\/wp-json\/wp\/v2\/media\/287"}],"wp:attachment":[{"href":"https:\/\/amu.pan.pl\/en\/wp-json\/wp\/v2\/media?parent=2644"}],"wp:term":[{"taxonomy":"category","embeddable":true,"href":"https:\/\/amu.pan.pl\/en\/wp-json\/wp\/v2\/categories?post=2644"},{"taxonomy":"post_tag","embeddable":true,"href":"https:\/\/amu.pan.pl\/en\/wp-json\/wp\/v2\/tags?post=2644"}],"curies":[{"name":"wp","href":"https:\/\/api.w.org\/{rel}","templated":true}]}}