{"id":281,"date":"2019-04-15T09:20:23","date_gmt":"2019-04-15T07:20:23","guid":{"rendered":"https:\/\/amu.pan.pl\/test\/2019\/04\/15\/ramn\/"},"modified":"2019-04-15T09:20:23","modified_gmt":"2019-04-15T07:20:23","slug":"ramn","status":"publish","type":"post","link":"https:\/\/amu.pan.pl\/en\/ramn\/","title":{"rendered":"Recent Advances in Nonlinear Mechanics"},"content":{"rendered":"<p>Katedra Dynamiki Maszyn Wydzia\u0142u Mechanicznego Politechniki \u0141\u00f3dzkiej wraz z Akademi\u0105 M\u0142odych Uczonych organizuj\u0105 w dniach 7-10 maja 2019 r. mi\u0119dzynarodow\u0105 konferencj\u0119 \u201eRecent Advances in Nonlinear Mechanics (RANM 2019)\u201d. Konferencja odb\u0119dzie w gmachu Akademickiego Centrum Sportowo-Dydaktycznego Politechniki \u0141\u00f3dzkiej &#8220;Zatoka Sportu&#8221;.<\/p>\n<p>  <!--more-->  <\/p>\n<p>G\u0142\u00f3wnym celem konferencji jest wymiana pogl\u0105d\u00f3w reprezentowanych przez krajowe i zagraniczne o\u015brodki naukowe, zajmuj\u0105ce si\u0119 problematyk\u0105 mechaniki nieliniowej. Konferencja umo\u017cliwi merytoryczn\u0105 dyskusj\u0119 na temat najbardziej istotnych i aktualnych problem\u00f3w dotycz\u0105cych uk\u0142ad\u00f3w nieliniowych, w tym identyfikacji r\u00f3\u017cnych modeli urz\u0105dze\u0144 nowoczesnej in\u017cynierii oraz propozycji rozwi\u0105za\u0144 w tym zakresie. Konferencja stanowi r\u00f3wnie\u017c doskona\u0142\u0105 okazj\u0119 do nawi\u0105zania lub zacie\u015bniania wsp\u00f3\u0142pracy naukowej pomi\u0119dzy najlepszymi specjalistami w tej dziedzinie nauki.<\/p>\n<p>Podczas konferencji zaprezentowane zostan\u0105 referaty z nast\u0119puj\u0105cych obszarach tematycznych:<\/p>\n<ul>\n<li>dynamika maszyn oraz budowli<\/li>\n<li>identyfikacja parametr\u00f3w<\/li>\n<li>dynamika uk\u0142ad\u00f3w z nieci\u0105g\u0142o\u015bciami oraz op\u00f3\u017anieniem czasowym<\/li>\n<li>dynamika MEMS oraz uk\u0142ad\u00f3w z pami\u0119ci\u0105 kszta\u0142tu<\/li>\n<li>synchronizacja<\/li>\n<li>dynamika oraz multistabilno\u015b\u0107 uk\u0142ad\u00f3w z\u0142o\u017conych<\/li>\n<li>mechanika materia\u0142\u00f3w<\/li>\n<li>analiza sejsmiczna budowli<\/li>\n<\/ul>\n<p>Mi\u0119dzynarodowa Konferencja Recent Advances in Nonlinear Mechanics jest cykliczn\u0105 konferencj\u0105, organizowan\u0105 przez wiod\u0105ce \u015bwiatowe uczelnie techniczne. Dzi\u0119ki temu zyska\u0142a ju\u017c renom\u0119 i jest rozpoznawalna jako wa\u017cne wydarzenie naukowe. Organizatorami poprzednich edycji konferencji by\u0142y : University of Aberdeen, Harbin Institute of Technology, Chiny University of Nottingham.<\/p>\n<p>Strona konferencji: <a href=\"https:\/\/ranm2019.p.lodz.pl\/\">https:\/\/ranm2019.p.lodz.pl\/<\/a><\/p>","protected":false},"excerpt":{"rendered":"<p>Katedra Dynamiki Maszyn Wydzia\u0142u Mechanicznego Politechniki \u0141\u00f3dzkiej wraz z Akademi\u0105 M\u0142odych Uczonych organizuj\u0105 w dniach 7-10 maja 2019 r. mi\u0119dzynarodow\u0105 konferencj\u0119 \u201eRecent Advances in Nonlinear Mechanics (RANM 2019)\u201d. Konferencja odb\u0119dzie w gmachu Akademickiego Centrum Sportowo-Dydaktycznego Politechniki \u0141\u00f3dzkiej &#8220;Zatoka Sportu&#8221;.<\/p>","protected":false},"author":2,"featured_media":0,"comment_status":"open","ping_status":"open","sticky":false,"template":"","format":"standard","meta":{"_monsterinsights_skip_tracking":false,"_monsterinsights_sitenote_active":false,"_monsterinsights_sitenote_note":"","_monsterinsights_sitenote_category":0,"footnotes":""},"categories":[11],"tags":[],"class_list":["post-281","post","type-post","status-publish","format-standard","hentry","category-konferencje"],"yoast_head":"<!-- This site is optimized with the Yoast SEO plugin v25.0 - https:\/\/yoast.com\/wordpress\/plugins\/seo\/ -->\n<title>Recent Advances in Nonlinear Mechanics - Akademia M\u0142odych Uczonych<\/title>\n<meta name=\"robots\" content=\"index, follow, max-snippet:-1, max-image-preview:large, max-video-preview:-1\" \/>\n<link rel=\"canonical\" href=\"https:\/\/amu.pan.pl\/en\/ramn\/\" \/>\n<meta property=\"og:locale\" content=\"en_GB\" \/>\n<meta property=\"og:type\" content=\"article\" \/>\n<meta property=\"og:title\" content=\"Recent Advances in Nonlinear Mechanics - Akademia M\u0142odych Uczonych\" \/>\n<meta property=\"og:description\" content=\"Katedra Dynamiki Maszyn Wydzia\u0142u Mechanicznego Politechniki \u0141\u00f3dzkiej wraz z Akademi\u0105 M\u0142odych Uczonych organizuj\u0105 w dniach 7-10 maja 2019 r. mi\u0119dzynarodow\u0105 konferencj\u0119 \u201eRecent Advances in Nonlinear Mechanics (RANM 2019)\u201d. Konferencja odb\u0119dzie w gmachu Akademickiego Centrum Sportowo-Dydaktycznego Politechniki \u0141\u00f3dzkiej &#8220;Zatoka Sportu&#8221;.\" \/>\n<meta property=\"og:url\" content=\"https:\/\/amu.pan.pl\/en\/ramn\/\" \/>\n<meta property=\"og:site_name\" content=\"Akademia M\u0142odych Uczonych\" \/>\n<meta property=\"article:publisher\" content=\"https:\/\/www.facebook.com\/AkademiaMlodychUczonych\/\" \/>\n<meta property=\"article:published_time\" content=\"2019-04-15T07:20:23+00:00\" \/>\n<meta property=\"og:image\" content=\"https:\/\/amu.pan.pl\/wp-content\/uploads\/2020\/09\/AMU_logo.png\" \/>\n\t<meta property=\"og:image:width\" content=\"600\" \/>\n\t<meta property=\"og:image:height\" content=\"342\" \/>\n\t<meta property=\"og:image:type\" content=\"image\/png\" \/>\n<meta name=\"author\" content=\"redaktor\" \/>\n<meta name=\"twitter:card\" content=\"summary_large_image\" \/>\n<meta name=\"twitter:creator\" content=\"@AMUPAN1\" \/>\n<meta name=\"twitter:site\" content=\"@AMUPAN1\" \/>\n<meta name=\"twitter:label1\" content=\"Written by\" \/>\n\t<meta name=\"twitter:data1\" content=\"redaktor\" \/>\n\t<meta name=\"twitter:label2\" content=\"Estimated reading time\" \/>\n\t<meta name=\"twitter:data2\" content=\"1 minute\" \/>\n<script type=\"application\/ld+json\" class=\"yoast-schema-graph\">{\"@context\":\"https:\/\/schema.org\",\"@graph\":[{\"@type\":\"Article\",\"@id\":\"https:\/\/amu.pan.pl\/en\/ramn\/#article\",\"isPartOf\":{\"@id\":\"https:\/\/amu.pan.pl\/en\/ramn\/\"},\"author\":{\"name\":\"redaktor\",\"@id\":\"https:\/\/amu.pan.pl\/#\/schema\/person\/6228761cf33db76ffb28beafb9e62758\"},\"headline\":\"Recent Advances in Nonlinear Mechanics\",\"datePublished\":\"2019-04-15T07:20:23+00:00\",\"mainEntityOfPage\":{\"@id\":\"https:\/\/amu.pan.pl\/en\/ramn\/\"},\"wordCount\":244,\"commentCount\":0,\"publisher\":{\"@id\":\"https:\/\/amu.pan.pl\/#organization\"},\"articleSection\":[\"Konferencje\"],\"inLanguage\":\"en-GB\",\"potentialAction\":[{\"@type\":\"CommentAction\",\"name\":\"Comment\",\"target\":[\"https:\/\/amu.pan.pl\/en\/ramn\/#respond\"]}]},{\"@type\":\"WebPage\",\"@id\":\"https:\/\/amu.pan.pl\/en\/ramn\/\",\"url\":\"https:\/\/amu.pan.pl\/en\/ramn\/\",\"name\":\"Recent Advances in Nonlinear Mechanics - Akademia M\u0142odych Uczonych\",\"isPartOf\":{\"@id\":\"https:\/\/amu.pan.pl\/#website\"},\"datePublished\":\"2019-04-15T07:20:23+00:00\",\"breadcrumb\":{\"@id\":\"https:\/\/amu.pan.pl\/en\/ramn\/#breadcrumb\"},\"inLanguage\":\"en-GB\",\"potentialAction\":[{\"@type\":\"ReadAction\",\"target\":[\"https:\/\/amu.pan.pl\/en\/ramn\/\"]}]},{\"@type\":\"BreadcrumbList\",\"@id\":\"https:\/\/amu.pan.pl\/en\/ramn\/#breadcrumb\",\"itemListElement\":[{\"@type\":\"ListItem\",\"position\":1,\"name\":\"Strona g\u0142\u00f3wna\",\"item\":\"https:\/\/amu.pan.pl\/\"},{\"@type\":\"ListItem\",\"position\":2,\"name\":\"Recent Advances in Nonlinear Mechanics\"}]},{\"@type\":\"WebSite\",\"@id\":\"https:\/\/amu.pan.pl\/#website\",\"url\":\"https:\/\/amu.pan.pl\/\",\"name\":\"Akademia M\u0142odych Uczonych\",\"description\":\"Polska Akademia Nauk\",\"publisher\":{\"@id\":\"https:\/\/amu.pan.pl\/#organization\"},\"potentialAction\":[{\"@type\":\"SearchAction\",\"target\":{\"@type\":\"EntryPoint\",\"urlTemplate\":\"https:\/\/amu.pan.pl\/?s={search_term_string}\"},\"query-input\":{\"@type\":\"PropertyValueSpecification\",\"valueRequired\":true,\"valueName\":\"search_term_string\"}}],\"inLanguage\":\"en-GB\"},{\"@type\":\"Organization\",\"@id\":\"https:\/\/amu.pan.pl\/#organization\",\"name\":\"Akademia M\u0142odych Uczonych\",\"url\":\"https:\/\/amu.pan.pl\/\",\"logo\":{\"@type\":\"ImageObject\",\"inLanguage\":\"en-GB\",\"@id\":\"https:\/\/amu.pan.pl\/#\/schema\/logo\/image\/\",\"url\":\"https:\/\/amu.pan.pl\/wp-content\/uploads\/2020\/08\/zz_amu.png\",\"contentUrl\":\"https:\/\/amu.pan.pl\/wp-content\/uploads\/2020\/08\/zz_amu.png\",\"width\":2794,\"height\":1016,\"caption\":\"Akademia M\u0142odych Uczonych\"},\"image\":{\"@id\":\"https:\/\/amu.pan.pl\/#\/schema\/logo\/image\/\"},\"sameAs\":[\"https:\/\/www.facebook.com\/AkademiaMlodychUczonych\/\",\"https:\/\/x.com\/AMUPAN1\"]},{\"@type\":\"Person\",\"@id\":\"https:\/\/amu.pan.pl\/#\/schema\/person\/6228761cf33db76ffb28beafb9e62758\",\"name\":\"redaktor\",\"image\":{\"@type\":\"ImageObject\",\"inLanguage\":\"en-GB\",\"@id\":\"https:\/\/amu.pan.pl\/#\/schema\/person\/image\/\",\"url\":\"https:\/\/secure.gravatar.com\/avatar\/a0599af3d5c48d4131a3e882d6a2cedfdbc82b886c803755075873f68351b8b5?s=96&d=mm&r=g\",\"contentUrl\":\"https:\/\/secure.gravatar.com\/avatar\/a0599af3d5c48d4131a3e882d6a2cedfdbc82b886c803755075873f68351b8b5?s=96&d=mm&r=g\",\"caption\":\"redaktor\"},\"url\":\"https:\/\/amu.pan.pl\/en\/author\/redaktor\/\"}]}<\/script>\n<!-- \/ Yoast SEO plugin. -->","yoast_head_json":{"title":"Recent Advances in Nonlinear Mechanics - Akademia M\u0142odych Uczonych","robots":{"index":"index","follow":"follow","max-snippet":"max-snippet:-1","max-image-preview":"max-image-preview:large","max-video-preview":"max-video-preview:-1"},"canonical":"https:\/\/amu.pan.pl\/en\/ramn\/","og_locale":"en_GB","og_type":"article","og_title":"Recent Advances in Nonlinear Mechanics - Akademia M\u0142odych Uczonych","og_description":"Katedra Dynamiki Maszyn Wydzia\u0142u Mechanicznego Politechniki \u0141\u00f3dzkiej wraz z Akademi\u0105 M\u0142odych Uczonych organizuj\u0105 w dniach 7-10 maja 2019 r. mi\u0119dzynarodow\u0105 konferencj\u0119 \u201eRecent Advances in Nonlinear Mechanics (RANM 2019)\u201d. Konferencja odb\u0119dzie w gmachu Akademickiego Centrum Sportowo-Dydaktycznego Politechniki \u0141\u00f3dzkiej &#8220;Zatoka Sportu&#8221;.","og_url":"https:\/\/amu.pan.pl\/en\/ramn\/","og_site_name":"Akademia M\u0142odych Uczonych","article_publisher":"https:\/\/www.facebook.com\/AkademiaMlodychUczonych\/","article_published_time":"2019-04-15T07:20:23+00:00","og_image":[{"width":600,"height":342,"url":"https:\/\/amu.pan.pl\/wp-content\/uploads\/2020\/09\/AMU_logo.png","type":"image\/png"}],"author":"redaktor","twitter_card":"summary_large_image","twitter_creator":"@AMUPAN1","twitter_site":"@AMUPAN1","twitter_misc":{"Written by":"redaktor","Estimated reading time":"1 minute"},"schema":{"@context":"https:\/\/schema.org","@graph":[{"@type":"Article","@id":"https:\/\/amu.pan.pl\/en\/ramn\/#article","isPartOf":{"@id":"https:\/\/amu.pan.pl\/en\/ramn\/"},"author":{"name":"redaktor","@id":"https:\/\/amu.pan.pl\/#\/schema\/person\/6228761cf33db76ffb28beafb9e62758"},"headline":"Recent Advances in Nonlinear Mechanics","datePublished":"2019-04-15T07:20:23+00:00","mainEntityOfPage":{"@id":"https:\/\/amu.pan.pl\/en\/ramn\/"},"wordCount":244,"commentCount":0,"publisher":{"@id":"https:\/\/amu.pan.pl\/#organization"},"articleSection":["Konferencje"],"inLanguage":"en-GB","potentialAction":[{"@type":"CommentAction","name":"Comment","target":["https:\/\/amu.pan.pl\/en\/ramn\/#respond"]}]},{"@type":"WebPage","@id":"https:\/\/amu.pan.pl\/en\/ramn\/","url":"https:\/\/amu.pan.pl\/en\/ramn\/","name":"Recent Advances in Nonlinear Mechanics - Akademia M\u0142odych Uczonych","isPartOf":{"@id":"https:\/\/amu.pan.pl\/#website"},"datePublished":"2019-04-15T07:20:23+00:00","breadcrumb":{"@id":"https:\/\/amu.pan.pl\/en\/ramn\/#breadcrumb"},"inLanguage":"en-GB","potentialAction":[{"@type":"ReadAction","target":["https:\/\/amu.pan.pl\/en\/ramn\/"]}]},{"@type":"BreadcrumbList","@id":"https:\/\/amu.pan.pl\/en\/ramn\/#breadcrumb","itemListElement":[{"@type":"ListItem","position":1,"name":"Strona g\u0142\u00f3wna","item":"https:\/\/amu.pan.pl\/"},{"@type":"ListItem","position":2,"name":"Recent Advances in Nonlinear Mechanics"}]},{"@type":"WebSite","@id":"https:\/\/amu.pan.pl\/#website","url":"https:\/\/amu.pan.pl\/","name":"Akademia M\u0142odych Uczonych","description":"Polska Akademia Nauk","publisher":{"@id":"https:\/\/amu.pan.pl\/#organization"},"potentialAction":[{"@type":"SearchAction","target":{"@type":"EntryPoint","urlTemplate":"https:\/\/amu.pan.pl\/?s={search_term_string}"},"query-input":{"@type":"PropertyValueSpecification","valueRequired":true,"valueName":"search_term_string"}}],"inLanguage":"en-GB"},{"@type":"Organization","@id":"https:\/\/amu.pan.pl\/#organization","name":"Akademia M\u0142odych Uczonych","url":"https:\/\/amu.pan.pl\/","logo":{"@type":"ImageObject","inLanguage":"en-GB","@id":"https:\/\/amu.pan.pl\/#\/schema\/logo\/image\/","url":"https:\/\/amu.pan.pl\/wp-content\/uploads\/2020\/08\/zz_amu.png","contentUrl":"https:\/\/amu.pan.pl\/wp-content\/uploads\/2020\/08\/zz_amu.png","width":2794,"height":1016,"caption":"Akademia M\u0142odych Uczonych"},"image":{"@id":"https:\/\/amu.pan.pl\/#\/schema\/logo\/image\/"},"sameAs":["https:\/\/www.facebook.com\/AkademiaMlodychUczonych\/","https:\/\/x.com\/AMUPAN1"]},{"@type":"Person","@id":"https:\/\/amu.pan.pl\/#\/schema\/person\/6228761cf33db76ffb28beafb9e62758","name":"redaktor","image":{"@type":"ImageObject","inLanguage":"en-GB","@id":"https:\/\/amu.pan.pl\/#\/schema\/person\/image\/","url":"https:\/\/secure.gravatar.com\/avatar\/a0599af3d5c48d4131a3e882d6a2cedfdbc82b886c803755075873f68351b8b5?s=96&d=mm&r=g","contentUrl":"https:\/\/secure.gravatar.com\/avatar\/a0599af3d5c48d4131a3e882d6a2cedfdbc82b886c803755075873f68351b8b5?s=96&d=mm&r=g","caption":"redaktor"},"url":"https:\/\/amu.pan.pl\/en\/author\/redaktor\/"}]}},"_links":{"self":[{"href":"https:\/\/amu.pan.pl\/en\/wp-json\/wp\/v2\/posts\/281","targetHints":{"allow":["GET"]}}],"collection":[{"href":"https:\/\/amu.pan.pl\/en\/wp-json\/wp\/v2\/posts"}],"about":[{"href":"https:\/\/amu.pan.pl\/en\/wp-json\/wp\/v2\/types\/post"}],"author":[{"embeddable":true,"href":"https:\/\/amu.pan.pl\/en\/wp-json\/wp\/v2\/users\/2"}],"replies":[{"embeddable":true,"href":"https:\/\/amu.pan.pl\/en\/wp-json\/wp\/v2\/comments?post=281"}],"version-history":[{"count":0,"href":"https:\/\/amu.pan.pl\/en\/wp-json\/wp\/v2\/posts\/281\/revisions"}],"wp:attachment":[{"href":"https:\/\/amu.pan.pl\/en\/wp-json\/wp\/v2\/media?parent=281"}],"wp:term":[{"taxonomy":"category","embeddable":true,"href":"https:\/\/amu.pan.pl\/en\/wp-json\/wp\/v2\/categories?post=281"},{"taxonomy":"post_tag","embeddable":true,"href":"https:\/\/amu.pan.pl\/en\/wp-json\/wp\/v2\/tags?post=281"}],"curies":[{"name":"wp","href":"https:\/\/api.w.org\/{rel}","templated":true}]}}