{"id":3205,"date":"2021-02-12T10:51:20","date_gmt":"2021-02-12T09:51:20","guid":{"rendered":"https:\/\/amu.pan.pl\/?p=3205"},"modified":"2021-02-12T11:04:04","modified_gmt":"2021-02-12T10:04:04","slug":"amu-pan-zaniepokojona-arbitralnymi-zmianami-w-wykazie-czasopism","status":"publish","type":"post","link":"https:\/\/amu.pan.pl\/en\/amu-pan-zaniepokojona-arbitralnymi-zmianami-w-wykazie-czasopism\/","title":{"rendered":"AMU PAN zaniepokojona  arbitralnymi zmianami w wykazie czasopism"},"content":{"rendered":"<p class=\"has-text-align-left\"><img decoding=\"async\" src=\"https:\/\/lh4.googleusercontent.com\/u_orLQoHnBE3cafaNsfcX-AvCcEsgYJjSfv6c0HjQKApetnVeUO-mOl5JrOwVU4byn41lKEwNMNE-7tRrcOYxDOCr1mdj04_Zj6N_IhmRUzOSfDt0lNrQ0zSGr6HErQ3XRldKHPI\" width=\"179\" height=\"102\"><\/p>\n\n\n\n<p class=\"has-text-align-right\">Warszawa, 12 lutego 2021 r.<\/p>\n\n\n\n<p>Akademia M\u0142odych Uczonych podziela zaniepokojenie \u015brodowiska akademickiego zmianami dokonanymi przez ministerstwo w wykazie czasopism naukowych.<a rel=\"noreferrer noopener\" href=\"https:\/\/www.gov.pl\/web\/edukacja-i-nauka\/nowy-rozszerzony-wykaz-czasopism-naukowych-i-recenzowanych-materialow-z-konferencji-miedzynarodowych\" target=\"_blank\">[1]<\/a> Pomini\u0119cie g\u0142osu Komisji Ewaluacji Nauki <a rel=\"noreferrer noopener\" href=\"https:\/\/forumakademickie.pl\/sprawy-nauki\/oswiadczenie-komisji-ewaluacji-nauki\/\" target=\"_blank\">[2]<\/a>, a tak\u017ce zlekcewa\u017cenie opinii instytucji akademickich i ekspert\u00f3w podwa\u017caj\u0105 zaufanie do procesu ewaluacji, na kt\u00f3rym opiera si\u0119 ocena jako\u015bci i finansowanie bada\u0144. Podj\u0119te przez ministerstwo dzia\u0142ania b\u0119d\u0105 mia\u0142y w niedalekiej przysz\u0142o\u015bci fatalne konsekwencje, przy czym odczuj\u0105 je przede wszystkim nauki humanistyczne i spo\u0142eczne. Zmiany w wykazie nie odzwierciedlaj\u0105 bowiem poziomu naukowego i znaczenia czasopism <a rel=\"noreferrer noopener\" href=\"https:\/\/forumakademickie.pl\/sprawy-nauki\/wykaz-czasopism-komentarz-do-zmian-w-filozofii\/\" target=\"_blank\">[3]<\/a>, zacieraj\u0105 granic\u0119 mi\u0119dzy pismami znakomitymi a miernymi, a tak\u017ce uprzywilejowuj\u0105 publicystyk\u0119 kosztem prac naukowych. Ta arbitralna ingerencja, cho\u0107 przynosi dora\u017ane korzy\u015bci pojedynczym osobom czy \u015brodowiskom <a rel=\"noreferrer noopener\" href=\"https:\/\/www.facebook.com\/DELabUW\/posts\/4034283759914956\" target=\"_blank\">[4]<\/a>, przyczyni si\u0119 do obni\u017cenia poziomu bada\u0144 i polskiej nauki.<\/p>","protected":false},"excerpt":{"rendered":"<p>Warszawa, 12 lutego 2021 r. Akademia M\u0142odych Uczonych podziela zaniepokojenie \u015brodowiska akademickiego zmianami dokonanymi przez ministerstwo w wykazie czasopism naukowych.[1] Pomini\u0119cie g\u0142osu Komisji Ewaluacji Nauki [2], a tak\u017ce zlekcewa\u017cenie opinii instytucji akademickich i ekspert\u00f3w podwa\u017caj\u0105 zaufanie do procesu ewaluacji, na kt\u00f3rym opiera si\u0119 ocena jako\u015bci i finansowanie bada\u0144. Podj\u0119te przez ministerstwo dzia\u0142ania b\u0119d\u0105 mia\u0142y w&hellip;&nbsp;<a href=\"https:\/\/amu.pan.pl\/en\/amu-pan-zaniepokojona-arbitralnymi-zmianami-w-wykazie-czasopism\/\" rel=\"bookmark\">Read More &raquo;<span class=\"screen-reader-text\">AMU PAN zaniepokojona  arbitralnymi zmianami w wykazie czasopism<\/span><\/a><\/p>","protected":false},"author":2,"featured_media":0,"comment_status":"closed","ping_status":"closed","sticky":false,"template":"","format":"standard","meta":{"_monsterinsights_skip_tracking":false,"_monsterinsights_sitenote_active":false,"_monsterinsights_sitenote_note":"","_monsterinsights_sitenote_category":0,"neve_meta_sidebar":"","neve_meta_container":"","neve_meta_enable_content_width":"","neve_meta_content_width":0,"neve_meta_title_alignment":"","neve_meta_author_avatar":"","neve_post_elements_order":"","neve_meta_disable_header":"","neve_meta_disable_footer":"","neve_meta_disable_title":"","footnotes":""},"categories":[4],"tags":[],"class_list":["post-3205","post","type-post","status-publish","format-standard","hentry","category-aktualnosci"],"yoast_head":"<!-- This site is optimized with the Yoast SEO plugin v25.0 - https:\/\/yoast.com\/wordpress\/plugins\/seo\/ -->\n<title>AMU PAN zaniepokojona arbitralnymi zmianami w wykazie czasopism - Akademia M\u0142odych Uczonych<\/title>\n<meta name=\"robots\" content=\"index, follow, max-snippet:-1, max-image-preview:large, max-video-preview:-1\" \/>\n<link rel=\"canonical\" href=\"https:\/\/amu.pan.pl\/en\/amu-pan-zaniepokojona-arbitralnymi-zmianami-w-wykazie-czasopism\/\" \/>\n<meta property=\"og:locale\" content=\"en_GB\" \/>\n<meta property=\"og:type\" content=\"article\" \/>\n<meta property=\"og:title\" content=\"AMU PAN zaniepokojona arbitralnymi zmianami w wykazie czasopism - Akademia M\u0142odych Uczonych\" \/>\n<meta property=\"og:description\" content=\"Warszawa, 12 lutego 2021 r. Akademia M\u0142odych Uczonych podziela zaniepokojenie \u015brodowiska akademickiego zmianami dokonanymi przez ministerstwo w wykazie czasopism naukowych.[1] Pomini\u0119cie g\u0142osu Komisji Ewaluacji Nauki [2], a tak\u017ce zlekcewa\u017cenie opinii instytucji akademickich i ekspert\u00f3w podwa\u017caj\u0105 zaufanie do procesu ewaluacji, na kt\u00f3rym opiera si\u0119 ocena jako\u015bci i finansowanie bada\u0144. Podj\u0119te przez ministerstwo dzia\u0142ania b\u0119d\u0105 mia\u0142y w&hellip;&nbsp;Read More &raquo;AMU PAN zaniepokojona arbitralnymi zmianami w wykazie czasopism\" \/>\n<meta property=\"og:url\" content=\"https:\/\/amu.pan.pl\/en\/amu-pan-zaniepokojona-arbitralnymi-zmianami-w-wykazie-czasopism\/\" \/>\n<meta property=\"og:site_name\" content=\"Akademia M\u0142odych Uczonych\" \/>\n<meta property=\"article:publisher\" content=\"https:\/\/www.facebook.com\/AkademiaMlodychUczonych\/\" \/>\n<meta property=\"article:published_time\" content=\"2021-02-12T09:51:20+00:00\" \/>\n<meta property=\"article:modified_time\" content=\"2021-02-12T10:04:04+00:00\" \/>\n<meta property=\"og:image\" content=\"https:\/\/lh4.googleusercontent.com\/u_orLQoHnBE3cafaNsfcX-AvCcEsgYJjSfv6c0HjQKApetnVeUO-mOl5JrOwVU4byn41lKEwNMNE-7tRrcOYxDOCr1mdj04_Zj6N_IhmRUzOSfDt0lNrQ0zSGr6HErQ3XRldKHPI\" \/>\n<meta name=\"author\" content=\"redaktor\" \/>\n<meta name=\"twitter:card\" content=\"summary_large_image\" \/>\n<meta name=\"twitter:creator\" content=\"@AMUPAN1\" \/>\n<meta name=\"twitter:site\" content=\"@AMUPAN1\" \/>\n<meta name=\"twitter:label1\" content=\"Written by\" \/>\n\t<meta name=\"twitter:data1\" content=\"redaktor\" \/>\n\t<meta name=\"twitter:label2\" content=\"Estimated reading time\" \/>\n\t<meta name=\"twitter:data2\" content=\"1 minute\" \/>\n<script type=\"application\/ld+json\" class=\"yoast-schema-graph\">{\"@context\":\"https:\/\/schema.org\",\"@graph\":[{\"@type\":\"Article\",\"@id\":\"https:\/\/amu.pan.pl\/amu-pan-zaniepokojona-arbitralnymi-zmianami-w-wykazie-czasopism\/#article\",\"isPartOf\":{\"@id\":\"https:\/\/amu.pan.pl\/amu-pan-zaniepokojona-arbitralnymi-zmianami-w-wykazie-czasopism\/\"},\"author\":{\"name\":\"redaktor\",\"@id\":\"https:\/\/amu.pan.pl\/#\/schema\/person\/6228761cf33db76ffb28beafb9e62758\"},\"headline\":\"AMU PAN zaniepokojona arbitralnymi zmianami w wykazie czasopism\",\"datePublished\":\"2021-02-12T09:51:20+00:00\",\"dateModified\":\"2021-02-12T10:04:04+00:00\",\"mainEntityOfPage\":{\"@id\":\"https:\/\/amu.pan.pl\/amu-pan-zaniepokojona-arbitralnymi-zmianami-w-wykazie-czasopism\/\"},\"wordCount\":140,\"publisher\":{\"@id\":\"https:\/\/amu.pan.pl\/#organization\"},\"image\":{\"@id\":\"https:\/\/amu.pan.pl\/amu-pan-zaniepokojona-arbitralnymi-zmianami-w-wykazie-czasopism\/#primaryimage\"},\"thumbnailUrl\":\"https:\/\/lh4.googleusercontent.com\/u_orLQoHnBE3cafaNsfcX-AvCcEsgYJjSfv6c0HjQKApetnVeUO-mOl5JrOwVU4byn41lKEwNMNE-7tRrcOYxDOCr1mdj04_Zj6N_IhmRUzOSfDt0lNrQ0zSGr6HErQ3XRldKHPI\",\"articleSection\":[\"Aktualno\u015bci\"],\"inLanguage\":\"en-GB\"},{\"@type\":\"WebPage\",\"@id\":\"https:\/\/amu.pan.pl\/amu-pan-zaniepokojona-arbitralnymi-zmianami-w-wykazie-czasopism\/\",\"url\":\"https:\/\/amu.pan.pl\/amu-pan-zaniepokojona-arbitralnymi-zmianami-w-wykazie-czasopism\/\",\"name\":\"AMU PAN zaniepokojona arbitralnymi zmianami w wykazie czasopism - Akademia M\u0142odych Uczonych\",\"isPartOf\":{\"@id\":\"https:\/\/amu.pan.pl\/#website\"},\"primaryImageOfPage\":{\"@id\":\"https:\/\/amu.pan.pl\/amu-pan-zaniepokojona-arbitralnymi-zmianami-w-wykazie-czasopism\/#primaryimage\"},\"image\":{\"@id\":\"https:\/\/amu.pan.pl\/amu-pan-zaniepokojona-arbitralnymi-zmianami-w-wykazie-czasopism\/#primaryimage\"},\"thumbnailUrl\":\"https:\/\/lh4.googleusercontent.com\/u_orLQoHnBE3cafaNsfcX-AvCcEsgYJjSfv6c0HjQKApetnVeUO-mOl5JrOwVU4byn41lKEwNMNE-7tRrcOYxDOCr1mdj04_Zj6N_IhmRUzOSfDt0lNrQ0zSGr6HErQ3XRldKHPI\",\"datePublished\":\"2021-02-12T09:51:20+00:00\",\"dateModified\":\"2021-02-12T10:04:04+00:00\",\"breadcrumb\":{\"@id\":\"https:\/\/amu.pan.pl\/amu-pan-zaniepokojona-arbitralnymi-zmianami-w-wykazie-czasopism\/#breadcrumb\"},\"inLanguage\":\"en-GB\",\"potentialAction\":[{\"@type\":\"ReadAction\",\"target\":[\"https:\/\/amu.pan.pl\/amu-pan-zaniepokojona-arbitralnymi-zmianami-w-wykazie-czasopism\/\"]}]},{\"@type\":\"ImageObject\",\"inLanguage\":\"en-GB\",\"@id\":\"https:\/\/amu.pan.pl\/amu-pan-zaniepokojona-arbitralnymi-zmianami-w-wykazie-czasopism\/#primaryimage\",\"url\":\"https:\/\/lh4.googleusercontent.com\/u_orLQoHnBE3cafaNsfcX-AvCcEsgYJjSfv6c0HjQKApetnVeUO-mOl5JrOwVU4byn41lKEwNMNE-7tRrcOYxDOCr1mdj04_Zj6N_IhmRUzOSfDt0lNrQ0zSGr6HErQ3XRldKHPI\",\"contentUrl\":\"https:\/\/lh4.googleusercontent.com\/u_orLQoHnBE3cafaNsfcX-AvCcEsgYJjSfv6c0HjQKApetnVeUO-mOl5JrOwVU4byn41lKEwNMNE-7tRrcOYxDOCr1mdj04_Zj6N_IhmRUzOSfDt0lNrQ0zSGr6HErQ3XRldKHPI\"},{\"@type\":\"BreadcrumbList\",\"@id\":\"https:\/\/amu.pan.pl\/amu-pan-zaniepokojona-arbitralnymi-zmianami-w-wykazie-czasopism\/#breadcrumb\",\"itemListElement\":[{\"@type\":\"ListItem\",\"position\":1,\"name\":\"Strona g\u0142\u00f3wna\",\"item\":\"https:\/\/amu.pan.pl\/\"},{\"@type\":\"ListItem\",\"position\":2,\"name\":\"AMU PAN zaniepokojona arbitralnymi zmianami w wykazie czasopism\"}]},{\"@type\":\"WebSite\",\"@id\":\"https:\/\/amu.pan.pl\/#website\",\"url\":\"https:\/\/amu.pan.pl\/\",\"name\":\"Akademia M\u0142odych Uczonych\",\"description\":\"Polska Akademia Nauk\",\"publisher\":{\"@id\":\"https:\/\/amu.pan.pl\/#organization\"},\"potentialAction\":[{\"@type\":\"SearchAction\",\"target\":{\"@type\":\"EntryPoint\",\"urlTemplate\":\"https:\/\/amu.pan.pl\/?s={search_term_string}\"},\"query-input\":{\"@type\":\"PropertyValueSpecification\",\"valueRequired\":true,\"valueName\":\"search_term_string\"}}],\"inLanguage\":\"en-GB\"},{\"@type\":\"Organization\",\"@id\":\"https:\/\/amu.pan.pl\/#organization\",\"name\":\"Akademia M\u0142odych Uczonych\",\"url\":\"https:\/\/amu.pan.pl\/\",\"logo\":{\"@type\":\"ImageObject\",\"inLanguage\":\"en-GB\",\"@id\":\"https:\/\/amu.pan.pl\/#\/schema\/logo\/image\/\",\"url\":\"https:\/\/amu.pan.pl\/wp-content\/uploads\/2020\/08\/zz_amu.png\",\"contentUrl\":\"https:\/\/amu.pan.pl\/wp-content\/uploads\/2020\/08\/zz_amu.png\",\"width\":2794,\"height\":1016,\"caption\":\"Akademia M\u0142odych Uczonych\"},\"image\":{\"@id\":\"https:\/\/amu.pan.pl\/#\/schema\/logo\/image\/\"},\"sameAs\":[\"https:\/\/www.facebook.com\/AkademiaMlodychUczonych\/\",\"https:\/\/x.com\/AMUPAN1\"]},{\"@type\":\"Person\",\"@id\":\"https:\/\/amu.pan.pl\/#\/schema\/person\/6228761cf33db76ffb28beafb9e62758\",\"name\":\"redaktor\",\"image\":{\"@type\":\"ImageObject\",\"inLanguage\":\"en-GB\",\"@id\":\"https:\/\/amu.pan.pl\/#\/schema\/person\/image\/\",\"url\":\"https:\/\/secure.gravatar.com\/avatar\/a0599af3d5c48d4131a3e882d6a2cedfdbc82b886c803755075873f68351b8b5?s=96&d=mm&r=g\",\"contentUrl\":\"https:\/\/secure.gravatar.com\/avatar\/a0599af3d5c48d4131a3e882d6a2cedfdbc82b886c803755075873f68351b8b5?s=96&d=mm&r=g\",\"caption\":\"redaktor\"},\"url\":\"https:\/\/amu.pan.pl\/en\/author\/redaktor\/\"}]}<\/script>\n<!-- \/ Yoast SEO plugin. -->","yoast_head_json":{"title":"AMU PAN zaniepokojona arbitralnymi zmianami w wykazie czasopism - Akademia M\u0142odych Uczonych","robots":{"index":"index","follow":"follow","max-snippet":"max-snippet:-1","max-image-preview":"max-image-preview:large","max-video-preview":"max-video-preview:-1"},"canonical":"https:\/\/amu.pan.pl\/en\/amu-pan-zaniepokojona-arbitralnymi-zmianami-w-wykazie-czasopism\/","og_locale":"en_GB","og_type":"article","og_title":"AMU PAN zaniepokojona arbitralnymi zmianami w wykazie czasopism - Akademia M\u0142odych Uczonych","og_description":"Warszawa, 12 lutego 2021 r. Akademia M\u0142odych Uczonych podziela zaniepokojenie \u015brodowiska akademickiego zmianami dokonanymi przez ministerstwo w wykazie czasopism naukowych.[1] Pomini\u0119cie g\u0142osu Komisji Ewaluacji Nauki [2], a tak\u017ce zlekcewa\u017cenie opinii instytucji akademickich i ekspert\u00f3w podwa\u017caj\u0105 zaufanie do procesu ewaluacji, na kt\u00f3rym opiera si\u0119 ocena jako\u015bci i finansowanie bada\u0144. Podj\u0119te przez ministerstwo dzia\u0142ania b\u0119d\u0105 mia\u0142y w&hellip;&nbsp;Read More &raquo;AMU PAN zaniepokojona arbitralnymi zmianami w wykazie czasopism","og_url":"https:\/\/amu.pan.pl\/en\/amu-pan-zaniepokojona-arbitralnymi-zmianami-w-wykazie-czasopism\/","og_site_name":"Akademia M\u0142odych Uczonych","article_publisher":"https:\/\/www.facebook.com\/AkademiaMlodychUczonych\/","article_published_time":"2021-02-12T09:51:20+00:00","article_modified_time":"2021-02-12T10:04:04+00:00","og_image":[{"url":"https:\/\/lh4.googleusercontent.com\/u_orLQoHnBE3cafaNsfcX-AvCcEsgYJjSfv6c0HjQKApetnVeUO-mOl5JrOwVU4byn41lKEwNMNE-7tRrcOYxDOCr1mdj04_Zj6N_IhmRUzOSfDt0lNrQ0zSGr6HErQ3XRldKHPI","type":"","width":"","height":""}],"author":"redaktor","twitter_card":"summary_large_image","twitter_creator":"@AMUPAN1","twitter_site":"@AMUPAN1","twitter_misc":{"Written by":"redaktor","Estimated reading time":"1 minute"},"schema":{"@context":"https:\/\/schema.org","@graph":[{"@type":"Article","@id":"https:\/\/amu.pan.pl\/amu-pan-zaniepokojona-arbitralnymi-zmianami-w-wykazie-czasopism\/#article","isPartOf":{"@id":"https:\/\/amu.pan.pl\/amu-pan-zaniepokojona-arbitralnymi-zmianami-w-wykazie-czasopism\/"},"author":{"name":"redaktor","@id":"https:\/\/amu.pan.pl\/#\/schema\/person\/6228761cf33db76ffb28beafb9e62758"},"headline":"AMU PAN zaniepokojona arbitralnymi zmianami w wykazie czasopism","datePublished":"2021-02-12T09:51:20+00:00","dateModified":"2021-02-12T10:04:04+00:00","mainEntityOfPage":{"@id":"https:\/\/amu.pan.pl\/amu-pan-zaniepokojona-arbitralnymi-zmianami-w-wykazie-czasopism\/"},"wordCount":140,"publisher":{"@id":"https:\/\/amu.pan.pl\/#organization"},"image":{"@id":"https:\/\/amu.pan.pl\/amu-pan-zaniepokojona-arbitralnymi-zmianami-w-wykazie-czasopism\/#primaryimage"},"thumbnailUrl":"https:\/\/lh4.googleusercontent.com\/u_orLQoHnBE3cafaNsfcX-AvCcEsgYJjSfv6c0HjQKApetnVeUO-mOl5JrOwVU4byn41lKEwNMNE-7tRrcOYxDOCr1mdj04_Zj6N_IhmRUzOSfDt0lNrQ0zSGr6HErQ3XRldKHPI","articleSection":["Aktualno\u015bci"],"inLanguage":"en-GB"},{"@type":"WebPage","@id":"https:\/\/amu.pan.pl\/amu-pan-zaniepokojona-arbitralnymi-zmianami-w-wykazie-czasopism\/","url":"https:\/\/amu.pan.pl\/amu-pan-zaniepokojona-arbitralnymi-zmianami-w-wykazie-czasopism\/","name":"AMU PAN zaniepokojona arbitralnymi zmianami w wykazie czasopism - Akademia M\u0142odych Uczonych","isPartOf":{"@id":"https:\/\/amu.pan.pl\/#website"},"primaryImageOfPage":{"@id":"https:\/\/amu.pan.pl\/amu-pan-zaniepokojona-arbitralnymi-zmianami-w-wykazie-czasopism\/#primaryimage"},"image":{"@id":"https:\/\/amu.pan.pl\/amu-pan-zaniepokojona-arbitralnymi-zmianami-w-wykazie-czasopism\/#primaryimage"},"thumbnailUrl":"https:\/\/lh4.googleusercontent.com\/u_orLQoHnBE3cafaNsfcX-AvCcEsgYJjSfv6c0HjQKApetnVeUO-mOl5JrOwVU4byn41lKEwNMNE-7tRrcOYxDOCr1mdj04_Zj6N_IhmRUzOSfDt0lNrQ0zSGr6HErQ3XRldKHPI","datePublished":"2021-02-12T09:51:20+00:00","dateModified":"2021-02-12T10:04:04+00:00","breadcrumb":{"@id":"https:\/\/amu.pan.pl\/amu-pan-zaniepokojona-arbitralnymi-zmianami-w-wykazie-czasopism\/#breadcrumb"},"inLanguage":"en-GB","potentialAction":[{"@type":"ReadAction","target":["https:\/\/amu.pan.pl\/amu-pan-zaniepokojona-arbitralnymi-zmianami-w-wykazie-czasopism\/"]}]},{"@type":"ImageObject","inLanguage":"en-GB","@id":"https:\/\/amu.pan.pl\/amu-pan-zaniepokojona-arbitralnymi-zmianami-w-wykazie-czasopism\/#primaryimage","url":"https:\/\/lh4.googleusercontent.com\/u_orLQoHnBE3cafaNsfcX-AvCcEsgYJjSfv6c0HjQKApetnVeUO-mOl5JrOwVU4byn41lKEwNMNE-7tRrcOYxDOCr1mdj04_Zj6N_IhmRUzOSfDt0lNrQ0zSGr6HErQ3XRldKHPI","contentUrl":"https:\/\/lh4.googleusercontent.com\/u_orLQoHnBE3cafaNsfcX-AvCcEsgYJjSfv6c0HjQKApetnVeUO-mOl5JrOwVU4byn41lKEwNMNE-7tRrcOYxDOCr1mdj04_Zj6N_IhmRUzOSfDt0lNrQ0zSGr6HErQ3XRldKHPI"},{"@type":"BreadcrumbList","@id":"https:\/\/amu.pan.pl\/amu-pan-zaniepokojona-arbitralnymi-zmianami-w-wykazie-czasopism\/#breadcrumb","itemListElement":[{"@type":"ListItem","position":1,"name":"Strona g\u0142\u00f3wna","item":"https:\/\/amu.pan.pl\/"},{"@type":"ListItem","position":2,"name":"AMU PAN zaniepokojona arbitralnymi zmianami w wykazie czasopism"}]},{"@type":"WebSite","@id":"https:\/\/amu.pan.pl\/#website","url":"https:\/\/amu.pan.pl\/","name":"Akademia M\u0142odych Uczonych","description":"Polska Akademia Nauk","publisher":{"@id":"https:\/\/amu.pan.pl\/#organization"},"potentialAction":[{"@type":"SearchAction","target":{"@type":"EntryPoint","urlTemplate":"https:\/\/amu.pan.pl\/?s={search_term_string}"},"query-input":{"@type":"PropertyValueSpecification","valueRequired":true,"valueName":"search_term_string"}}],"inLanguage":"en-GB"},{"@type":"Organization","@id":"https:\/\/amu.pan.pl\/#organization","name":"Akademia M\u0142odych Uczonych","url":"https:\/\/amu.pan.pl\/","logo":{"@type":"ImageObject","inLanguage":"en-GB","@id":"https:\/\/amu.pan.pl\/#\/schema\/logo\/image\/","url":"https:\/\/amu.pan.pl\/wp-content\/uploads\/2020\/08\/zz_amu.png","contentUrl":"https:\/\/amu.pan.pl\/wp-content\/uploads\/2020\/08\/zz_amu.png","width":2794,"height":1016,"caption":"Akademia M\u0142odych Uczonych"},"image":{"@id":"https:\/\/amu.pan.pl\/#\/schema\/logo\/image\/"},"sameAs":["https:\/\/www.facebook.com\/AkademiaMlodychUczonych\/","https:\/\/x.com\/AMUPAN1"]},{"@type":"Person","@id":"https:\/\/amu.pan.pl\/#\/schema\/person\/6228761cf33db76ffb28beafb9e62758","name":"redaktor","image":{"@type":"ImageObject","inLanguage":"en-GB","@id":"https:\/\/amu.pan.pl\/#\/schema\/person\/image\/","url":"https:\/\/secure.gravatar.com\/avatar\/a0599af3d5c48d4131a3e882d6a2cedfdbc82b886c803755075873f68351b8b5?s=96&d=mm&r=g","contentUrl":"https:\/\/secure.gravatar.com\/avatar\/a0599af3d5c48d4131a3e882d6a2cedfdbc82b886c803755075873f68351b8b5?s=96&d=mm&r=g","caption":"redaktor"},"url":"https:\/\/amu.pan.pl\/en\/author\/redaktor\/"}]}},"_links":{"self":[{"href":"https:\/\/amu.pan.pl\/en\/wp-json\/wp\/v2\/posts\/3205","targetHints":{"allow":["GET"]}}],"collection":[{"href":"https:\/\/amu.pan.pl\/en\/wp-json\/wp\/v2\/posts"}],"about":[{"href":"https:\/\/amu.pan.pl\/en\/wp-json\/wp\/v2\/types\/post"}],"author":[{"embeddable":true,"href":"https:\/\/amu.pan.pl\/en\/wp-json\/wp\/v2\/users\/2"}],"replies":[{"embeddable":true,"href":"https:\/\/amu.pan.pl\/en\/wp-json\/wp\/v2\/comments?post=3205"}],"version-history":[{"count":5,"href":"https:\/\/amu.pan.pl\/en\/wp-json\/wp\/v2\/posts\/3205\/revisions"}],"predecessor-version":[{"id":3211,"href":"https:\/\/amu.pan.pl\/en\/wp-json\/wp\/v2\/posts\/3205\/revisions\/3211"}],"wp:attachment":[{"href":"https:\/\/amu.pan.pl\/en\/wp-json\/wp\/v2\/media?parent=3205"}],"wp:term":[{"taxonomy":"category","embeddable":true,"href":"https:\/\/amu.pan.pl\/en\/wp-json\/wp\/v2\/categories?post=3205"},{"taxonomy":"post_tag","embeddable":true,"href":"https:\/\/amu.pan.pl\/en\/wp-json\/wp\/v2\/tags?post=3205"}],"curies":[{"name":"wp","href":"https:\/\/api.w.org\/{rel}","templated":true}]}}