{"id":3219,"date":"2021-02-18T19:35:22","date_gmt":"2021-02-18T18:35:22","guid":{"rendered":"https:\/\/amu.pan.pl\/?p=3219"},"modified":"2021-02-18T19:39:52","modified_gmt":"2021-02-18T18:39:52","slug":"amu-pan-sprzeciwia-sie-arbitralnym-zmianom-w-wykazie-czasopism","status":"publish","type":"post","link":"https:\/\/amu.pan.pl\/en\/amu-pan-sprzeciwia-sie-arbitralnym-zmianom-w-wykazie-czasopism\/","title":{"rendered":"AMU PAN sprzeciwia si\u0119 arbitralnym zmianom w wykazie czasopism"},"content":{"rendered":"<p>Akademia M\u0142odych Uczonych PAN przyj\u0119\u0142a stanowisko w sprawie zmian w ministerialnym wykazie czasopism.<\/p>\n\n\n\n<!--more-->\n\n\n\n<figure class=\"wp-block-pullquote\"><blockquote><p>Akademia M\u0142odych Uczonych wyra\u017ca zdecydowany sprzeciw wobec charakteru i trybu zmian dokonanych przez Ministerstwo Edukacji i Nauki w wykazie czasopism naukowych i recenzowanych materia\u0142\u00f3w z konferencji naukowych.<\/p><\/blockquote><\/figure>\n\n\n\n<div style=\"height:100px\" aria-hidden=\"true\" class=\"wp-block-spacer\"><\/div>\n\n\n\n<h2 class=\"wp-block-heading\">Z opinii<\/h2>\n\n\n\n<p>Dokonane w wykazie modyfikacje nie odzwierciedlaj\u0105 w wi\u0119kszo\u015bci przypadk\u00f3w poziomu naukowego czy znaczenia czasopism, zacieraj\u0105 natomiast granic\u0119 pomi\u0119dzy pismami znakomitymi a miernymi, a tak\u017ce promuj\u0105 publicystyk\u0119 kosztem prac naukowych. (&#8230;) <\/p>\n\n\n\n<p>W\u00a0naszej opinii wsp\u00f3\u0142czesna <strong>polska humanistyka nie potrzebuje uznaniowego zawy\u017cania punktacji czasopism<\/strong>. (&#8230;)<\/p>\n\n\n\n<p>Troska ministerstwa o rol\u0119 j\u0119zyka polskiego w komunikacji naukowej jest zrozumia\u0142a, sama za\u015b kwestia godna jest powa\u017cnej dyskusji. Jednak <strong>\u201clokalno\u015b\u0107\u201d bada\u0144 humanistycznych nie mo\u017ce usprawiedliwia\u0107 ich bylejako\u015bci<\/strong> ani te\u017c zwalnia\u0107 z podejmowania pr\u00f3b w\u0142\u0105czania polskiego do\u015bwiadczenia do mi\u0119dzynarodowej dyskusji naukowej.<\/p>\n\n\n\n<p>Trudny do zaakceptowania <strong>tryb wprowadzenia zmian, oparty o nieprzejrzyste konsultacje, uderza szczeg\u00f3lnie mocno w m\u0142odych badaczy, dla kt\u00f3rych kluczowa jest stabilno\u015b\u0107 regu\u0142<\/strong> i otoczenia instytucjonalnego, w kt\u00f3rym przychodzi im pracowa\u0107 i kszta\u0142towa\u0107 \u015bcie\u017ck\u0119 kariery.<\/p>\n\n\n\n<h2 class=\"wp-block-heading\">Tekst stanowiska<\/h2>\n\n\n<a href=\"https:\/\/amu.pan.pl\/wp-content\/uploads\/2021\/02\/AMU_2021_czasopisma.pdf\" class=\"pdfemb-viewer\" style=\"\" data-width=\"max\" data-height=\"max\" data-toolbar=\"both\" data-toolbar-fixed=\"on\">AMU_2021_czasopisma<\/a>\n<p class=\"wp-block-pdfemb-pdf-embedder-viewer\"><\/p>\n\n\n\n<p><a href=\"https:\/\/amu.pan.pl\/wp-content\/uploads\/2021\/02\/AMU_2021_czasopisma.pdf\" target=\"_blank\" rel=\"noreferrer noopener\">https:\/\/amu.pan.pl\/wp-content\/uploads\/2021\/02\/AMU_2021_czasopisma.pdf<\/a><\/p>","protected":false},"excerpt":{"rendered":"<p>Akademia M\u0142odych Uczonych PAN przyj\u0119\u0142a stanowisko w sprawie zmian w ministerialnym wykazie czasopism.<\/p>","protected":false},"author":2,"featured_media":359,"comment_status":"closed","ping_status":"closed","sticky":false,"template":"","format":"standard","meta":{"_monsterinsights_skip_tracking":false,"_monsterinsights_sitenote_active":false,"_monsterinsights_sitenote_note":"","_monsterinsights_sitenote_category":0,"footnotes":""},"categories":[8],"tags":[32,31],"class_list":["post-3219","post","type-post","status-publish","format-standard","has-post-thumbnail","hentry","category-opinie-amu","tag-ewaluacja-nauki","tag-sprawy-nauki"],"yoast_head":"<!-- This site is optimized with the Yoast SEO plugin v25.0 - https:\/\/yoast.com\/wordpress\/plugins\/seo\/ -->\n<title>AMU PAN sprzeciwia si\u0119 arbitralnym zmianom w wykazie czasopism - Akademia M\u0142odych Uczonych<\/title>\n<meta name=\"robots\" content=\"index, follow, max-snippet:-1, max-image-preview:large, max-video-preview:-1\" \/>\n<link rel=\"canonical\" href=\"https:\/\/amu.pan.pl\/en\/amu-pan-sprzeciwia-sie-arbitralnym-zmianom-w-wykazie-czasopism\/\" \/>\n<meta property=\"og:locale\" content=\"en_GB\" \/>\n<meta property=\"og:type\" content=\"article\" \/>\n<meta property=\"og:title\" content=\"AMU PAN sprzeciwia si\u0119 arbitralnym zmianom w wykazie czasopism - Akademia M\u0142odych Uczonych\" \/>\n<meta property=\"og:description\" content=\"Akademia M\u0142odych Uczonych PAN przyj\u0119\u0142a stanowisko w sprawie zmian w ministerialnym wykazie czasopism.\" \/>\n<meta property=\"og:url\" content=\"https:\/\/amu.pan.pl\/en\/amu-pan-sprzeciwia-sie-arbitralnym-zmianom-w-wykazie-czasopism\/\" \/>\n<meta property=\"og:site_name\" content=\"Akademia M\u0142odych Uczonych\" \/>\n<meta property=\"article:publisher\" content=\"https:\/\/www.facebook.com\/AkademiaMlodychUczonych\/\" \/>\n<meta property=\"article:published_time\" content=\"2021-02-18T18:35:22+00:00\" \/>\n<meta property=\"article:modified_time\" content=\"2021-02-18T18:39:52+00:00\" \/>\n<meta property=\"og:image\" content=\"https:\/\/amu.pan.pl\/wp-content\/uploads\/2020\/09\/AMU_logo.png\" \/>\n\t<meta property=\"og:image:width\" content=\"600\" \/>\n\t<meta property=\"og:image:height\" content=\"342\" \/>\n\t<meta property=\"og:image:type\" content=\"image\/png\" \/>\n<meta name=\"author\" content=\"redaktor\" \/>\n<meta name=\"twitter:card\" content=\"summary_large_image\" \/>\n<meta name=\"twitter:creator\" content=\"@AMUPAN1\" \/>\n<meta name=\"twitter:site\" content=\"@AMUPAN1\" \/>\n<meta name=\"twitter:label1\" content=\"Written by\" \/>\n\t<meta name=\"twitter:data1\" content=\"redaktor\" \/>\n\t<meta name=\"twitter:label2\" content=\"Estimated reading time\" \/>\n\t<meta name=\"twitter:data2\" content=\"1 minute\" \/>\n<script type=\"application\/ld+json\" class=\"yoast-schema-graph\">{\"@context\":\"https:\/\/schema.org\",\"@graph\":[{\"@type\":\"Article\",\"@id\":\"https:\/\/amu.pan.pl\/en\/amu-pan-sprzeciwia-sie-arbitralnym-zmianom-w-wykazie-czasopism\/#article\",\"isPartOf\":{\"@id\":\"https:\/\/amu.pan.pl\/en\/amu-pan-sprzeciwia-sie-arbitralnym-zmianom-w-wykazie-czasopism\/\"},\"author\":{\"name\":\"redaktor\",\"@id\":\"https:\/\/amu.pan.pl\/#\/schema\/person\/6228761cf33db76ffb28beafb9e62758\"},\"headline\":\"AMU PAN sprzeciwia si\u0119 arbitralnym zmianom w wykazie czasopism\",\"datePublished\":\"2021-02-18T18:35:22+00:00\",\"dateModified\":\"2021-02-18T18:39:52+00:00\",\"mainEntityOfPage\":{\"@id\":\"https:\/\/amu.pan.pl\/en\/amu-pan-sprzeciwia-sie-arbitralnym-zmianom-w-wykazie-czasopism\/\"},\"wordCount\":204,\"publisher\":{\"@id\":\"https:\/\/amu.pan.pl\/#organization\"},\"image\":{\"@id\":\"https:\/\/amu.pan.pl\/en\/amu-pan-sprzeciwia-sie-arbitralnym-zmianom-w-wykazie-czasopism\/#primaryimage\"},\"thumbnailUrl\":\"https:\/\/amu.pan.pl\/wp-content\/uploads\/2020\/09\/AMU_logo.png\",\"keywords\":[\"Ewaluacja nauki\",\"Sprawy nauki\"],\"articleSection\":[\"Opinie AMU\"],\"inLanguage\":\"en-GB\"},{\"@type\":\"WebPage\",\"@id\":\"https:\/\/amu.pan.pl\/en\/amu-pan-sprzeciwia-sie-arbitralnym-zmianom-w-wykazie-czasopism\/\",\"url\":\"https:\/\/amu.pan.pl\/en\/amu-pan-sprzeciwia-sie-arbitralnym-zmianom-w-wykazie-czasopism\/\",\"name\":\"AMU PAN sprzeciwia si\u0119 arbitralnym zmianom w wykazie czasopism - Akademia M\u0142odych Uczonych\",\"isPartOf\":{\"@id\":\"https:\/\/amu.pan.pl\/#website\"},\"primaryImageOfPage\":{\"@id\":\"https:\/\/amu.pan.pl\/en\/amu-pan-sprzeciwia-sie-arbitralnym-zmianom-w-wykazie-czasopism\/#primaryimage\"},\"image\":{\"@id\":\"https:\/\/amu.pan.pl\/en\/amu-pan-sprzeciwia-sie-arbitralnym-zmianom-w-wykazie-czasopism\/#primaryimage\"},\"thumbnailUrl\":\"https:\/\/amu.pan.pl\/wp-content\/uploads\/2020\/09\/AMU_logo.png\",\"datePublished\":\"2021-02-18T18:35:22+00:00\",\"dateModified\":\"2021-02-18T18:39:52+00:00\",\"breadcrumb\":{\"@id\":\"https:\/\/amu.pan.pl\/en\/amu-pan-sprzeciwia-sie-arbitralnym-zmianom-w-wykazie-czasopism\/#breadcrumb\"},\"inLanguage\":\"en-GB\",\"potentialAction\":[{\"@type\":\"ReadAction\",\"target\":[\"https:\/\/amu.pan.pl\/en\/amu-pan-sprzeciwia-sie-arbitralnym-zmianom-w-wykazie-czasopism\/\"]}]},{\"@type\":\"ImageObject\",\"inLanguage\":\"en-GB\",\"@id\":\"https:\/\/amu.pan.pl\/en\/amu-pan-sprzeciwia-sie-arbitralnym-zmianom-w-wykazie-czasopism\/#primaryimage\",\"url\":\"https:\/\/amu.pan.pl\/wp-content\/uploads\/2020\/09\/AMU_logo.png\",\"contentUrl\":\"https:\/\/amu.pan.pl\/wp-content\/uploads\/2020\/09\/AMU_logo.png\",\"width\":600,\"height\":342,\"caption\":\"AMU logo\"},{\"@type\":\"BreadcrumbList\",\"@id\":\"https:\/\/amu.pan.pl\/en\/amu-pan-sprzeciwia-sie-arbitralnym-zmianom-w-wykazie-czasopism\/#breadcrumb\",\"itemListElement\":[{\"@type\":\"ListItem\",\"position\":1,\"name\":\"Strona g\u0142\u00f3wna\",\"item\":\"https:\/\/amu.pan.pl\/\"},{\"@type\":\"ListItem\",\"position\":2,\"name\":\"AMU PAN sprzeciwia si\u0119 arbitralnym zmianom w wykazie czasopism\"}]},{\"@type\":\"WebSite\",\"@id\":\"https:\/\/amu.pan.pl\/#website\",\"url\":\"https:\/\/amu.pan.pl\/\",\"name\":\"Akademia M\u0142odych Uczonych\",\"description\":\"Polska Akademia Nauk\",\"publisher\":{\"@id\":\"https:\/\/amu.pan.pl\/#organization\"},\"potentialAction\":[{\"@type\":\"SearchAction\",\"target\":{\"@type\":\"EntryPoint\",\"urlTemplate\":\"https:\/\/amu.pan.pl\/?s={search_term_string}\"},\"query-input\":{\"@type\":\"PropertyValueSpecification\",\"valueRequired\":true,\"valueName\":\"search_term_string\"}}],\"inLanguage\":\"en-GB\"},{\"@type\":\"Organization\",\"@id\":\"https:\/\/amu.pan.pl\/#organization\",\"name\":\"Akademia M\u0142odych Uczonych\",\"url\":\"https:\/\/amu.pan.pl\/\",\"logo\":{\"@type\":\"ImageObject\",\"inLanguage\":\"en-GB\",\"@id\":\"https:\/\/amu.pan.pl\/#\/schema\/logo\/image\/\",\"url\":\"https:\/\/amu.pan.pl\/wp-content\/uploads\/2020\/08\/zz_amu.png\",\"contentUrl\":\"https:\/\/amu.pan.pl\/wp-content\/uploads\/2020\/08\/zz_amu.png\",\"width\":2794,\"height\":1016,\"caption\":\"Akademia M\u0142odych Uczonych\"},\"image\":{\"@id\":\"https:\/\/amu.pan.pl\/#\/schema\/logo\/image\/\"},\"sameAs\":[\"https:\/\/www.facebook.com\/AkademiaMlodychUczonych\/\",\"https:\/\/x.com\/AMUPAN1\"]},{\"@type\":\"Person\",\"@id\":\"https:\/\/amu.pan.pl\/#\/schema\/person\/6228761cf33db76ffb28beafb9e62758\",\"name\":\"redaktor\",\"image\":{\"@type\":\"ImageObject\",\"inLanguage\":\"en-GB\",\"@id\":\"https:\/\/amu.pan.pl\/#\/schema\/person\/image\/\",\"url\":\"https:\/\/secure.gravatar.com\/avatar\/a0599af3d5c48d4131a3e882d6a2cedfdbc82b886c803755075873f68351b8b5?s=96&d=mm&r=g\",\"contentUrl\":\"https:\/\/secure.gravatar.com\/avatar\/a0599af3d5c48d4131a3e882d6a2cedfdbc82b886c803755075873f68351b8b5?s=96&d=mm&r=g\",\"caption\":\"redaktor\"},\"url\":\"https:\/\/amu.pan.pl\/en\/author\/redaktor\/\"}]}<\/script>\n<!-- \/ Yoast SEO plugin. -->","yoast_head_json":{"title":"AMU PAN sprzeciwia si\u0119 arbitralnym zmianom w wykazie czasopism - Akademia M\u0142odych Uczonych","robots":{"index":"index","follow":"follow","max-snippet":"max-snippet:-1","max-image-preview":"max-image-preview:large","max-video-preview":"max-video-preview:-1"},"canonical":"https:\/\/amu.pan.pl\/en\/amu-pan-sprzeciwia-sie-arbitralnym-zmianom-w-wykazie-czasopism\/","og_locale":"en_GB","og_type":"article","og_title":"AMU PAN sprzeciwia si\u0119 arbitralnym zmianom w wykazie czasopism - Akademia M\u0142odych Uczonych","og_description":"Akademia M\u0142odych Uczonych PAN przyj\u0119\u0142a stanowisko w sprawie zmian w ministerialnym wykazie czasopism.","og_url":"https:\/\/amu.pan.pl\/en\/amu-pan-sprzeciwia-sie-arbitralnym-zmianom-w-wykazie-czasopism\/","og_site_name":"Akademia M\u0142odych Uczonych","article_publisher":"https:\/\/www.facebook.com\/AkademiaMlodychUczonych\/","article_published_time":"2021-02-18T18:35:22+00:00","article_modified_time":"2021-02-18T18:39:52+00:00","og_image":[{"width":600,"height":342,"url":"https:\/\/amu.pan.pl\/wp-content\/uploads\/2020\/09\/AMU_logo.png","type":"image\/png"}],"author":"redaktor","twitter_card":"summary_large_image","twitter_creator":"@AMUPAN1","twitter_site":"@AMUPAN1","twitter_misc":{"Written by":"redaktor","Estimated reading time":"1 minute"},"schema":{"@context":"https:\/\/schema.org","@graph":[{"@type":"Article","@id":"https:\/\/amu.pan.pl\/en\/amu-pan-sprzeciwia-sie-arbitralnym-zmianom-w-wykazie-czasopism\/#article","isPartOf":{"@id":"https:\/\/amu.pan.pl\/en\/amu-pan-sprzeciwia-sie-arbitralnym-zmianom-w-wykazie-czasopism\/"},"author":{"name":"redaktor","@id":"https:\/\/amu.pan.pl\/#\/schema\/person\/6228761cf33db76ffb28beafb9e62758"},"headline":"AMU PAN sprzeciwia si\u0119 arbitralnym zmianom w wykazie czasopism","datePublished":"2021-02-18T18:35:22+00:00","dateModified":"2021-02-18T18:39:52+00:00","mainEntityOfPage":{"@id":"https:\/\/amu.pan.pl\/en\/amu-pan-sprzeciwia-sie-arbitralnym-zmianom-w-wykazie-czasopism\/"},"wordCount":204,"publisher":{"@id":"https:\/\/amu.pan.pl\/#organization"},"image":{"@id":"https:\/\/amu.pan.pl\/en\/amu-pan-sprzeciwia-sie-arbitralnym-zmianom-w-wykazie-czasopism\/#primaryimage"},"thumbnailUrl":"https:\/\/amu.pan.pl\/wp-content\/uploads\/2020\/09\/AMU_logo.png","keywords":["Ewaluacja nauki","Sprawy nauki"],"articleSection":["Opinie AMU"],"inLanguage":"en-GB"},{"@type":"WebPage","@id":"https:\/\/amu.pan.pl\/en\/amu-pan-sprzeciwia-sie-arbitralnym-zmianom-w-wykazie-czasopism\/","url":"https:\/\/amu.pan.pl\/en\/amu-pan-sprzeciwia-sie-arbitralnym-zmianom-w-wykazie-czasopism\/","name":"AMU PAN sprzeciwia si\u0119 arbitralnym zmianom w wykazie czasopism - Akademia M\u0142odych Uczonych","isPartOf":{"@id":"https:\/\/amu.pan.pl\/#website"},"primaryImageOfPage":{"@id":"https:\/\/amu.pan.pl\/en\/amu-pan-sprzeciwia-sie-arbitralnym-zmianom-w-wykazie-czasopism\/#primaryimage"},"image":{"@id":"https:\/\/amu.pan.pl\/en\/amu-pan-sprzeciwia-sie-arbitralnym-zmianom-w-wykazie-czasopism\/#primaryimage"},"thumbnailUrl":"https:\/\/amu.pan.pl\/wp-content\/uploads\/2020\/09\/AMU_logo.png","datePublished":"2021-02-18T18:35:22+00:00","dateModified":"2021-02-18T18:39:52+00:00","breadcrumb":{"@id":"https:\/\/amu.pan.pl\/en\/amu-pan-sprzeciwia-sie-arbitralnym-zmianom-w-wykazie-czasopism\/#breadcrumb"},"inLanguage":"en-GB","potentialAction":[{"@type":"ReadAction","target":["https:\/\/amu.pan.pl\/en\/amu-pan-sprzeciwia-sie-arbitralnym-zmianom-w-wykazie-czasopism\/"]}]},{"@type":"ImageObject","inLanguage":"en-GB","@id":"https:\/\/amu.pan.pl\/en\/amu-pan-sprzeciwia-sie-arbitralnym-zmianom-w-wykazie-czasopism\/#primaryimage","url":"https:\/\/amu.pan.pl\/wp-content\/uploads\/2020\/09\/AMU_logo.png","contentUrl":"https:\/\/amu.pan.pl\/wp-content\/uploads\/2020\/09\/AMU_logo.png","width":600,"height":342,"caption":"AMU logo"},{"@type":"BreadcrumbList","@id":"https:\/\/amu.pan.pl\/en\/amu-pan-sprzeciwia-sie-arbitralnym-zmianom-w-wykazie-czasopism\/#breadcrumb","itemListElement":[{"@type":"ListItem","position":1,"name":"Strona g\u0142\u00f3wna","item":"https:\/\/amu.pan.pl\/"},{"@type":"ListItem","position":2,"name":"AMU PAN sprzeciwia si\u0119 arbitralnym zmianom w wykazie czasopism"}]},{"@type":"WebSite","@id":"https:\/\/amu.pan.pl\/#website","url":"https:\/\/amu.pan.pl\/","name":"Akademia M\u0142odych Uczonych","description":"Polska Akademia Nauk","publisher":{"@id":"https:\/\/amu.pan.pl\/#organization"},"potentialAction":[{"@type":"SearchAction","target":{"@type":"EntryPoint","urlTemplate":"https:\/\/amu.pan.pl\/?s={search_term_string}"},"query-input":{"@type":"PropertyValueSpecification","valueRequired":true,"valueName":"search_term_string"}}],"inLanguage":"en-GB"},{"@type":"Organization","@id":"https:\/\/amu.pan.pl\/#organization","name":"Akademia M\u0142odych Uczonych","url":"https:\/\/amu.pan.pl\/","logo":{"@type":"ImageObject","inLanguage":"en-GB","@id":"https:\/\/amu.pan.pl\/#\/schema\/logo\/image\/","url":"https:\/\/amu.pan.pl\/wp-content\/uploads\/2020\/08\/zz_amu.png","contentUrl":"https:\/\/amu.pan.pl\/wp-content\/uploads\/2020\/08\/zz_amu.png","width":2794,"height":1016,"caption":"Akademia M\u0142odych Uczonych"},"image":{"@id":"https:\/\/amu.pan.pl\/#\/schema\/logo\/image\/"},"sameAs":["https:\/\/www.facebook.com\/AkademiaMlodychUczonych\/","https:\/\/x.com\/AMUPAN1"]},{"@type":"Person","@id":"https:\/\/amu.pan.pl\/#\/schema\/person\/6228761cf33db76ffb28beafb9e62758","name":"redaktor","image":{"@type":"ImageObject","inLanguage":"en-GB","@id":"https:\/\/amu.pan.pl\/#\/schema\/person\/image\/","url":"https:\/\/secure.gravatar.com\/avatar\/a0599af3d5c48d4131a3e882d6a2cedfdbc82b886c803755075873f68351b8b5?s=96&d=mm&r=g","contentUrl":"https:\/\/secure.gravatar.com\/avatar\/a0599af3d5c48d4131a3e882d6a2cedfdbc82b886c803755075873f68351b8b5?s=96&d=mm&r=g","caption":"redaktor"},"url":"https:\/\/amu.pan.pl\/en\/author\/redaktor\/"}]}},"_links":{"self":[{"href":"https:\/\/amu.pan.pl\/en\/wp-json\/wp\/v2\/posts\/3219","targetHints":{"allow":["GET"]}}],"collection":[{"href":"https:\/\/amu.pan.pl\/en\/wp-json\/wp\/v2\/posts"}],"about":[{"href":"https:\/\/amu.pan.pl\/en\/wp-json\/wp\/v2\/types\/post"}],"author":[{"embeddable":true,"href":"https:\/\/amu.pan.pl\/en\/wp-json\/wp\/v2\/users\/2"}],"replies":[{"embeddable":true,"href":"https:\/\/amu.pan.pl\/en\/wp-json\/wp\/v2\/comments?post=3219"}],"version-history":[{"count":6,"href":"https:\/\/amu.pan.pl\/en\/wp-json\/wp\/v2\/posts\/3219\/revisions"}],"predecessor-version":[{"id":3229,"href":"https:\/\/amu.pan.pl\/en\/wp-json\/wp\/v2\/posts\/3219\/revisions\/3229"}],"wp:featuredmedia":[{"embeddable":true,"href":"https:\/\/amu.pan.pl\/en\/wp-json\/wp\/v2\/media\/359"}],"wp:attachment":[{"href":"https:\/\/amu.pan.pl\/en\/wp-json\/wp\/v2\/media?parent=3219"}],"wp:term":[{"taxonomy":"category","embeddable":true,"href":"https:\/\/amu.pan.pl\/en\/wp-json\/wp\/v2\/categories?post=3219"},{"taxonomy":"post_tag","embeddable":true,"href":"https:\/\/amu.pan.pl\/en\/wp-json\/wp\/v2\/tags?post=3219"}],"curies":[{"name":"wp","href":"https:\/\/api.w.org\/{rel}","templated":true}]}}