{"id":3231,"date":"2021-03-27T18:53:21","date_gmt":"2021-03-27T17:53:21","guid":{"rendered":"https:\/\/amu.pan.pl\/?p=3231"},"modified":"2021-03-27T18:53:23","modified_gmt":"2021-03-27T17:53:23","slug":"wybory-czlonkow-akademii-mlodych-uczonych","status":"publish","type":"post","link":"https:\/\/amu.pan.pl\/en\/wybory-czlonkow-akademii-mlodych-uczonych\/","title":{"rendered":"Wybory cz\u0142onk\u00f3w Akademii M\u0142odych Uczonych"},"content":{"rendered":"<p>2 grudnia br. Zgromadzenie Og\u00f3lne PAN wybierze nowych cz\u0142onk\u00f3w Akademii M\u0142odych Uczonych. Kandydatury mo\u017cna zg\u0142asza\u0107 do 31 lipca br.<\/p>\n\n\n\n<!--more-->\n\n\n\n<p>Cz\u0142onkiem AMU mo\u017ce zosta\u0107 osoba, kt\u00f3ra:<\/p>\n\n\n\n<div class=\"wp-block-image\"><figure class=\"alignright size-large is-resized\"><img fetchpriority=\"high\" decoding=\"async\" src=\"https:\/\/amu.pan.pl\/wp-content\/uploads\/2020\/09\/AMU_logo.png\" alt=\"AMU logo\" class=\"wp-image-359\" width=\"300\" height=\"171\" srcset=\"https:\/\/amu.pan.pl\/wp-content\/uploads\/2020\/09\/AMU_logo.png 600w, https:\/\/amu.pan.pl\/wp-content\/uploads\/2020\/09\/AMU_logo-300x171.png 300w\" sizes=\"(max-width: 300px) 100vw, 300px\" \/><\/figure><\/div>\n\n\n\n<ul class=\"wp-block-list\"><li>nie uko\u0144czy\u0142a 38. roku \u017cycia (w dniu wyboru),<\/li><li>posiada co najmniej stopie\u0144 naukowy doktora.<\/li><\/ul>\n\n\n\n<p><strong>Wi\u0119cej informacji o procedurze zg\u0142aszania kandydat\u00f3w: <\/strong><a href=\"https:\/\/bip.pan.pl\/artykul\/219\/536\/wybory-czlonkow-akademii-mlodych-uczonych-w-2021-roku\">https:\/\/bip.pan.pl\/artykul\/219\/536\/wybory-czlonkow-akademii-mlodych-uczonych-w-2021-roku<\/a><\/p>","protected":false},"excerpt":{"rendered":"<p>2 grudnia br. Zgromadzenie Og\u00f3lne PAN wybierze nowych cz\u0142onk\u00f3w Akademii M\u0142odych Uczonych. Kandydatury mo\u017cna zg\u0142asza\u0107 do 31 lipca br.<\/p>","protected":false},"author":2,"featured_media":359,"comment_status":"closed","ping_status":"closed","sticky":false,"template":"","format":"standard","meta":{"_monsterinsights_skip_tracking":false,"_monsterinsights_sitenote_active":false,"_monsterinsights_sitenote_note":"","_monsterinsights_sitenote_category":0,"footnotes":""},"categories":[4],"tags":[],"class_list":["post-3231","post","type-post","status-publish","format-standard","has-post-thumbnail","hentry","category-aktualnosci"],"yoast_head":"<!-- This site is optimized with the Yoast SEO plugin v25.0 - https:\/\/yoast.com\/wordpress\/plugins\/seo\/ -->\n<title>Wybory cz\u0142onk\u00f3w Akademii M\u0142odych Uczonych - Akademia M\u0142odych Uczonych<\/title>\n<meta name=\"robots\" content=\"index, follow, max-snippet:-1, max-image-preview:large, max-video-preview:-1\" \/>\n<link rel=\"canonical\" href=\"https:\/\/amu.pan.pl\/en\/wybory-czlonkow-akademii-mlodych-uczonych\/\" \/>\n<meta property=\"og:locale\" content=\"en_GB\" \/>\n<meta property=\"og:type\" content=\"article\" \/>\n<meta property=\"og:title\" content=\"Wybory cz\u0142onk\u00f3w Akademii M\u0142odych Uczonych - Akademia M\u0142odych Uczonych\" \/>\n<meta property=\"og:description\" content=\"2 grudnia br. Zgromadzenie Og\u00f3lne PAN wybierze nowych cz\u0142onk\u00f3w Akademii M\u0142odych Uczonych. Kandydatury mo\u017cna zg\u0142asza\u0107 do 31 lipca br.\" \/>\n<meta property=\"og:url\" content=\"https:\/\/amu.pan.pl\/en\/wybory-czlonkow-akademii-mlodych-uczonych\/\" \/>\n<meta property=\"og:site_name\" content=\"Akademia M\u0142odych Uczonych\" \/>\n<meta property=\"article:publisher\" content=\"https:\/\/www.facebook.com\/AkademiaMlodychUczonych\/\" \/>\n<meta property=\"article:published_time\" content=\"2021-03-27T17:53:21+00:00\" \/>\n<meta property=\"article:modified_time\" content=\"2021-03-27T17:53:23+00:00\" \/>\n<meta property=\"og:image\" content=\"https:\/\/amu.pan.pl\/wp-content\/uploads\/2020\/09\/AMU_logo.png\" \/>\n\t<meta property=\"og:image:width\" content=\"600\" \/>\n\t<meta property=\"og:image:height\" content=\"342\" \/>\n\t<meta property=\"og:image:type\" content=\"image\/png\" \/>\n<meta name=\"author\" content=\"redaktor\" \/>\n<meta name=\"twitter:card\" content=\"summary_large_image\" \/>\n<meta name=\"twitter:creator\" content=\"@AMUPAN1\" \/>\n<meta name=\"twitter:site\" content=\"@AMUPAN1\" \/>\n<meta name=\"twitter:label1\" content=\"Written by\" \/>\n\t<meta name=\"twitter:data1\" content=\"redaktor\" \/>\n<script type=\"application\/ld+json\" class=\"yoast-schema-graph\">{\"@context\":\"https:\/\/schema.org\",\"@graph\":[{\"@type\":\"Article\",\"@id\":\"https:\/\/amu.pan.pl\/wybory-czlonkow-akademii-mlodych-uczonych\/#article\",\"isPartOf\":{\"@id\":\"https:\/\/amu.pan.pl\/wybory-czlonkow-akademii-mlodych-uczonych\/\"},\"author\":{\"name\":\"redaktor\",\"@id\":\"https:\/\/amu.pan.pl\/#\/schema\/person\/6228761cf33db76ffb28beafb9e62758\"},\"headline\":\"Wybory cz\u0142onk\u00f3w Akademii M\u0142odych Uczonych\",\"datePublished\":\"2021-03-27T17:53:21+00:00\",\"dateModified\":\"2021-03-27T17:53:23+00:00\",\"mainEntityOfPage\":{\"@id\":\"https:\/\/amu.pan.pl\/wybory-czlonkow-akademii-mlodych-uczonych\/\"},\"wordCount\":71,\"publisher\":{\"@id\":\"https:\/\/amu.pan.pl\/#organization\"},\"image\":{\"@id\":\"https:\/\/amu.pan.pl\/wybory-czlonkow-akademii-mlodych-uczonych\/#primaryimage\"},\"thumbnailUrl\":\"https:\/\/amu.pan.pl\/wp-content\/uploads\/2020\/09\/AMU_logo.png\",\"articleSection\":[\"Aktualno\u015bci\"],\"inLanguage\":\"en-GB\"},{\"@type\":\"WebPage\",\"@id\":\"https:\/\/amu.pan.pl\/wybory-czlonkow-akademii-mlodych-uczonych\/\",\"url\":\"https:\/\/amu.pan.pl\/wybory-czlonkow-akademii-mlodych-uczonych\/\",\"name\":\"Wybory cz\u0142onk\u00f3w Akademii M\u0142odych Uczonych - Akademia M\u0142odych Uczonych\",\"isPartOf\":{\"@id\":\"https:\/\/amu.pan.pl\/#website\"},\"primaryImageOfPage\":{\"@id\":\"https:\/\/amu.pan.pl\/wybory-czlonkow-akademii-mlodych-uczonych\/#primaryimage\"},\"image\":{\"@id\":\"https:\/\/amu.pan.pl\/wybory-czlonkow-akademii-mlodych-uczonych\/#primaryimage\"},\"thumbnailUrl\":\"https:\/\/amu.pan.pl\/wp-content\/uploads\/2020\/09\/AMU_logo.png\",\"datePublished\":\"2021-03-27T17:53:21+00:00\",\"dateModified\":\"2021-03-27T17:53:23+00:00\",\"breadcrumb\":{\"@id\":\"https:\/\/amu.pan.pl\/wybory-czlonkow-akademii-mlodych-uczonych\/#breadcrumb\"},\"inLanguage\":\"en-GB\",\"potentialAction\":[{\"@type\":\"ReadAction\",\"target\":[\"https:\/\/amu.pan.pl\/wybory-czlonkow-akademii-mlodych-uczonych\/\"]}]},{\"@type\":\"ImageObject\",\"inLanguage\":\"en-GB\",\"@id\":\"https:\/\/amu.pan.pl\/wybory-czlonkow-akademii-mlodych-uczonych\/#primaryimage\",\"url\":\"https:\/\/amu.pan.pl\/wp-content\/uploads\/2020\/09\/AMU_logo.png\",\"contentUrl\":\"https:\/\/amu.pan.pl\/wp-content\/uploads\/2020\/09\/AMU_logo.png\",\"width\":600,\"height\":342,\"caption\":\"AMU logo\"},{\"@type\":\"BreadcrumbList\",\"@id\":\"https:\/\/amu.pan.pl\/wybory-czlonkow-akademii-mlodych-uczonych\/#breadcrumb\",\"itemListElement\":[{\"@type\":\"ListItem\",\"position\":1,\"name\":\"Strona g\u0142\u00f3wna\",\"item\":\"https:\/\/amu.pan.pl\/\"},{\"@type\":\"ListItem\",\"position\":2,\"name\":\"Wybory cz\u0142onk\u00f3w Akademii M\u0142odych Uczonych\"}]},{\"@type\":\"WebSite\",\"@id\":\"https:\/\/amu.pan.pl\/#website\",\"url\":\"https:\/\/amu.pan.pl\/\",\"name\":\"Akademia M\u0142odych Uczonych\",\"description\":\"Polska Akademia Nauk\",\"publisher\":{\"@id\":\"https:\/\/amu.pan.pl\/#organization\"},\"potentialAction\":[{\"@type\":\"SearchAction\",\"target\":{\"@type\":\"EntryPoint\",\"urlTemplate\":\"https:\/\/amu.pan.pl\/?s={search_term_string}\"},\"query-input\":{\"@type\":\"PropertyValueSpecification\",\"valueRequired\":true,\"valueName\":\"search_term_string\"}}],\"inLanguage\":\"en-GB\"},{\"@type\":\"Organization\",\"@id\":\"https:\/\/amu.pan.pl\/#organization\",\"name\":\"Akademia M\u0142odych Uczonych\",\"url\":\"https:\/\/amu.pan.pl\/\",\"logo\":{\"@type\":\"ImageObject\",\"inLanguage\":\"en-GB\",\"@id\":\"https:\/\/amu.pan.pl\/#\/schema\/logo\/image\/\",\"url\":\"https:\/\/amu.pan.pl\/wp-content\/uploads\/2020\/08\/zz_amu.png\",\"contentUrl\":\"https:\/\/amu.pan.pl\/wp-content\/uploads\/2020\/08\/zz_amu.png\",\"width\":2794,\"height\":1016,\"caption\":\"Akademia M\u0142odych Uczonych\"},\"image\":{\"@id\":\"https:\/\/amu.pan.pl\/#\/schema\/logo\/image\/\"},\"sameAs\":[\"https:\/\/www.facebook.com\/AkademiaMlodychUczonych\/\",\"https:\/\/x.com\/AMUPAN1\"]},{\"@type\":\"Person\",\"@id\":\"https:\/\/amu.pan.pl\/#\/schema\/person\/6228761cf33db76ffb28beafb9e62758\",\"name\":\"redaktor\",\"image\":{\"@type\":\"ImageObject\",\"inLanguage\":\"en-GB\",\"@id\":\"https:\/\/amu.pan.pl\/#\/schema\/person\/image\/\",\"url\":\"https:\/\/secure.gravatar.com\/avatar\/a0599af3d5c48d4131a3e882d6a2cedfdbc82b886c803755075873f68351b8b5?s=96&d=mm&r=g\",\"contentUrl\":\"https:\/\/secure.gravatar.com\/avatar\/a0599af3d5c48d4131a3e882d6a2cedfdbc82b886c803755075873f68351b8b5?s=96&d=mm&r=g\",\"caption\":\"redaktor\"},\"url\":\"https:\/\/amu.pan.pl\/en\/author\/redaktor\/\"}]}<\/script>\n<!-- \/ Yoast SEO plugin. -->","yoast_head_json":{"title":"Wybory cz\u0142onk\u00f3w Akademii M\u0142odych Uczonych - Akademia M\u0142odych Uczonych","robots":{"index":"index","follow":"follow","max-snippet":"max-snippet:-1","max-image-preview":"max-image-preview:large","max-video-preview":"max-video-preview:-1"},"canonical":"https:\/\/amu.pan.pl\/en\/wybory-czlonkow-akademii-mlodych-uczonych\/","og_locale":"en_GB","og_type":"article","og_title":"Wybory cz\u0142onk\u00f3w Akademii M\u0142odych Uczonych - Akademia M\u0142odych Uczonych","og_description":"2 grudnia br. Zgromadzenie Og\u00f3lne PAN wybierze nowych cz\u0142onk\u00f3w Akademii M\u0142odych Uczonych. Kandydatury mo\u017cna zg\u0142asza\u0107 do 31 lipca br.","og_url":"https:\/\/amu.pan.pl\/en\/wybory-czlonkow-akademii-mlodych-uczonych\/","og_site_name":"Akademia M\u0142odych Uczonych","article_publisher":"https:\/\/www.facebook.com\/AkademiaMlodychUczonych\/","article_published_time":"2021-03-27T17:53:21+00:00","article_modified_time":"2021-03-27T17:53:23+00:00","og_image":[{"width":600,"height":342,"url":"https:\/\/amu.pan.pl\/wp-content\/uploads\/2020\/09\/AMU_logo.png","type":"image\/png"}],"author":"redaktor","twitter_card":"summary_large_image","twitter_creator":"@AMUPAN1","twitter_site":"@AMUPAN1","twitter_misc":{"Written by":"redaktor"},"schema":{"@context":"https:\/\/schema.org","@graph":[{"@type":"Article","@id":"https:\/\/amu.pan.pl\/wybory-czlonkow-akademii-mlodych-uczonych\/#article","isPartOf":{"@id":"https:\/\/amu.pan.pl\/wybory-czlonkow-akademii-mlodych-uczonych\/"},"author":{"name":"redaktor","@id":"https:\/\/amu.pan.pl\/#\/schema\/person\/6228761cf33db76ffb28beafb9e62758"},"headline":"Wybory cz\u0142onk\u00f3w Akademii M\u0142odych Uczonych","datePublished":"2021-03-27T17:53:21+00:00","dateModified":"2021-03-27T17:53:23+00:00","mainEntityOfPage":{"@id":"https:\/\/amu.pan.pl\/wybory-czlonkow-akademii-mlodych-uczonych\/"},"wordCount":71,"publisher":{"@id":"https:\/\/amu.pan.pl\/#organization"},"image":{"@id":"https:\/\/amu.pan.pl\/wybory-czlonkow-akademii-mlodych-uczonych\/#primaryimage"},"thumbnailUrl":"https:\/\/amu.pan.pl\/wp-content\/uploads\/2020\/09\/AMU_logo.png","articleSection":["Aktualno\u015bci"],"inLanguage":"en-GB"},{"@type":"WebPage","@id":"https:\/\/amu.pan.pl\/wybory-czlonkow-akademii-mlodych-uczonych\/","url":"https:\/\/amu.pan.pl\/wybory-czlonkow-akademii-mlodych-uczonych\/","name":"Wybory cz\u0142onk\u00f3w Akademii M\u0142odych Uczonych - Akademia M\u0142odych Uczonych","isPartOf":{"@id":"https:\/\/amu.pan.pl\/#website"},"primaryImageOfPage":{"@id":"https:\/\/amu.pan.pl\/wybory-czlonkow-akademii-mlodych-uczonych\/#primaryimage"},"image":{"@id":"https:\/\/amu.pan.pl\/wybory-czlonkow-akademii-mlodych-uczonych\/#primaryimage"},"thumbnailUrl":"https:\/\/amu.pan.pl\/wp-content\/uploads\/2020\/09\/AMU_logo.png","datePublished":"2021-03-27T17:53:21+00:00","dateModified":"2021-03-27T17:53:23+00:00","breadcrumb":{"@id":"https:\/\/amu.pan.pl\/wybory-czlonkow-akademii-mlodych-uczonych\/#breadcrumb"},"inLanguage":"en-GB","potentialAction":[{"@type":"ReadAction","target":["https:\/\/amu.pan.pl\/wybory-czlonkow-akademii-mlodych-uczonych\/"]}]},{"@type":"ImageObject","inLanguage":"en-GB","@id":"https:\/\/amu.pan.pl\/wybory-czlonkow-akademii-mlodych-uczonych\/#primaryimage","url":"https:\/\/amu.pan.pl\/wp-content\/uploads\/2020\/09\/AMU_logo.png","contentUrl":"https:\/\/amu.pan.pl\/wp-content\/uploads\/2020\/09\/AMU_logo.png","width":600,"height":342,"caption":"AMU logo"},{"@type":"BreadcrumbList","@id":"https:\/\/amu.pan.pl\/wybory-czlonkow-akademii-mlodych-uczonych\/#breadcrumb","itemListElement":[{"@type":"ListItem","position":1,"name":"Strona g\u0142\u00f3wna","item":"https:\/\/amu.pan.pl\/"},{"@type":"ListItem","position":2,"name":"Wybory cz\u0142onk\u00f3w Akademii M\u0142odych Uczonych"}]},{"@type":"WebSite","@id":"https:\/\/amu.pan.pl\/#website","url":"https:\/\/amu.pan.pl\/","name":"Akademia M\u0142odych Uczonych","description":"Polska Akademia Nauk","publisher":{"@id":"https:\/\/amu.pan.pl\/#organization"},"potentialAction":[{"@type":"SearchAction","target":{"@type":"EntryPoint","urlTemplate":"https:\/\/amu.pan.pl\/?s={search_term_string}"},"query-input":{"@type":"PropertyValueSpecification","valueRequired":true,"valueName":"search_term_string"}}],"inLanguage":"en-GB"},{"@type":"Organization","@id":"https:\/\/amu.pan.pl\/#organization","name":"Akademia M\u0142odych Uczonych","url":"https:\/\/amu.pan.pl\/","logo":{"@type":"ImageObject","inLanguage":"en-GB","@id":"https:\/\/amu.pan.pl\/#\/schema\/logo\/image\/","url":"https:\/\/amu.pan.pl\/wp-content\/uploads\/2020\/08\/zz_amu.png","contentUrl":"https:\/\/amu.pan.pl\/wp-content\/uploads\/2020\/08\/zz_amu.png","width":2794,"height":1016,"caption":"Akademia M\u0142odych Uczonych"},"image":{"@id":"https:\/\/amu.pan.pl\/#\/schema\/logo\/image\/"},"sameAs":["https:\/\/www.facebook.com\/AkademiaMlodychUczonych\/","https:\/\/x.com\/AMUPAN1"]},{"@type":"Person","@id":"https:\/\/amu.pan.pl\/#\/schema\/person\/6228761cf33db76ffb28beafb9e62758","name":"redaktor","image":{"@type":"ImageObject","inLanguage":"en-GB","@id":"https:\/\/amu.pan.pl\/#\/schema\/person\/image\/","url":"https:\/\/secure.gravatar.com\/avatar\/a0599af3d5c48d4131a3e882d6a2cedfdbc82b886c803755075873f68351b8b5?s=96&d=mm&r=g","contentUrl":"https:\/\/secure.gravatar.com\/avatar\/a0599af3d5c48d4131a3e882d6a2cedfdbc82b886c803755075873f68351b8b5?s=96&d=mm&r=g","caption":"redaktor"},"url":"https:\/\/amu.pan.pl\/en\/author\/redaktor\/"}]}},"_links":{"self":[{"href":"https:\/\/amu.pan.pl\/en\/wp-json\/wp\/v2\/posts\/3231","targetHints":{"allow":["GET"]}}],"collection":[{"href":"https:\/\/amu.pan.pl\/en\/wp-json\/wp\/v2\/posts"}],"about":[{"href":"https:\/\/amu.pan.pl\/en\/wp-json\/wp\/v2\/types\/post"}],"author":[{"embeddable":true,"href":"https:\/\/amu.pan.pl\/en\/wp-json\/wp\/v2\/users\/2"}],"replies":[{"embeddable":true,"href":"https:\/\/amu.pan.pl\/en\/wp-json\/wp\/v2\/comments?post=3231"}],"version-history":[{"count":2,"href":"https:\/\/amu.pan.pl\/en\/wp-json\/wp\/v2\/posts\/3231\/revisions"}],"predecessor-version":[{"id":3233,"href":"https:\/\/amu.pan.pl\/en\/wp-json\/wp\/v2\/posts\/3231\/revisions\/3233"}],"wp:featuredmedia":[{"embeddable":true,"href":"https:\/\/amu.pan.pl\/en\/wp-json\/wp\/v2\/media\/359"}],"wp:attachment":[{"href":"https:\/\/amu.pan.pl\/en\/wp-json\/wp\/v2\/media?parent=3231"}],"wp:term":[{"taxonomy":"category","embeddable":true,"href":"https:\/\/amu.pan.pl\/en\/wp-json\/wp\/v2\/categories?post=3231"},{"taxonomy":"post_tag","embeddable":true,"href":"https:\/\/amu.pan.pl\/en\/wp-json\/wp\/v2\/tags?post=3231"}],"curies":[{"name":"wp","href":"https:\/\/api.w.org\/{rel}","templated":true}]}}