{"id":3952,"date":"2021-10-13T14:20:04","date_gmt":"2021-10-13T12:20:04","guid":{"rendered":"https:\/\/amu.pan.pl\/?p=3952"},"modified":"2021-10-13T16:01:26","modified_gmt":"2021-10-13T14:01:26","slug":"akademia-mlodych-uczonych-wybrala-przewodniczacego-i-zastepcow-w-kolejnej-kadencji","status":"publish","type":"post","link":"https:\/\/amu.pan.pl\/en\/akademia-mlodych-uczonych-wybrala-przewodniczacego-i-zastepcow-w-kolejnej-kadencji\/","title":{"rendered":"Akademia M\u0142odych Uczonych wybra\u0142a Przewodnicz\u0105cego i Zast\u0119pc\u00f3w w kolejnej kadencji"},"content":{"rendered":"<div data-elementor-type=\"wp-post\" data-elementor-id=\"3952\" class=\"elementor elementor-3952\">\n\t\t\t\t\t\t<section class=\"elementor-section elementor-top-section elementor-element elementor-element-1a91ed6 elementor-section-boxed elementor-section-height-default elementor-section-height-default\" data-id=\"1a91ed6\" data-element_type=\"section\">\n\t\t\t\t\t\t<div class=\"elementor-container elementor-column-gap-default\">\n\t\t\t\t\t<div class=\"elementor-column elementor-col-100 elementor-top-column elementor-element elementor-element-ada59eb\" data-id=\"ada59eb\" data-element_type=\"column\">\n\t\t\t<div class=\"elementor-widget-wrap elementor-element-populated\">\n\t\t\t\t\t\t<div class=\"elementor-element elementor-element-c6bfd0c elementor-widget elementor-widget-text-editor\" data-id=\"c6bfd0c\" data-element_type=\"widget\" data-widget_type=\"text-editor.default\">\n\t\t\t\t<div class=\"elementor-widget-container\">\n\t\t\t\t\t\t\t\t\t<p><span dir=\"auto\">Zebranie Og\u00f3lne Akademii M\u0142odych Uczonych na posiedzeniu w dniu 8 pa\u017adziernika 2021 r. wybra\u0142o na<br \/>Przewodnicz\u0105cego AMU <a href=\"https:\/\/amu.pan.pl\/jacek-kolanowski\/\">dr. Jacka \u0141. Kolanowskiego<\/a>. Na jego zast\u0119pc\u00f3w wybrano <a href=\"https:\/\/amu.pan.pl\/marta-gmurek\/\">dr hab. in\u017c. Mart\u0119 Gmurek<\/a> oraz <a href=\"https:\/\/amu.pan.pl\/jan-poleszczuk\/\">dr. hab. Jana Poleszczuka<\/a>. Kadencja nowo powo\u0142anych w\u0142adz AMU rozpocznie si\u0119 15 grudnia 2021 r. i potrwa do 30 czerwca 2024 r.<\/span><\/p>\t\t\t\t\t\t\t\t<\/div>\n\t\t\t\t<\/div>\n\t\t\t\t\t<\/div>\n\t\t<\/div>\n\t\t\t\t\t<\/div>\n\t\t<\/section>\n\t\t\t\t<section class=\"elementor-section elementor-top-section elementor-element elementor-element-7073075 elementor-section-boxed elementor-section-height-default elementor-section-height-default\" data-id=\"7073075\" data-element_type=\"section\">\n\t\t\t\t\t\t<div class=\"elementor-container elementor-column-gap-default\">\n\t\t\t\t\t<div class=\"elementor-column elementor-col-100 elementor-top-column elementor-element elementor-element-a39da26\" data-id=\"a39da26\" data-element_type=\"column\">\n\t\t\t<div class=\"elementor-widget-wrap elementor-element-populated\">\n\t\t\t\t\t\t<div class=\"elementor-element elementor-element-ca5e6b2 elementor-arrows-position-inside elementor-pagination-position-outside elementor-widget elementor-widget-image-carousel\" data-id=\"ca5e6b2\" data-element_type=\"widget\" data-settings=\"{&quot;slides_to_scroll&quot;:&quot;2&quot;,&quot;navigation&quot;:&quot;both&quot;,&quot;autoplay&quot;:&quot;yes&quot;,&quot;pause_on_hover&quot;:&quot;yes&quot;,&quot;pause_on_interaction&quot;:&quot;yes&quot;,&quot;autoplay_speed&quot;:5000,&quot;infinite&quot;:&quot;yes&quot;,&quot;speed&quot;:500}\" data-widget_type=\"image-carousel.default\">\n\t\t\t\t<div class=\"elementor-widget-container\">\n\t\t\t\t\t\t\t<div class=\"elementor-image-carousel-wrapper swiper\" role=\"region\" aria-roledescription=\"carousel\" aria-label=\"Image Carousel\" dir=\"ltr\">\n\t\t\t<div class=\"elementor-image-carousel swiper-wrapper\" aria-live=\"off\">\n\t\t\t\t\t\t\t\t<div class=\"swiper-slide\" role=\"group\" aria-roledescription=\"slide\" aria-label=\"1 of 3\"><figure class=\"swiper-slide-inner\"><img decoding=\"async\" class=\"swiper-slide-image\" src=\"https:\/\/amu.pan.pl\/wp-content\/uploads\/2021\/10\/JK-768x768.jpeg\" alt=\"Jacek Kolanowski\" \/><\/figure><\/div><div class=\"swiper-slide\" role=\"group\" aria-roledescription=\"slide\" aria-label=\"2 of 3\"><figure class=\"swiper-slide-inner\"><img decoding=\"async\" class=\"swiper-slide-image\" src=\"https:\/\/amu.pan.pl\/wp-content\/uploads\/2021\/10\/MG-768x768.jpeg\" alt=\"Marta Gmurek\" \/><\/figure><\/div><div class=\"swiper-slide\" role=\"group\" aria-roledescription=\"slide\" aria-label=\"3 of 3\"><figure class=\"swiper-slide-inner\"><img decoding=\"async\" class=\"swiper-slide-image\" src=\"https:\/\/amu.pan.pl\/wp-content\/uploads\/2021\/10\/JP-768x768.jpeg\" alt=\"Jan Poleszczuk\" \/><\/figure><\/div>\t\t\t<\/div>\n\t\t\t\t\t\t\t\t\t\t\t\t<div class=\"elementor-swiper-button elementor-swiper-button-prev\" role=\"button\" tabindex=\"0\">\n\t\t\t\t\t\t<i aria-hidden=\"true\" class=\"eicon-chevron-left\"><\/i>\t\t\t\t\t<\/div>\n\t\t\t\t\t<div class=\"elementor-swiper-button elementor-swiper-button-next\" role=\"button\" tabindex=\"0\">\n\t\t\t\t\t\t<i aria-hidden=\"true\" class=\"eicon-chevron-right\"><\/i>\t\t\t\t\t<\/div>\n\t\t\t\t\n\t\t\t\t\t\t\t\t\t<div class=\"swiper-pagination\"><\/div>\n\t\t\t\t\t\t\t\t\t<\/div>\n\t\t\t\t\t\t<\/div>\n\t\t\t\t<\/div>\n\t\t\t\t<div class=\"elementor-element elementor-element-dfc8215 elementor-widget elementor-widget-text-editor\" data-id=\"dfc8215\" data-element_type=\"widget\" data-widget_type=\"text-editor.default\">\n\t\t\t\t<div class=\"elementor-widget-container\">\n\t\t\t\t\t\t\t\t\t<h4>Uchwa\u0142y o wyborze w\u0142adz AMU<\/h4><p><a href=\"https:\/\/amu.pan.pl\/wp-content\/uploads\/2021\/10\/Uchwala-nr-3_2021-ws.-wyboru-Przewodniczacego-bez-podp.pdf\" target=\"_blank\" rel=\"noopener\">Uchwa\u0142a nr 3\/2021Zebrania Og\u00f3lnego Akademii M\u0142odych Uczonych PAN z dnia 8 pa\u017adziernika 2021 r. w sprawie wyboru Przewodnicz\u0105cego AMU<\/a><\/p><p><a href=\"https:\/\/amu.pan.pl\/wp-content\/uploads\/2021\/10\/Uchwala-nr-4_2021-ws.-wyboru-Zastepcow-Przewodniczacego-bez-podp.pdf\" target=\"_blank\" rel=\"noopener\">Uchwa\u0142a nr 4\/2021Zebrania Og\u00f3lnego Akademii M\u0142odych Uczonych PAN z dnia 8 pa\u017adziernika 2021 r.w sprawie wyboru Zast\u0119pc\u00f3w Przewodnicz\u0105cego AMU<\/a><\/p>\t\t\t\t\t\t\t\t<\/div>\n\t\t\t\t<\/div>\n\t\t\t\t\t<\/div>\n\t\t<\/div>\n\t\t\t\t\t<\/div>\n\t\t<\/section>\n\t\t\t\t<\/div>","protected":false},"excerpt":{"rendered":"<p>Zebranie Og\u00f3lne Akademii M\u0142odych Uczonych na posiedzeniu w dniu 8 pa\u017adziernika 2021 r. wybra\u0142o naPrzewodnicz\u0105cego AMU dr. Jacka \u0141. Kolanowskiego. Na jego zast\u0119pc\u00f3w wybrano dr hab. in\u017c. Mart\u0119 Gmurek oraz dr. hab. Jana Poleszczuka. Kadencja nowo powo\u0142anych w\u0142adz AMU rozpocznie si\u0119 15 grudnia 2021 r. i potrwa do 30 czerwca 2024 r. Poprzednie Nast\u0119pne Uchwa\u0142y [&hellip;]<\/p>","protected":false},"author":2,"featured_media":0,"comment_status":"closed","ping_status":"closed","sticky":false,"template":"","format":"standard","meta":{"_monsterinsights_skip_tracking":false,"_monsterinsights_sitenote_active":false,"_monsterinsights_sitenote_note":"","_monsterinsights_sitenote_category":0,"footnotes":""},"categories":[4],"tags":[27],"class_list":["post-3952","post","type-post","status-publish","format-standard","hentry","category-aktualnosci","tag-sukcesy-czlonkin-i-czlonkow-amu"],"yoast_head":"<!-- This site is optimized with the Yoast SEO plugin v25.0 - https:\/\/yoast.com\/wordpress\/plugins\/seo\/ -->\n<title>Akademia M\u0142odych Uczonych wybra\u0142a Przewodnicz\u0105cego i Zast\u0119pc\u00f3w w kolejnej kadencji - Akademia M\u0142odych Uczonych<\/title>\n<meta name=\"robots\" content=\"index, follow, max-snippet:-1, max-image-preview:large, max-video-preview:-1\" \/>\n<link rel=\"canonical\" href=\"https:\/\/amu.pan.pl\/en\/akademia-mlodych-uczonych-wybrala-przewodniczacego-i-zastepcow-w-kolejnej-kadencji\/\" \/>\n<meta property=\"og:locale\" content=\"en_GB\" \/>\n<meta property=\"og:type\" content=\"article\" \/>\n<meta property=\"og:title\" content=\"Akademia M\u0142odych Uczonych wybra\u0142a Przewodnicz\u0105cego i Zast\u0119pc\u00f3w w kolejnej kadencji - Akademia M\u0142odych Uczonych\" \/>\n<meta property=\"og:description\" content=\"Zebranie Og\u00f3lne Akademii M\u0142odych Uczonych na posiedzeniu w dniu 8 pa\u017adziernika 2021 r. wybra\u0142o naPrzewodnicz\u0105cego AMU dr. Jacka \u0141. Kolanowskiego. Na jego zast\u0119pc\u00f3w wybrano dr hab. in\u017c. Mart\u0119 Gmurek oraz dr. hab. Jana Poleszczuka. Kadencja nowo powo\u0142anych w\u0142adz AMU rozpocznie si\u0119 15 grudnia 2021 r. i potrwa do 30 czerwca 2024 r. Poprzednie Nast\u0119pne Uchwa\u0142y [&hellip;]\" \/>\n<meta property=\"og:url\" content=\"https:\/\/amu.pan.pl\/en\/akademia-mlodych-uczonych-wybrala-przewodniczacego-i-zastepcow-w-kolejnej-kadencji\/\" \/>\n<meta property=\"og:site_name\" content=\"Akademia M\u0142odych Uczonych\" \/>\n<meta property=\"article:publisher\" content=\"https:\/\/www.facebook.com\/AkademiaMlodychUczonych\/\" \/>\n<meta property=\"article:published_time\" content=\"2021-10-13T12:20:04+00:00\" \/>\n<meta property=\"article:modified_time\" content=\"2021-10-13T14:01:26+00:00\" \/>\n<meta property=\"og:image\" content=\"https:\/\/amu.pan.pl\/wp-content\/uploads\/2021\/10\/JK-768x768.jpeg\" \/>\n<meta name=\"author\" content=\"redaktor\" \/>\n<meta name=\"twitter:card\" content=\"summary_large_image\" \/>\n<meta name=\"twitter:creator\" content=\"@AMUPAN1\" \/>\n<meta name=\"twitter:site\" content=\"@AMUPAN1\" \/>\n<meta name=\"twitter:label1\" content=\"Written by\" \/>\n\t<meta name=\"twitter:data1\" content=\"redaktor\" \/>\n\t<meta name=\"twitter:label2\" content=\"Estimated reading time\" \/>\n\t<meta name=\"twitter:data2\" content=\"3 minutes\" \/>\n<script type=\"application\/ld+json\" class=\"yoast-schema-graph\">{\"@context\":\"https:\/\/schema.org\",\"@graph\":[{\"@type\":\"Article\",\"@id\":\"https:\/\/amu.pan.pl\/en\/akademia-mlodych-uczonych-wybrala-przewodniczacego-i-zastepcow-w-kolejnej-kadencji\/#article\",\"isPartOf\":{\"@id\":\"https:\/\/amu.pan.pl\/en\/akademia-mlodych-uczonych-wybrala-przewodniczacego-i-zastepcow-w-kolejnej-kadencji\/\"},\"author\":{\"name\":\"redaktor\",\"@id\":\"https:\/\/amu.pan.pl\/#\/schema\/person\/6228761cf33db76ffb28beafb9e62758\"},\"headline\":\"Akademia M\u0142odych Uczonych wybra\u0142a Przewodnicz\u0105cego i Zast\u0119pc\u00f3w w kolejnej kadencji\",\"datePublished\":\"2021-10-13T12:20:04+00:00\",\"dateModified\":\"2021-10-13T14:01:26+00:00\",\"mainEntityOfPage\":{\"@id\":\"https:\/\/amu.pan.pl\/en\/akademia-mlodych-uczonych-wybrala-przewodniczacego-i-zastepcow-w-kolejnej-kadencji\/\"},\"wordCount\":126,\"publisher\":{\"@id\":\"https:\/\/amu.pan.pl\/#organization\"},\"image\":{\"@id\":\"https:\/\/amu.pan.pl\/en\/akademia-mlodych-uczonych-wybrala-przewodniczacego-i-zastepcow-w-kolejnej-kadencji\/#primaryimage\"},\"thumbnailUrl\":\"https:\/\/amu.pan.pl\/wp-content\/uploads\/2021\/10\/JK-768x768.jpeg\",\"keywords\":[\"Sukcesy Cz\u0142onki\u0144 i Cz\u0142onk\u00f3w AMU\"],\"articleSection\":[\"Aktualno\u015bci\"],\"inLanguage\":\"en-GB\"},{\"@type\":\"WebPage\",\"@id\":\"https:\/\/amu.pan.pl\/en\/akademia-mlodych-uczonych-wybrala-przewodniczacego-i-zastepcow-w-kolejnej-kadencji\/\",\"url\":\"https:\/\/amu.pan.pl\/en\/akademia-mlodych-uczonych-wybrala-przewodniczacego-i-zastepcow-w-kolejnej-kadencji\/\",\"name\":\"Akademia M\u0142odych Uczonych wybra\u0142a Przewodnicz\u0105cego i Zast\u0119pc\u00f3w w kolejnej kadencji - Akademia M\u0142odych Uczonych\",\"isPartOf\":{\"@id\":\"https:\/\/amu.pan.pl\/#website\"},\"primaryImageOfPage\":{\"@id\":\"https:\/\/amu.pan.pl\/en\/akademia-mlodych-uczonych-wybrala-przewodniczacego-i-zastepcow-w-kolejnej-kadencji\/#primaryimage\"},\"image\":{\"@id\":\"https:\/\/amu.pan.pl\/en\/akademia-mlodych-uczonych-wybrala-przewodniczacego-i-zastepcow-w-kolejnej-kadencji\/#primaryimage\"},\"thumbnailUrl\":\"https:\/\/amu.pan.pl\/wp-content\/uploads\/2021\/10\/JK-768x768.jpeg\",\"datePublished\":\"2021-10-13T12:20:04+00:00\",\"dateModified\":\"2021-10-13T14:01:26+00:00\",\"breadcrumb\":{\"@id\":\"https:\/\/amu.pan.pl\/en\/akademia-mlodych-uczonych-wybrala-przewodniczacego-i-zastepcow-w-kolejnej-kadencji\/#breadcrumb\"},\"inLanguage\":\"en-GB\",\"potentialAction\":[{\"@type\":\"ReadAction\",\"target\":[\"https:\/\/amu.pan.pl\/en\/akademia-mlodych-uczonych-wybrala-przewodniczacego-i-zastepcow-w-kolejnej-kadencji\/\"]}]},{\"@type\":\"ImageObject\",\"inLanguage\":\"en-GB\",\"@id\":\"https:\/\/amu.pan.pl\/en\/akademia-mlodych-uczonych-wybrala-przewodniczacego-i-zastepcow-w-kolejnej-kadencji\/#primaryimage\",\"url\":\"https:\/\/amu.pan.pl\/wp-content\/uploads\/2021\/10\/JK-768x768.jpeg\",\"contentUrl\":\"https:\/\/amu.pan.pl\/wp-content\/uploads\/2021\/10\/JK-768x768.jpeg\"},{\"@type\":\"BreadcrumbList\",\"@id\":\"https:\/\/amu.pan.pl\/en\/akademia-mlodych-uczonych-wybrala-przewodniczacego-i-zastepcow-w-kolejnej-kadencji\/#breadcrumb\",\"itemListElement\":[{\"@type\":\"ListItem\",\"position\":1,\"name\":\"Strona g\u0142\u00f3wna\",\"item\":\"https:\/\/amu.pan.pl\/\"},{\"@type\":\"ListItem\",\"position\":2,\"name\":\"Akademia M\u0142odych Uczonych wybra\u0142a Przewodnicz\u0105cego i Zast\u0119pc\u00f3w w kolejnej kadencji\"}]},{\"@type\":\"WebSite\",\"@id\":\"https:\/\/amu.pan.pl\/#website\",\"url\":\"https:\/\/amu.pan.pl\/\",\"name\":\"Akademia M\u0142odych Uczonych\",\"description\":\"Polska Akademia Nauk\",\"publisher\":{\"@id\":\"https:\/\/amu.pan.pl\/#organization\"},\"potentialAction\":[{\"@type\":\"SearchAction\",\"target\":{\"@type\":\"EntryPoint\",\"urlTemplate\":\"https:\/\/amu.pan.pl\/?s={search_term_string}\"},\"query-input\":{\"@type\":\"PropertyValueSpecification\",\"valueRequired\":true,\"valueName\":\"search_term_string\"}}],\"inLanguage\":\"en-GB\"},{\"@type\":\"Organization\",\"@id\":\"https:\/\/amu.pan.pl\/#organization\",\"name\":\"Akademia M\u0142odych Uczonych\",\"url\":\"https:\/\/amu.pan.pl\/\",\"logo\":{\"@type\":\"ImageObject\",\"inLanguage\":\"en-GB\",\"@id\":\"https:\/\/amu.pan.pl\/#\/schema\/logo\/image\/\",\"url\":\"https:\/\/amu.pan.pl\/wp-content\/uploads\/2020\/08\/zz_amu.png\",\"contentUrl\":\"https:\/\/amu.pan.pl\/wp-content\/uploads\/2020\/08\/zz_amu.png\",\"width\":2794,\"height\":1016,\"caption\":\"Akademia M\u0142odych Uczonych\"},\"image\":{\"@id\":\"https:\/\/amu.pan.pl\/#\/schema\/logo\/image\/\"},\"sameAs\":[\"https:\/\/www.facebook.com\/AkademiaMlodychUczonych\/\",\"https:\/\/x.com\/AMUPAN1\"]},{\"@type\":\"Person\",\"@id\":\"https:\/\/amu.pan.pl\/#\/schema\/person\/6228761cf33db76ffb28beafb9e62758\",\"name\":\"redaktor\",\"image\":{\"@type\":\"ImageObject\",\"inLanguage\":\"en-GB\",\"@id\":\"https:\/\/amu.pan.pl\/#\/schema\/person\/image\/\",\"url\":\"https:\/\/secure.gravatar.com\/avatar\/a0599af3d5c48d4131a3e882d6a2cedfdbc82b886c803755075873f68351b8b5?s=96&d=mm&r=g\",\"contentUrl\":\"https:\/\/secure.gravatar.com\/avatar\/a0599af3d5c48d4131a3e882d6a2cedfdbc82b886c803755075873f68351b8b5?s=96&d=mm&r=g\",\"caption\":\"redaktor\"},\"url\":\"https:\/\/amu.pan.pl\/en\/author\/redaktor\/\"}]}<\/script>\n<!-- \/ Yoast SEO plugin. -->","yoast_head_json":{"title":"Akademia M\u0142odych Uczonych wybra\u0142a Przewodnicz\u0105cego i Zast\u0119pc\u00f3w w kolejnej kadencji - Akademia M\u0142odych Uczonych","robots":{"index":"index","follow":"follow","max-snippet":"max-snippet:-1","max-image-preview":"max-image-preview:large","max-video-preview":"max-video-preview:-1"},"canonical":"https:\/\/amu.pan.pl\/en\/akademia-mlodych-uczonych-wybrala-przewodniczacego-i-zastepcow-w-kolejnej-kadencji\/","og_locale":"en_GB","og_type":"article","og_title":"Akademia M\u0142odych Uczonych wybra\u0142a Przewodnicz\u0105cego i Zast\u0119pc\u00f3w w kolejnej kadencji - Akademia M\u0142odych Uczonych","og_description":"Zebranie Og\u00f3lne Akademii M\u0142odych Uczonych na posiedzeniu w dniu 8 pa\u017adziernika 2021 r. wybra\u0142o naPrzewodnicz\u0105cego AMU dr. Jacka \u0141. Kolanowskiego. Na jego zast\u0119pc\u00f3w wybrano dr hab. in\u017c. Mart\u0119 Gmurek oraz dr. hab. Jana Poleszczuka. Kadencja nowo powo\u0142anych w\u0142adz AMU rozpocznie si\u0119 15 grudnia 2021 r. i potrwa do 30 czerwca 2024 r. Poprzednie Nast\u0119pne Uchwa\u0142y [&hellip;]","og_url":"https:\/\/amu.pan.pl\/en\/akademia-mlodych-uczonych-wybrala-przewodniczacego-i-zastepcow-w-kolejnej-kadencji\/","og_site_name":"Akademia M\u0142odych Uczonych","article_publisher":"https:\/\/www.facebook.com\/AkademiaMlodychUczonych\/","article_published_time":"2021-10-13T12:20:04+00:00","article_modified_time":"2021-10-13T14:01:26+00:00","og_image":[{"url":"https:\/\/amu.pan.pl\/wp-content\/uploads\/2021\/10\/JK-768x768.jpeg","type":"","width":"","height":""}],"author":"redaktor","twitter_card":"summary_large_image","twitter_creator":"@AMUPAN1","twitter_site":"@AMUPAN1","twitter_misc":{"Written by":"redaktor","Estimated reading time":"3 minutes"},"schema":{"@context":"https:\/\/schema.org","@graph":[{"@type":"Article","@id":"https:\/\/amu.pan.pl\/en\/akademia-mlodych-uczonych-wybrala-przewodniczacego-i-zastepcow-w-kolejnej-kadencji\/#article","isPartOf":{"@id":"https:\/\/amu.pan.pl\/en\/akademia-mlodych-uczonych-wybrala-przewodniczacego-i-zastepcow-w-kolejnej-kadencji\/"},"author":{"name":"redaktor","@id":"https:\/\/amu.pan.pl\/#\/schema\/person\/6228761cf33db76ffb28beafb9e62758"},"headline":"Akademia M\u0142odych Uczonych wybra\u0142a Przewodnicz\u0105cego i Zast\u0119pc\u00f3w w kolejnej kadencji","datePublished":"2021-10-13T12:20:04+00:00","dateModified":"2021-10-13T14:01:26+00:00","mainEntityOfPage":{"@id":"https:\/\/amu.pan.pl\/en\/akademia-mlodych-uczonych-wybrala-przewodniczacego-i-zastepcow-w-kolejnej-kadencji\/"},"wordCount":126,"publisher":{"@id":"https:\/\/amu.pan.pl\/#organization"},"image":{"@id":"https:\/\/amu.pan.pl\/en\/akademia-mlodych-uczonych-wybrala-przewodniczacego-i-zastepcow-w-kolejnej-kadencji\/#primaryimage"},"thumbnailUrl":"https:\/\/amu.pan.pl\/wp-content\/uploads\/2021\/10\/JK-768x768.jpeg","keywords":["Sukcesy Cz\u0142onki\u0144 i Cz\u0142onk\u00f3w AMU"],"articleSection":["Aktualno\u015bci"],"inLanguage":"en-GB"},{"@type":"WebPage","@id":"https:\/\/amu.pan.pl\/en\/akademia-mlodych-uczonych-wybrala-przewodniczacego-i-zastepcow-w-kolejnej-kadencji\/","url":"https:\/\/amu.pan.pl\/en\/akademia-mlodych-uczonych-wybrala-przewodniczacego-i-zastepcow-w-kolejnej-kadencji\/","name":"Akademia M\u0142odych Uczonych wybra\u0142a Przewodnicz\u0105cego i Zast\u0119pc\u00f3w w kolejnej kadencji - Akademia M\u0142odych Uczonych","isPartOf":{"@id":"https:\/\/amu.pan.pl\/#website"},"primaryImageOfPage":{"@id":"https:\/\/amu.pan.pl\/en\/akademia-mlodych-uczonych-wybrala-przewodniczacego-i-zastepcow-w-kolejnej-kadencji\/#primaryimage"},"image":{"@id":"https:\/\/amu.pan.pl\/en\/akademia-mlodych-uczonych-wybrala-przewodniczacego-i-zastepcow-w-kolejnej-kadencji\/#primaryimage"},"thumbnailUrl":"https:\/\/amu.pan.pl\/wp-content\/uploads\/2021\/10\/JK-768x768.jpeg","datePublished":"2021-10-13T12:20:04+00:00","dateModified":"2021-10-13T14:01:26+00:00","breadcrumb":{"@id":"https:\/\/amu.pan.pl\/en\/akademia-mlodych-uczonych-wybrala-przewodniczacego-i-zastepcow-w-kolejnej-kadencji\/#breadcrumb"},"inLanguage":"en-GB","potentialAction":[{"@type":"ReadAction","target":["https:\/\/amu.pan.pl\/en\/akademia-mlodych-uczonych-wybrala-przewodniczacego-i-zastepcow-w-kolejnej-kadencji\/"]}]},{"@type":"ImageObject","inLanguage":"en-GB","@id":"https:\/\/amu.pan.pl\/en\/akademia-mlodych-uczonych-wybrala-przewodniczacego-i-zastepcow-w-kolejnej-kadencji\/#primaryimage","url":"https:\/\/amu.pan.pl\/wp-content\/uploads\/2021\/10\/JK-768x768.jpeg","contentUrl":"https:\/\/amu.pan.pl\/wp-content\/uploads\/2021\/10\/JK-768x768.jpeg"},{"@type":"BreadcrumbList","@id":"https:\/\/amu.pan.pl\/en\/akademia-mlodych-uczonych-wybrala-przewodniczacego-i-zastepcow-w-kolejnej-kadencji\/#breadcrumb","itemListElement":[{"@type":"ListItem","position":1,"name":"Strona g\u0142\u00f3wna","item":"https:\/\/amu.pan.pl\/"},{"@type":"ListItem","position":2,"name":"Akademia M\u0142odych Uczonych wybra\u0142a Przewodnicz\u0105cego i Zast\u0119pc\u00f3w w kolejnej kadencji"}]},{"@type":"WebSite","@id":"https:\/\/amu.pan.pl\/#website","url":"https:\/\/amu.pan.pl\/","name":"Akademia M\u0142odych Uczonych","description":"Polska Akademia Nauk","publisher":{"@id":"https:\/\/amu.pan.pl\/#organization"},"potentialAction":[{"@type":"SearchAction","target":{"@type":"EntryPoint","urlTemplate":"https:\/\/amu.pan.pl\/?s={search_term_string}"},"query-input":{"@type":"PropertyValueSpecification","valueRequired":true,"valueName":"search_term_string"}}],"inLanguage":"en-GB"},{"@type":"Organization","@id":"https:\/\/amu.pan.pl\/#organization","name":"Akademia M\u0142odych Uczonych","url":"https:\/\/amu.pan.pl\/","logo":{"@type":"ImageObject","inLanguage":"en-GB","@id":"https:\/\/amu.pan.pl\/#\/schema\/logo\/image\/","url":"https:\/\/amu.pan.pl\/wp-content\/uploads\/2020\/08\/zz_amu.png","contentUrl":"https:\/\/amu.pan.pl\/wp-content\/uploads\/2020\/08\/zz_amu.png","width":2794,"height":1016,"caption":"Akademia M\u0142odych Uczonych"},"image":{"@id":"https:\/\/amu.pan.pl\/#\/schema\/logo\/image\/"},"sameAs":["https:\/\/www.facebook.com\/AkademiaMlodychUczonych\/","https:\/\/x.com\/AMUPAN1"]},{"@type":"Person","@id":"https:\/\/amu.pan.pl\/#\/schema\/person\/6228761cf33db76ffb28beafb9e62758","name":"redaktor","image":{"@type":"ImageObject","inLanguage":"en-GB","@id":"https:\/\/amu.pan.pl\/#\/schema\/person\/image\/","url":"https:\/\/secure.gravatar.com\/avatar\/a0599af3d5c48d4131a3e882d6a2cedfdbc82b886c803755075873f68351b8b5?s=96&d=mm&r=g","contentUrl":"https:\/\/secure.gravatar.com\/avatar\/a0599af3d5c48d4131a3e882d6a2cedfdbc82b886c803755075873f68351b8b5?s=96&d=mm&r=g","caption":"redaktor"},"url":"https:\/\/amu.pan.pl\/en\/author\/redaktor\/"}]}},"_links":{"self":[{"href":"https:\/\/amu.pan.pl\/en\/wp-json\/wp\/v2\/posts\/3952","targetHints":{"allow":["GET"]}}],"collection":[{"href":"https:\/\/amu.pan.pl\/en\/wp-json\/wp\/v2\/posts"}],"about":[{"href":"https:\/\/amu.pan.pl\/en\/wp-json\/wp\/v2\/types\/post"}],"author":[{"embeddable":true,"href":"https:\/\/amu.pan.pl\/en\/wp-json\/wp\/v2\/users\/2"}],"replies":[{"embeddable":true,"href":"https:\/\/amu.pan.pl\/en\/wp-json\/wp\/v2\/comments?post=3952"}],"version-history":[{"count":13,"href":"https:\/\/amu.pan.pl\/en\/wp-json\/wp\/v2\/posts\/3952\/revisions"}],"predecessor-version":[{"id":3982,"href":"https:\/\/amu.pan.pl\/en\/wp-json\/wp\/v2\/posts\/3952\/revisions\/3982"}],"wp:attachment":[{"href":"https:\/\/amu.pan.pl\/en\/wp-json\/wp\/v2\/media?parent=3952"}],"wp:term":[{"taxonomy":"category","embeddable":true,"href":"https:\/\/amu.pan.pl\/en\/wp-json\/wp\/v2\/categories?post=3952"},{"taxonomy":"post_tag","embeddable":true,"href":"https:\/\/amu.pan.pl\/en\/wp-json\/wp\/v2\/tags?post=3952"}],"curies":[{"name":"wp","href":"https:\/\/api.w.org\/{rel}","templated":true}]}}