{"id":3965,"date":"2021-10-13T14:35:24","date_gmt":"2021-10-13T12:35:24","guid":{"rendered":"https:\/\/amu.pan.pl\/?p=3965"},"modified":"2021-10-13T14:42:59","modified_gmt":"2021-10-13T12:42:59","slug":"amu-apeluje-do-prezydenta-rp-ws-nadawania-tytulu-profesora","status":"publish","type":"post","link":"https:\/\/amu.pan.pl\/en\/amu-apeluje-do-prezydenta-rp-ws-nadawania-tytulu-profesora\/","title":{"rendered":"AMU apeluje do Prezydenta RP ws. nadawania tytu\u0142u profesora"},"content":{"rendered":"<p>Akademia M\u0142odych Uczonych apeluje do Prezydenta RP o nadanie tytu\u0142u profesora uczonym, w sprawie kt\u00f3rych z wnioskiem wyst\u0105pi\u0142a Rada Doskona\u0142o\u015bci Naukowej lub Centralna Komisja ds. Stopni i Tytu\u0142\u00f3w.<\/p>\n\n\n\n<!--more Czytaj dalej-->\n\n\n\n<p>W opinii AMU:<\/p>\n\n\n\n<blockquote class=\"wp-block-quote is-layout-flow wp-block-quote-is-layout-flow\"><p>procedura oceny ma charakter merytoryczny i nie przewiduje ponownego badania wniosku przez prezydenta RP. Odmowa lub nieuzasadniona zw\u0142oka w nadaniu tytu\u0142u profesora mo\u017ce by\u0107 odbierana jako szykana wymierzona w konkretnego naukowca lub jako pr\u00f3ba zniech\u0119cenia do podejmowania konkretnej tematyki badawczej. W naszym przekonaniu dzia\u0142anie takie nie licuje z powag\u0105 urz\u0119du prezydenta i uderza w wolno\u015b\u0107 bada\u0144 naukowych gwarantowan\u0105 w art. 73 Konstytucji RP.<\/p><\/blockquote>\n\n\n\n<p>Pe\u0142ny tekst opinii: <a href=\"https:\/\/amu.pan.pl\/wp-content\/uploads\/2021\/10\/Apel-AMU-w-sprawie-nadawania-tytulu-profesora-przez-Prezydenta-RP-bez-podpisu.pdf\" target=\"_blank\" rel=\"noreferrer noopener\">PDF file<\/a><\/p>\n\n\n<a href=\"https:\/\/amu.pan.pl\/wp-content\/uploads\/2021\/10\/Apel-AMU-w-sprawie-nadawania-tytulu-profesora-przez-Prezydenta-RP-bez-podpisu.pdf\" class=\"pdfemb-viewer\" style=\"\" data-width=\"max\" data-height=\"max\" data-toolbar=\"top\" data-toolbar-fixed=\"on\">Apel-AMU-w-sprawie-nadawania-tytulu-profesora-przez-Prezydenta-RP-bez-podpisu<\/a>\n<p class=\"wp-block-pdfemb-pdf-embedder-viewer\"><\/p>","protected":false},"excerpt":{"rendered":"<p>Akademia M\u0142odych Uczonych apeluje do Prezydenta RP o nadanie tytu\u0142u profesora uczonym, w sprawie kt\u00f3rych z wnioskiem wyst\u0105pi\u0142a Rada Doskona\u0142o\u015bci Naukowej lub Centralna Komisja ds. Stopni i Tytu\u0142\u00f3w.<\/p>","protected":false},"author":2,"featured_media":359,"comment_status":"closed","ping_status":"closed","sticky":false,"template":"","format":"standard","meta":{"_monsterinsights_skip_tracking":false,"_monsterinsights_sitenote_active":false,"_monsterinsights_sitenote_note":"","_monsterinsights_sitenote_category":0,"footnotes":""},"categories":[4,8],"tags":[32,31],"class_list":["post-3965","post","type-post","status-publish","format-standard","has-post-thumbnail","hentry","category-aktualnosci","category-opinie-amu","tag-ewaluacja-nauki","tag-sprawy-nauki"],"yoast_head":"<!-- This site is optimized with the Yoast SEO plugin v25.0 - https:\/\/yoast.com\/wordpress\/plugins\/seo\/ -->\n<title>AMU apeluje do Prezydenta RP ws. nadawania tytu\u0142u profesora - Akademia M\u0142odych Uczonych<\/title>\n<meta name=\"robots\" content=\"index, follow, max-snippet:-1, max-image-preview:large, max-video-preview:-1\" \/>\n<link rel=\"canonical\" href=\"https:\/\/amu.pan.pl\/en\/amu-apeluje-do-prezydenta-rp-ws-nadawania-tytulu-profesora\/\" \/>\n<meta property=\"og:locale\" content=\"en_GB\" \/>\n<meta property=\"og:type\" content=\"article\" \/>\n<meta property=\"og:title\" content=\"AMU apeluje do Prezydenta RP ws. nadawania tytu\u0142u profesora - Akademia M\u0142odych Uczonych\" \/>\n<meta property=\"og:description\" content=\"Akademia M\u0142odych Uczonych apeluje do Prezydenta RP o nadanie tytu\u0142u profesora uczonym, w sprawie kt\u00f3rych z wnioskiem wyst\u0105pi\u0142a Rada Doskona\u0142o\u015bci Naukowej lub Centralna Komisja ds. Stopni i Tytu\u0142\u00f3w.\" \/>\n<meta property=\"og:url\" content=\"https:\/\/amu.pan.pl\/en\/amu-apeluje-do-prezydenta-rp-ws-nadawania-tytulu-profesora\/\" \/>\n<meta property=\"og:site_name\" content=\"Akademia M\u0142odych Uczonych\" \/>\n<meta property=\"article:publisher\" content=\"https:\/\/www.facebook.com\/AkademiaMlodychUczonych\/\" \/>\n<meta property=\"article:published_time\" content=\"2021-10-13T12:35:24+00:00\" \/>\n<meta property=\"article:modified_time\" content=\"2021-10-13T12:42:59+00:00\" \/>\n<meta property=\"og:image\" content=\"https:\/\/amu.pan.pl\/wp-content\/uploads\/2020\/09\/AMU_logo.png\" \/>\n\t<meta property=\"og:image:width\" content=\"600\" \/>\n\t<meta property=\"og:image:height\" content=\"342\" \/>\n\t<meta property=\"og:image:type\" content=\"image\/png\" \/>\n<meta name=\"author\" content=\"redaktor\" \/>\n<meta name=\"twitter:card\" content=\"summary_large_image\" \/>\n<meta name=\"twitter:creator\" content=\"@AMUPAN1\" \/>\n<meta name=\"twitter:site\" content=\"@AMUPAN1\" \/>\n<meta name=\"twitter:label1\" content=\"Written by\" \/>\n\t<meta name=\"twitter:data1\" content=\"redaktor\" \/>\n\t<meta name=\"twitter:label2\" content=\"Estimated reading time\" \/>\n\t<meta name=\"twitter:data2\" content=\"1 minute\" \/>\n<script type=\"application\/ld+json\" class=\"yoast-schema-graph\">{\"@context\":\"https:\/\/schema.org\",\"@graph\":[{\"@type\":\"Article\",\"@id\":\"https:\/\/amu.pan.pl\/en\/amu-apeluje-do-prezydenta-rp-ws-nadawania-tytulu-profesora\/#article\",\"isPartOf\":{\"@id\":\"https:\/\/amu.pan.pl\/en\/amu-apeluje-do-prezydenta-rp-ws-nadawania-tytulu-profesora\/\"},\"author\":{\"name\":\"redaktor\",\"@id\":\"https:\/\/amu.pan.pl\/#\/schema\/person\/6228761cf33db76ffb28beafb9e62758\"},\"headline\":\"AMU apeluje do Prezydenta RP ws. nadawania tytu\u0142u profesora\",\"datePublished\":\"2021-10-13T12:35:24+00:00\",\"dateModified\":\"2021-10-13T12:42:59+00:00\",\"mainEntityOfPage\":{\"@id\":\"https:\/\/amu.pan.pl\/en\/amu-apeluje-do-prezydenta-rp-ws-nadawania-tytulu-profesora\/\"},\"wordCount\":124,\"publisher\":{\"@id\":\"https:\/\/amu.pan.pl\/#organization\"},\"image\":{\"@id\":\"https:\/\/amu.pan.pl\/en\/amu-apeluje-do-prezydenta-rp-ws-nadawania-tytulu-profesora\/#primaryimage\"},\"thumbnailUrl\":\"https:\/\/amu.pan.pl\/wp-content\/uploads\/2020\/09\/AMU_logo.png\",\"keywords\":[\"Ewaluacja nauki\",\"Sprawy nauki\"],\"articleSection\":[\"Aktualno\u015bci\",\"Opinie AMU\"],\"inLanguage\":\"en-GB\"},{\"@type\":\"WebPage\",\"@id\":\"https:\/\/amu.pan.pl\/en\/amu-apeluje-do-prezydenta-rp-ws-nadawania-tytulu-profesora\/\",\"url\":\"https:\/\/amu.pan.pl\/en\/amu-apeluje-do-prezydenta-rp-ws-nadawania-tytulu-profesora\/\",\"name\":\"AMU apeluje do Prezydenta RP ws. nadawania tytu\u0142u profesora - Akademia M\u0142odych Uczonych\",\"isPartOf\":{\"@id\":\"https:\/\/amu.pan.pl\/#website\"},\"primaryImageOfPage\":{\"@id\":\"https:\/\/amu.pan.pl\/en\/amu-apeluje-do-prezydenta-rp-ws-nadawania-tytulu-profesora\/#primaryimage\"},\"image\":{\"@id\":\"https:\/\/amu.pan.pl\/en\/amu-apeluje-do-prezydenta-rp-ws-nadawania-tytulu-profesora\/#primaryimage\"},\"thumbnailUrl\":\"https:\/\/amu.pan.pl\/wp-content\/uploads\/2020\/09\/AMU_logo.png\",\"datePublished\":\"2021-10-13T12:35:24+00:00\",\"dateModified\":\"2021-10-13T12:42:59+00:00\",\"breadcrumb\":{\"@id\":\"https:\/\/amu.pan.pl\/en\/amu-apeluje-do-prezydenta-rp-ws-nadawania-tytulu-profesora\/#breadcrumb\"},\"inLanguage\":\"en-GB\",\"potentialAction\":[{\"@type\":\"ReadAction\",\"target\":[\"https:\/\/amu.pan.pl\/en\/amu-apeluje-do-prezydenta-rp-ws-nadawania-tytulu-profesora\/\"]}]},{\"@type\":\"ImageObject\",\"inLanguage\":\"en-GB\",\"@id\":\"https:\/\/amu.pan.pl\/en\/amu-apeluje-do-prezydenta-rp-ws-nadawania-tytulu-profesora\/#primaryimage\",\"url\":\"https:\/\/amu.pan.pl\/wp-content\/uploads\/2020\/09\/AMU_logo.png\",\"contentUrl\":\"https:\/\/amu.pan.pl\/wp-content\/uploads\/2020\/09\/AMU_logo.png\",\"width\":600,\"height\":342,\"caption\":\"AMU logo\"},{\"@type\":\"BreadcrumbList\",\"@id\":\"https:\/\/amu.pan.pl\/en\/amu-apeluje-do-prezydenta-rp-ws-nadawania-tytulu-profesora\/#breadcrumb\",\"itemListElement\":[{\"@type\":\"ListItem\",\"position\":1,\"name\":\"Strona g\u0142\u00f3wna\",\"item\":\"https:\/\/amu.pan.pl\/\"},{\"@type\":\"ListItem\",\"position\":2,\"name\":\"AMU apeluje do Prezydenta RP ws. nadawania tytu\u0142u profesora\"}]},{\"@type\":\"WebSite\",\"@id\":\"https:\/\/amu.pan.pl\/#website\",\"url\":\"https:\/\/amu.pan.pl\/\",\"name\":\"Akademia M\u0142odych Uczonych\",\"description\":\"Polska Akademia Nauk\",\"publisher\":{\"@id\":\"https:\/\/amu.pan.pl\/#organization\"},\"potentialAction\":[{\"@type\":\"SearchAction\",\"target\":{\"@type\":\"EntryPoint\",\"urlTemplate\":\"https:\/\/amu.pan.pl\/?s={search_term_string}\"},\"query-input\":{\"@type\":\"PropertyValueSpecification\",\"valueRequired\":true,\"valueName\":\"search_term_string\"}}],\"inLanguage\":\"en-GB\"},{\"@type\":\"Organization\",\"@id\":\"https:\/\/amu.pan.pl\/#organization\",\"name\":\"Akademia M\u0142odych Uczonych\",\"url\":\"https:\/\/amu.pan.pl\/\",\"logo\":{\"@type\":\"ImageObject\",\"inLanguage\":\"en-GB\",\"@id\":\"https:\/\/amu.pan.pl\/#\/schema\/logo\/image\/\",\"url\":\"https:\/\/amu.pan.pl\/wp-content\/uploads\/2020\/08\/zz_amu.png\",\"contentUrl\":\"https:\/\/amu.pan.pl\/wp-content\/uploads\/2020\/08\/zz_amu.png\",\"width\":2794,\"height\":1016,\"caption\":\"Akademia M\u0142odych Uczonych\"},\"image\":{\"@id\":\"https:\/\/amu.pan.pl\/#\/schema\/logo\/image\/\"},\"sameAs\":[\"https:\/\/www.facebook.com\/AkademiaMlodychUczonych\/\",\"https:\/\/x.com\/AMUPAN1\"]},{\"@type\":\"Person\",\"@id\":\"https:\/\/amu.pan.pl\/#\/schema\/person\/6228761cf33db76ffb28beafb9e62758\",\"name\":\"redaktor\",\"image\":{\"@type\":\"ImageObject\",\"inLanguage\":\"en-GB\",\"@id\":\"https:\/\/amu.pan.pl\/#\/schema\/person\/image\/\",\"url\":\"https:\/\/secure.gravatar.com\/avatar\/a0599af3d5c48d4131a3e882d6a2cedfdbc82b886c803755075873f68351b8b5?s=96&d=mm&r=g\",\"contentUrl\":\"https:\/\/secure.gravatar.com\/avatar\/a0599af3d5c48d4131a3e882d6a2cedfdbc82b886c803755075873f68351b8b5?s=96&d=mm&r=g\",\"caption\":\"redaktor\"},\"url\":\"https:\/\/amu.pan.pl\/en\/author\/redaktor\/\"}]}<\/script>\n<!-- \/ Yoast SEO plugin. -->","yoast_head_json":{"title":"AMU apeluje do Prezydenta RP ws. nadawania tytu\u0142u profesora - Akademia M\u0142odych Uczonych","robots":{"index":"index","follow":"follow","max-snippet":"max-snippet:-1","max-image-preview":"max-image-preview:large","max-video-preview":"max-video-preview:-1"},"canonical":"https:\/\/amu.pan.pl\/en\/amu-apeluje-do-prezydenta-rp-ws-nadawania-tytulu-profesora\/","og_locale":"en_GB","og_type":"article","og_title":"AMU apeluje do Prezydenta RP ws. nadawania tytu\u0142u profesora - Akademia M\u0142odych Uczonych","og_description":"Akademia M\u0142odych Uczonych apeluje do Prezydenta RP o nadanie tytu\u0142u profesora uczonym, w sprawie kt\u00f3rych z wnioskiem wyst\u0105pi\u0142a Rada Doskona\u0142o\u015bci Naukowej lub Centralna Komisja ds. Stopni i Tytu\u0142\u00f3w.","og_url":"https:\/\/amu.pan.pl\/en\/amu-apeluje-do-prezydenta-rp-ws-nadawania-tytulu-profesora\/","og_site_name":"Akademia M\u0142odych Uczonych","article_publisher":"https:\/\/www.facebook.com\/AkademiaMlodychUczonych\/","article_published_time":"2021-10-13T12:35:24+00:00","article_modified_time":"2021-10-13T12:42:59+00:00","og_image":[{"width":600,"height":342,"url":"https:\/\/amu.pan.pl\/wp-content\/uploads\/2020\/09\/AMU_logo.png","type":"image\/png"}],"author":"redaktor","twitter_card":"summary_large_image","twitter_creator":"@AMUPAN1","twitter_site":"@AMUPAN1","twitter_misc":{"Written by":"redaktor","Estimated reading time":"1 minute"},"schema":{"@context":"https:\/\/schema.org","@graph":[{"@type":"Article","@id":"https:\/\/amu.pan.pl\/en\/amu-apeluje-do-prezydenta-rp-ws-nadawania-tytulu-profesora\/#article","isPartOf":{"@id":"https:\/\/amu.pan.pl\/en\/amu-apeluje-do-prezydenta-rp-ws-nadawania-tytulu-profesora\/"},"author":{"name":"redaktor","@id":"https:\/\/amu.pan.pl\/#\/schema\/person\/6228761cf33db76ffb28beafb9e62758"},"headline":"AMU apeluje do Prezydenta RP ws. nadawania tytu\u0142u profesora","datePublished":"2021-10-13T12:35:24+00:00","dateModified":"2021-10-13T12:42:59+00:00","mainEntityOfPage":{"@id":"https:\/\/amu.pan.pl\/en\/amu-apeluje-do-prezydenta-rp-ws-nadawania-tytulu-profesora\/"},"wordCount":124,"publisher":{"@id":"https:\/\/amu.pan.pl\/#organization"},"image":{"@id":"https:\/\/amu.pan.pl\/en\/amu-apeluje-do-prezydenta-rp-ws-nadawania-tytulu-profesora\/#primaryimage"},"thumbnailUrl":"https:\/\/amu.pan.pl\/wp-content\/uploads\/2020\/09\/AMU_logo.png","keywords":["Ewaluacja nauki","Sprawy nauki"],"articleSection":["Aktualno\u015bci","Opinie AMU"],"inLanguage":"en-GB"},{"@type":"WebPage","@id":"https:\/\/amu.pan.pl\/en\/amu-apeluje-do-prezydenta-rp-ws-nadawania-tytulu-profesora\/","url":"https:\/\/amu.pan.pl\/en\/amu-apeluje-do-prezydenta-rp-ws-nadawania-tytulu-profesora\/","name":"AMU apeluje do Prezydenta RP ws. nadawania tytu\u0142u profesora - Akademia M\u0142odych Uczonych","isPartOf":{"@id":"https:\/\/amu.pan.pl\/#website"},"primaryImageOfPage":{"@id":"https:\/\/amu.pan.pl\/en\/amu-apeluje-do-prezydenta-rp-ws-nadawania-tytulu-profesora\/#primaryimage"},"image":{"@id":"https:\/\/amu.pan.pl\/en\/amu-apeluje-do-prezydenta-rp-ws-nadawania-tytulu-profesora\/#primaryimage"},"thumbnailUrl":"https:\/\/amu.pan.pl\/wp-content\/uploads\/2020\/09\/AMU_logo.png","datePublished":"2021-10-13T12:35:24+00:00","dateModified":"2021-10-13T12:42:59+00:00","breadcrumb":{"@id":"https:\/\/amu.pan.pl\/en\/amu-apeluje-do-prezydenta-rp-ws-nadawania-tytulu-profesora\/#breadcrumb"},"inLanguage":"en-GB","potentialAction":[{"@type":"ReadAction","target":["https:\/\/amu.pan.pl\/en\/amu-apeluje-do-prezydenta-rp-ws-nadawania-tytulu-profesora\/"]}]},{"@type":"ImageObject","inLanguage":"en-GB","@id":"https:\/\/amu.pan.pl\/en\/amu-apeluje-do-prezydenta-rp-ws-nadawania-tytulu-profesora\/#primaryimage","url":"https:\/\/amu.pan.pl\/wp-content\/uploads\/2020\/09\/AMU_logo.png","contentUrl":"https:\/\/amu.pan.pl\/wp-content\/uploads\/2020\/09\/AMU_logo.png","width":600,"height":342,"caption":"AMU logo"},{"@type":"BreadcrumbList","@id":"https:\/\/amu.pan.pl\/en\/amu-apeluje-do-prezydenta-rp-ws-nadawania-tytulu-profesora\/#breadcrumb","itemListElement":[{"@type":"ListItem","position":1,"name":"Strona g\u0142\u00f3wna","item":"https:\/\/amu.pan.pl\/"},{"@type":"ListItem","position":2,"name":"AMU apeluje do Prezydenta RP ws. nadawania tytu\u0142u profesora"}]},{"@type":"WebSite","@id":"https:\/\/amu.pan.pl\/#website","url":"https:\/\/amu.pan.pl\/","name":"Akademia M\u0142odych Uczonych","description":"Polska Akademia Nauk","publisher":{"@id":"https:\/\/amu.pan.pl\/#organization"},"potentialAction":[{"@type":"SearchAction","target":{"@type":"EntryPoint","urlTemplate":"https:\/\/amu.pan.pl\/?s={search_term_string}"},"query-input":{"@type":"PropertyValueSpecification","valueRequired":true,"valueName":"search_term_string"}}],"inLanguage":"en-GB"},{"@type":"Organization","@id":"https:\/\/amu.pan.pl\/#organization","name":"Akademia M\u0142odych Uczonych","url":"https:\/\/amu.pan.pl\/","logo":{"@type":"ImageObject","inLanguage":"en-GB","@id":"https:\/\/amu.pan.pl\/#\/schema\/logo\/image\/","url":"https:\/\/amu.pan.pl\/wp-content\/uploads\/2020\/08\/zz_amu.png","contentUrl":"https:\/\/amu.pan.pl\/wp-content\/uploads\/2020\/08\/zz_amu.png","width":2794,"height":1016,"caption":"Akademia M\u0142odych Uczonych"},"image":{"@id":"https:\/\/amu.pan.pl\/#\/schema\/logo\/image\/"},"sameAs":["https:\/\/www.facebook.com\/AkademiaMlodychUczonych\/","https:\/\/x.com\/AMUPAN1"]},{"@type":"Person","@id":"https:\/\/amu.pan.pl\/#\/schema\/person\/6228761cf33db76ffb28beafb9e62758","name":"redaktor","image":{"@type":"ImageObject","inLanguage":"en-GB","@id":"https:\/\/amu.pan.pl\/#\/schema\/person\/image\/","url":"https:\/\/secure.gravatar.com\/avatar\/a0599af3d5c48d4131a3e882d6a2cedfdbc82b886c803755075873f68351b8b5?s=96&d=mm&r=g","contentUrl":"https:\/\/secure.gravatar.com\/avatar\/a0599af3d5c48d4131a3e882d6a2cedfdbc82b886c803755075873f68351b8b5?s=96&d=mm&r=g","caption":"redaktor"},"url":"https:\/\/amu.pan.pl\/en\/author\/redaktor\/"}]}},"_links":{"self":[{"href":"https:\/\/amu.pan.pl\/en\/wp-json\/wp\/v2\/posts\/3965","targetHints":{"allow":["GET"]}}],"collection":[{"href":"https:\/\/amu.pan.pl\/en\/wp-json\/wp\/v2\/posts"}],"about":[{"href":"https:\/\/amu.pan.pl\/en\/wp-json\/wp\/v2\/types\/post"}],"author":[{"embeddable":true,"href":"https:\/\/amu.pan.pl\/en\/wp-json\/wp\/v2\/users\/2"}],"replies":[{"embeddable":true,"href":"https:\/\/amu.pan.pl\/en\/wp-json\/wp\/v2\/comments?post=3965"}],"version-history":[{"count":6,"href":"https:\/\/amu.pan.pl\/en\/wp-json\/wp\/v2\/posts\/3965\/revisions"}],"predecessor-version":[{"id":3975,"href":"https:\/\/amu.pan.pl\/en\/wp-json\/wp\/v2\/posts\/3965\/revisions\/3975"}],"wp:featuredmedia":[{"embeddable":true,"href":"https:\/\/amu.pan.pl\/en\/wp-json\/wp\/v2\/media\/359"}],"wp:attachment":[{"href":"https:\/\/amu.pan.pl\/en\/wp-json\/wp\/v2\/media?parent=3965"}],"wp:term":[{"taxonomy":"category","embeddable":true,"href":"https:\/\/amu.pan.pl\/en\/wp-json\/wp\/v2\/categories?post=3965"},{"taxonomy":"post_tag","embeddable":true,"href":"https:\/\/amu.pan.pl\/en\/wp-json\/wp\/v2\/tags?post=3965"}],"curies":[{"name":"wp","href":"https:\/\/api.w.org\/{rel}","templated":true}]}}