{"id":4640,"date":"2022-03-23T14:29:23","date_gmt":"2022-03-23T13:29:23","guid":{"rendered":"https:\/\/amu.pan.pl\/?p=4640"},"modified":"2022-03-24T23:02:41","modified_gmt":"2022-03-24T22:02:41","slug":"amu-negatywnie-ocenia-projekt-akademii-kopernikanskiej","status":"publish","type":"post","link":"https:\/\/amu.pan.pl\/en\/amu-negatywnie-ocenia-projekt-akademii-kopernikanskiej\/","title":{"rendered":"AMU negatywnie ocenia projekt Akademii Kopernika\u0144skiej"},"content":{"rendered":"<p>Akademia M\u0142odych Uczonych apeluje o zaniechanie dalszych prac nad projektem Ustawy o Akademii Kopernika\u0144skiej, przedstawionym przez Prezydenta Rzeczypospolitej Polskiej.<\/p>\n\n\n\n<!--more-->\n\n\n\n<p>W naszej opinii proponowane rozwi\u0105zania szkodz\u0105 polskiej nauce, os\u0142abiaj\u0105 sprawnie dzia\u0142aj\u0105ce instytucje i uderzaj\u0105 w \u015brodowisko badaczy i badaczek w trudnych dla naszej spo\u0142eczno\u015bci chwilach. Wbrew deklaracjom instytucja, kt\u00f3rej powo\u0142aniu sprzeciwia si\u0119 znakomita wi\u0119kszo\u015b\u0107 polskich uczonych, godzi w wizerunek swojego wybitnego patrona. Podtrzymujemy nasz\u0105 krytyczn\u0105 ocen\u0119 pomys\u0142u powo\u0142ania Akademii Kopernika\u0144skiej, wyra\u017con\u0105 w <a href=\"https:\/\/amu.pan.pl\/projekt-npk\/\" target=\"_blank\" rel=\"noreferrer noopener\">stanowisku z 21 kwietnia 2021 r.<\/a><\/p>\n\n\n\n<figure class=\"wp-block-pullquote\"><blockquote><p>&#8230; \u015brodki, kt\u00f3re w projekcie przeznacza si\u0119 na tworzenie organ\u00f3w o charakterze przede wszystkim ceremonialnym, mo\u017cna z du\u017co wi\u0119ksz\u0105 korzy\u015bci\u0105 spo\u017cytkowa\u0107 na d\u0142ugofalowe wsparcie badaczek i badaczy oraz studentek i student\u00f3w zmuszonych opu\u015bci\u0107 sw\u00f3j kraj na skutek wojny w Ukrainie.<\/p><\/blockquote><\/figure>\n\n\n\n<figure class=\"wp-block-pullquote\"><blockquote><p>Projekt, kt\u00f3ry w zamierzeniu s\u0142u\u017cy\u0107 mia\u0142 uczczeniu wielkiego uczonego, jest w istocie ciosem wymierzonym w polsk\u0105 wsp\u00f3lnot\u0119 naukow\u0105. Trudno bowiem oczekiwa\u0107, by \u015brodowisko zjednoczy\u0142o si\u0119 wok\u00f3\u0142 przedsi\u0119wzi\u0119cia, kt\u00f3re nie podlega\u0142o na \u017cadnym etapie konsultacjom z jego przedstawicielami.<\/p><\/blockquote><\/figure>\n\n\n\n<figure class=\"wp-block-pullquote\"><blockquote><p>Nie spos\u00f3b zrozumie\u0107, dlaczego ten kontrowersyjny i dziel\u0105cy projekt, kt\u00f3rego istnienia jeszcze niedawno zaprzeczano, kierowany jest pod obrady Sejmu w\u0142a\u015bnie teraz, gdy \u015bwiat nauki po\u0142\u0105czy\u0142 si\u0142y, aby wspom\u00f3c kole\u017canki i koleg\u00f3w z Ukrainy. Na przestrzeni przynajmniej ostatnich trzydziestu lat nigdy bardziej nie potrzebowali\u015bmy solidarno\u015bci i jedno\u015bci.<\/p><\/blockquote><\/figure>\n\n\n\n<div data-wp-interactive=\"core\/file\" class=\"wp-block-file\"><object data-wp-bind--hidden=\"!state.hasPdfPreview\" hidden class=\"wp-block-file__embed\" data=\"https:\/\/amu.pan.pl\/wp-content\/uploads\/2022\/03\/AMU_AkademiaKopernikanska2022-1.pdf\" type=\"application\/pdf\" style=\"width:100%;height:600px\" aria-label=\"Embed of Osadzone z Tekst opinii..\"><\/object><a href=\"https:\/\/amu.pan.pl\/wp-content\/uploads\/2022\/03\/AMU_AkademiaKopernikanska2022-1.pdf\">Tekst opinii<\/a><a href=\"https:\/\/amu.pan.pl\/wp-content\/uploads\/2022\/03\/AMU_AkademiaKopernikanska2022-1.pdf\" class=\"wp-block-file__button\" download>Pobierz<\/a><\/div>","protected":false},"excerpt":{"rendered":"<p>Akademia M\u0142odych Uczonych apeluje o zaniechanie dalszych prac nad projektem Ustawy o Akademii Kopernika\u0144skiej, przedstawionym przez Prezydenta Rzeczypospolitej Polskiej.<\/p>","protected":false},"author":2,"featured_media":359,"comment_status":"closed","ping_status":"closed","sticky":false,"template":"","format":"standard","meta":{"_monsterinsights_skip_tracking":false,"_monsterinsights_sitenote_active":false,"_monsterinsights_sitenote_note":"","_monsterinsights_sitenote_category":0,"neve_meta_sidebar":"","neve_meta_container":"","neve_meta_enable_content_width":"","neve_meta_content_width":0,"neve_meta_title_alignment":"","neve_meta_author_avatar":"","neve_post_elements_order":"","neve_meta_disable_header":"","neve_meta_disable_footer":"","neve_meta_disable_title":"","footnotes":""},"categories":[4,8],"tags":[40,31],"class_list":["post-4640","post","type-post","status-publish","format-standard","has-post-thumbnail","hentry","category-aktualnosci","category-opinie-amu","tag-akademia-kopernikanska","tag-sprawy-nauki"],"yoast_head":"<!-- This site is optimized with the Yoast SEO plugin v25.0 - https:\/\/yoast.com\/wordpress\/plugins\/seo\/ -->\n<title>AMU negatywnie ocenia projekt Akademii Kopernika\u0144skiej - Akademia M\u0142odych Uczonych<\/title>\n<meta name=\"robots\" content=\"index, follow, max-snippet:-1, max-image-preview:large, max-video-preview:-1\" \/>\n<link rel=\"canonical\" href=\"https:\/\/amu.pan.pl\/en\/amu-negatywnie-ocenia-projekt-akademii-kopernikanskiej\/\" \/>\n<meta property=\"og:locale\" content=\"en_GB\" \/>\n<meta property=\"og:type\" content=\"article\" \/>\n<meta property=\"og:title\" content=\"AMU negatywnie ocenia projekt Akademii Kopernika\u0144skiej - Akademia M\u0142odych Uczonych\" \/>\n<meta property=\"og:description\" content=\"Akademia M\u0142odych Uczonych apeluje o zaniechanie dalszych prac nad projektem Ustawy o Akademii Kopernika\u0144skiej, przedstawionym przez Prezydenta Rzeczypospolitej Polskiej.\" \/>\n<meta property=\"og:url\" content=\"https:\/\/amu.pan.pl\/en\/amu-negatywnie-ocenia-projekt-akademii-kopernikanskiej\/\" \/>\n<meta property=\"og:site_name\" content=\"Akademia M\u0142odych Uczonych\" \/>\n<meta property=\"article:publisher\" content=\"https:\/\/www.facebook.com\/AkademiaMlodychUczonych\/\" \/>\n<meta property=\"article:published_time\" content=\"2022-03-23T13:29:23+00:00\" \/>\n<meta property=\"article:modified_time\" content=\"2022-03-24T22:02:41+00:00\" \/>\n<meta property=\"og:image\" content=\"https:\/\/amu.pan.pl\/wp-content\/uploads\/2020\/09\/AMU_logo.png\" \/>\n\t<meta property=\"og:image:width\" content=\"600\" \/>\n\t<meta property=\"og:image:height\" content=\"342\" \/>\n\t<meta property=\"og:image:type\" content=\"image\/png\" \/>\n<meta name=\"author\" content=\"redaktor\" \/>\n<meta name=\"twitter:card\" content=\"summary_large_image\" \/>\n<meta name=\"twitter:creator\" content=\"@AMUPAN1\" \/>\n<meta name=\"twitter:site\" content=\"@AMUPAN1\" \/>\n<meta name=\"twitter:label1\" content=\"Written by\" \/>\n\t<meta name=\"twitter:data1\" content=\"redaktor\" \/>\n\t<meta name=\"twitter:label2\" content=\"Estimated reading time\" \/>\n\t<meta name=\"twitter:data2\" content=\"1 minute\" \/>\n<script type=\"application\/ld+json\" class=\"yoast-schema-graph\">{\"@context\":\"https:\/\/schema.org\",\"@graph\":[{\"@type\":\"Article\",\"@id\":\"https:\/\/amu.pan.pl\/en\/amu-negatywnie-ocenia-projekt-akademii-kopernikanskiej\/#article\",\"isPartOf\":{\"@id\":\"https:\/\/amu.pan.pl\/en\/amu-negatywnie-ocenia-projekt-akademii-kopernikanskiej\/\"},\"author\":{\"name\":\"redaktor\",\"@id\":\"https:\/\/amu.pan.pl\/#\/schema\/person\/6228761cf33db76ffb28beafb9e62758\"},\"headline\":\"AMU negatywnie ocenia projekt Akademii Kopernika\u0144skiej\",\"datePublished\":\"2022-03-23T13:29:23+00:00\",\"dateModified\":\"2022-03-24T22:02:41+00:00\",\"mainEntityOfPage\":{\"@id\":\"https:\/\/amu.pan.pl\/en\/amu-negatywnie-ocenia-projekt-akademii-kopernikanskiej\/\"},\"wordCount\":255,\"publisher\":{\"@id\":\"https:\/\/amu.pan.pl\/#organization\"},\"image\":{\"@id\":\"https:\/\/amu.pan.pl\/en\/amu-negatywnie-ocenia-projekt-akademii-kopernikanskiej\/#primaryimage\"},\"thumbnailUrl\":\"https:\/\/amu.pan.pl\/wp-content\/uploads\/2020\/09\/AMU_logo.png\",\"keywords\":[\"Akademia Kopernika\u0144ska\",\"Sprawy nauki\"],\"articleSection\":[\"Aktualno\u015bci\",\"Opinie AMU\"],\"inLanguage\":\"en-GB\"},{\"@type\":\"WebPage\",\"@id\":\"https:\/\/amu.pan.pl\/en\/amu-negatywnie-ocenia-projekt-akademii-kopernikanskiej\/\",\"url\":\"https:\/\/amu.pan.pl\/en\/amu-negatywnie-ocenia-projekt-akademii-kopernikanskiej\/\",\"name\":\"AMU negatywnie ocenia projekt Akademii Kopernika\u0144skiej - Akademia M\u0142odych Uczonych\",\"isPartOf\":{\"@id\":\"https:\/\/amu.pan.pl\/#website\"},\"primaryImageOfPage\":{\"@id\":\"https:\/\/amu.pan.pl\/en\/amu-negatywnie-ocenia-projekt-akademii-kopernikanskiej\/#primaryimage\"},\"image\":{\"@id\":\"https:\/\/amu.pan.pl\/en\/amu-negatywnie-ocenia-projekt-akademii-kopernikanskiej\/#primaryimage\"},\"thumbnailUrl\":\"https:\/\/amu.pan.pl\/wp-content\/uploads\/2020\/09\/AMU_logo.png\",\"datePublished\":\"2022-03-23T13:29:23+00:00\",\"dateModified\":\"2022-03-24T22:02:41+00:00\",\"breadcrumb\":{\"@id\":\"https:\/\/amu.pan.pl\/en\/amu-negatywnie-ocenia-projekt-akademii-kopernikanskiej\/#breadcrumb\"},\"inLanguage\":\"en-GB\",\"potentialAction\":[{\"@type\":\"ReadAction\",\"target\":[\"https:\/\/amu.pan.pl\/en\/amu-negatywnie-ocenia-projekt-akademii-kopernikanskiej\/\"]}]},{\"@type\":\"ImageObject\",\"inLanguage\":\"en-GB\",\"@id\":\"https:\/\/amu.pan.pl\/en\/amu-negatywnie-ocenia-projekt-akademii-kopernikanskiej\/#primaryimage\",\"url\":\"https:\/\/amu.pan.pl\/wp-content\/uploads\/2020\/09\/AMU_logo.png\",\"contentUrl\":\"https:\/\/amu.pan.pl\/wp-content\/uploads\/2020\/09\/AMU_logo.png\",\"width\":600,\"height\":342,\"caption\":\"AMU logo\"},{\"@type\":\"BreadcrumbList\",\"@id\":\"https:\/\/amu.pan.pl\/en\/amu-negatywnie-ocenia-projekt-akademii-kopernikanskiej\/#breadcrumb\",\"itemListElement\":[{\"@type\":\"ListItem\",\"position\":1,\"name\":\"Strona g\u0142\u00f3wna\",\"item\":\"https:\/\/amu.pan.pl\/\"},{\"@type\":\"ListItem\",\"position\":2,\"name\":\"AMU negatywnie ocenia projekt Akademii Kopernika\u0144skiej\"}]},{\"@type\":\"WebSite\",\"@id\":\"https:\/\/amu.pan.pl\/#website\",\"url\":\"https:\/\/amu.pan.pl\/\",\"name\":\"Akademia M\u0142odych Uczonych\",\"description\":\"Polska Akademia Nauk\",\"publisher\":{\"@id\":\"https:\/\/amu.pan.pl\/#organization\"},\"potentialAction\":[{\"@type\":\"SearchAction\",\"target\":{\"@type\":\"EntryPoint\",\"urlTemplate\":\"https:\/\/amu.pan.pl\/?s={search_term_string}\"},\"query-input\":{\"@type\":\"PropertyValueSpecification\",\"valueRequired\":true,\"valueName\":\"search_term_string\"}}],\"inLanguage\":\"en-GB\"},{\"@type\":\"Organization\",\"@id\":\"https:\/\/amu.pan.pl\/#organization\",\"name\":\"Akademia M\u0142odych Uczonych\",\"url\":\"https:\/\/amu.pan.pl\/\",\"logo\":{\"@type\":\"ImageObject\",\"inLanguage\":\"en-GB\",\"@id\":\"https:\/\/amu.pan.pl\/#\/schema\/logo\/image\/\",\"url\":\"https:\/\/amu.pan.pl\/wp-content\/uploads\/2020\/08\/zz_amu.png\",\"contentUrl\":\"https:\/\/amu.pan.pl\/wp-content\/uploads\/2020\/08\/zz_amu.png\",\"width\":2794,\"height\":1016,\"caption\":\"Akademia M\u0142odych Uczonych\"},\"image\":{\"@id\":\"https:\/\/amu.pan.pl\/#\/schema\/logo\/image\/\"},\"sameAs\":[\"https:\/\/www.facebook.com\/AkademiaMlodychUczonych\/\",\"https:\/\/x.com\/AMUPAN1\"]},{\"@type\":\"Person\",\"@id\":\"https:\/\/amu.pan.pl\/#\/schema\/person\/6228761cf33db76ffb28beafb9e62758\",\"name\":\"redaktor\",\"image\":{\"@type\":\"ImageObject\",\"inLanguage\":\"en-GB\",\"@id\":\"https:\/\/amu.pan.pl\/#\/schema\/person\/image\/\",\"url\":\"https:\/\/secure.gravatar.com\/avatar\/a0599af3d5c48d4131a3e882d6a2cedfdbc82b886c803755075873f68351b8b5?s=96&d=mm&r=g\",\"contentUrl\":\"https:\/\/secure.gravatar.com\/avatar\/a0599af3d5c48d4131a3e882d6a2cedfdbc82b886c803755075873f68351b8b5?s=96&d=mm&r=g\",\"caption\":\"redaktor\"},\"url\":\"https:\/\/amu.pan.pl\/en\/author\/redaktor\/\"}]}<\/script>\n<!-- \/ Yoast SEO plugin. -->","yoast_head_json":{"title":"AMU negatywnie ocenia projekt Akademii Kopernika\u0144skiej - Akademia M\u0142odych Uczonych","robots":{"index":"index","follow":"follow","max-snippet":"max-snippet:-1","max-image-preview":"max-image-preview:large","max-video-preview":"max-video-preview:-1"},"canonical":"https:\/\/amu.pan.pl\/en\/amu-negatywnie-ocenia-projekt-akademii-kopernikanskiej\/","og_locale":"en_GB","og_type":"article","og_title":"AMU negatywnie ocenia projekt Akademii Kopernika\u0144skiej - Akademia M\u0142odych Uczonych","og_description":"Akademia M\u0142odych Uczonych apeluje o zaniechanie dalszych prac nad projektem Ustawy o Akademii Kopernika\u0144skiej, przedstawionym przez Prezydenta Rzeczypospolitej Polskiej.","og_url":"https:\/\/amu.pan.pl\/en\/amu-negatywnie-ocenia-projekt-akademii-kopernikanskiej\/","og_site_name":"Akademia M\u0142odych Uczonych","article_publisher":"https:\/\/www.facebook.com\/AkademiaMlodychUczonych\/","article_published_time":"2022-03-23T13:29:23+00:00","article_modified_time":"2022-03-24T22:02:41+00:00","og_image":[{"width":600,"height":342,"url":"https:\/\/amu.pan.pl\/wp-content\/uploads\/2020\/09\/AMU_logo.png","type":"image\/png"}],"author":"redaktor","twitter_card":"summary_large_image","twitter_creator":"@AMUPAN1","twitter_site":"@AMUPAN1","twitter_misc":{"Written by":"redaktor","Estimated reading time":"1 minute"},"schema":{"@context":"https:\/\/schema.org","@graph":[{"@type":"Article","@id":"https:\/\/amu.pan.pl\/en\/amu-negatywnie-ocenia-projekt-akademii-kopernikanskiej\/#article","isPartOf":{"@id":"https:\/\/amu.pan.pl\/en\/amu-negatywnie-ocenia-projekt-akademii-kopernikanskiej\/"},"author":{"name":"redaktor","@id":"https:\/\/amu.pan.pl\/#\/schema\/person\/6228761cf33db76ffb28beafb9e62758"},"headline":"AMU negatywnie ocenia projekt Akademii Kopernika\u0144skiej","datePublished":"2022-03-23T13:29:23+00:00","dateModified":"2022-03-24T22:02:41+00:00","mainEntityOfPage":{"@id":"https:\/\/amu.pan.pl\/en\/amu-negatywnie-ocenia-projekt-akademii-kopernikanskiej\/"},"wordCount":255,"publisher":{"@id":"https:\/\/amu.pan.pl\/#organization"},"image":{"@id":"https:\/\/amu.pan.pl\/en\/amu-negatywnie-ocenia-projekt-akademii-kopernikanskiej\/#primaryimage"},"thumbnailUrl":"https:\/\/amu.pan.pl\/wp-content\/uploads\/2020\/09\/AMU_logo.png","keywords":["Akademia Kopernika\u0144ska","Sprawy nauki"],"articleSection":["Aktualno\u015bci","Opinie AMU"],"inLanguage":"en-GB"},{"@type":"WebPage","@id":"https:\/\/amu.pan.pl\/en\/amu-negatywnie-ocenia-projekt-akademii-kopernikanskiej\/","url":"https:\/\/amu.pan.pl\/en\/amu-negatywnie-ocenia-projekt-akademii-kopernikanskiej\/","name":"AMU negatywnie ocenia projekt Akademii Kopernika\u0144skiej - Akademia M\u0142odych Uczonych","isPartOf":{"@id":"https:\/\/amu.pan.pl\/#website"},"primaryImageOfPage":{"@id":"https:\/\/amu.pan.pl\/en\/amu-negatywnie-ocenia-projekt-akademii-kopernikanskiej\/#primaryimage"},"image":{"@id":"https:\/\/amu.pan.pl\/en\/amu-negatywnie-ocenia-projekt-akademii-kopernikanskiej\/#primaryimage"},"thumbnailUrl":"https:\/\/amu.pan.pl\/wp-content\/uploads\/2020\/09\/AMU_logo.png","datePublished":"2022-03-23T13:29:23+00:00","dateModified":"2022-03-24T22:02:41+00:00","breadcrumb":{"@id":"https:\/\/amu.pan.pl\/en\/amu-negatywnie-ocenia-projekt-akademii-kopernikanskiej\/#breadcrumb"},"inLanguage":"en-GB","potentialAction":[{"@type":"ReadAction","target":["https:\/\/amu.pan.pl\/en\/amu-negatywnie-ocenia-projekt-akademii-kopernikanskiej\/"]}]},{"@type":"ImageObject","inLanguage":"en-GB","@id":"https:\/\/amu.pan.pl\/en\/amu-negatywnie-ocenia-projekt-akademii-kopernikanskiej\/#primaryimage","url":"https:\/\/amu.pan.pl\/wp-content\/uploads\/2020\/09\/AMU_logo.png","contentUrl":"https:\/\/amu.pan.pl\/wp-content\/uploads\/2020\/09\/AMU_logo.png","width":600,"height":342,"caption":"AMU logo"},{"@type":"BreadcrumbList","@id":"https:\/\/amu.pan.pl\/en\/amu-negatywnie-ocenia-projekt-akademii-kopernikanskiej\/#breadcrumb","itemListElement":[{"@type":"ListItem","position":1,"name":"Strona g\u0142\u00f3wna","item":"https:\/\/amu.pan.pl\/"},{"@type":"ListItem","position":2,"name":"AMU negatywnie ocenia projekt Akademii Kopernika\u0144skiej"}]},{"@type":"WebSite","@id":"https:\/\/amu.pan.pl\/#website","url":"https:\/\/amu.pan.pl\/","name":"Akademia M\u0142odych Uczonych","description":"Polska Akademia Nauk","publisher":{"@id":"https:\/\/amu.pan.pl\/#organization"},"potentialAction":[{"@type":"SearchAction","target":{"@type":"EntryPoint","urlTemplate":"https:\/\/amu.pan.pl\/?s={search_term_string}"},"query-input":{"@type":"PropertyValueSpecification","valueRequired":true,"valueName":"search_term_string"}}],"inLanguage":"en-GB"},{"@type":"Organization","@id":"https:\/\/amu.pan.pl\/#organization","name":"Akademia M\u0142odych Uczonych","url":"https:\/\/amu.pan.pl\/","logo":{"@type":"ImageObject","inLanguage":"en-GB","@id":"https:\/\/amu.pan.pl\/#\/schema\/logo\/image\/","url":"https:\/\/amu.pan.pl\/wp-content\/uploads\/2020\/08\/zz_amu.png","contentUrl":"https:\/\/amu.pan.pl\/wp-content\/uploads\/2020\/08\/zz_amu.png","width":2794,"height":1016,"caption":"Akademia M\u0142odych Uczonych"},"image":{"@id":"https:\/\/amu.pan.pl\/#\/schema\/logo\/image\/"},"sameAs":["https:\/\/www.facebook.com\/AkademiaMlodychUczonych\/","https:\/\/x.com\/AMUPAN1"]},{"@type":"Person","@id":"https:\/\/amu.pan.pl\/#\/schema\/person\/6228761cf33db76ffb28beafb9e62758","name":"redaktor","image":{"@type":"ImageObject","inLanguage":"en-GB","@id":"https:\/\/amu.pan.pl\/#\/schema\/person\/image\/","url":"https:\/\/secure.gravatar.com\/avatar\/a0599af3d5c48d4131a3e882d6a2cedfdbc82b886c803755075873f68351b8b5?s=96&d=mm&r=g","contentUrl":"https:\/\/secure.gravatar.com\/avatar\/a0599af3d5c48d4131a3e882d6a2cedfdbc82b886c803755075873f68351b8b5?s=96&d=mm&r=g","caption":"redaktor"},"url":"https:\/\/amu.pan.pl\/en\/author\/redaktor\/"}]}},"_links":{"self":[{"href":"https:\/\/amu.pan.pl\/en\/wp-json\/wp\/v2\/posts\/4640","targetHints":{"allow":["GET"]}}],"collection":[{"href":"https:\/\/amu.pan.pl\/en\/wp-json\/wp\/v2\/posts"}],"about":[{"href":"https:\/\/amu.pan.pl\/en\/wp-json\/wp\/v2\/types\/post"}],"author":[{"embeddable":true,"href":"https:\/\/amu.pan.pl\/en\/wp-json\/wp\/v2\/users\/2"}],"replies":[{"embeddable":true,"href":"https:\/\/amu.pan.pl\/en\/wp-json\/wp\/v2\/comments?post=4640"}],"version-history":[{"count":8,"href":"https:\/\/amu.pan.pl\/en\/wp-json\/wp\/v2\/posts\/4640\/revisions"}],"predecessor-version":[{"id":4668,"href":"https:\/\/amu.pan.pl\/en\/wp-json\/wp\/v2\/posts\/4640\/revisions\/4668"}],"wp:featuredmedia":[{"embeddable":true,"href":"https:\/\/amu.pan.pl\/en\/wp-json\/wp\/v2\/media\/359"}],"wp:attachment":[{"href":"https:\/\/amu.pan.pl\/en\/wp-json\/wp\/v2\/media?parent=4640"}],"wp:term":[{"taxonomy":"category","embeddable":true,"href":"https:\/\/amu.pan.pl\/en\/wp-json\/wp\/v2\/categories?post=4640"},{"taxonomy":"post_tag","embeddable":true,"href":"https:\/\/amu.pan.pl\/en\/wp-json\/wp\/v2\/tags?post=4640"}],"curies":[{"name":"wp","href":"https:\/\/api.w.org\/{rel}","templated":true}]}}