{"id":4673,"date":"2022-04-04T14:05:40","date_gmt":"2022-04-04T12:05:40","guid":{"rendered":"https:\/\/amu.pan.pl\/?p=4673"},"modified":"2022-04-06T12:59:20","modified_gmt":"2022-04-06T10:59:20","slug":"amu-apeluje-do-prezydenta-rp","status":"publish","type":"post","link":"https:\/\/amu.pan.pl\/en\/amu-apeluje-do-prezydenta-rp\/","title":{"rendered":"AMU apeluje do Prezydenta RP"},"content":{"rendered":"<p>Akademia M\u0142odych Uczonych zaapelowa\u0142a do Prezydenta Rzeczypospolitej Polskiej o wycofanie z parlamentu projektu Ustawy o Akademii Kopernika\u0144skiej i stworzenie w jej miejsce funduszu stypendialnego dla uczonych chroni\u0105cych si\u0119 w Polsce przed wojn\u0105 w Ukrainie.<\/p>\n\n\n\n<!--more-->\n\n\n\n<p>Zdaniem AMU powo\u0142ywanie do \u017cycia Akademii Kopernika\u0144skiej nie znajduje obecnie \u017cadnego uzasadnienia, a \u015brodki przeznaczone na stworzenie Akademii mo\u017cna z du\u017co wi\u0119ksz\u0105 korzy\u015bci\u0105 spo\u017cytkowa\u0107 na d\u0142ugofalowe wsparcie pracownik\u00f3w naukowych. Akademia M\u0142odych Uczonych zwraca si\u0119 do Prezydenta RP z apelem o utworzenie funduszu stypendialnego, w ramach kt\u00f3rego przyznawano by stypendia na pobyt ukrai\u0144skich uczonych i student\u00f3w studi\u00f3w doktoranckich w jednostkach badawczych i szko\u0142ach wy\u017cszych w Polsce. Nad sprawnym rozdzia\u0142em \u015brodk\u00f3w czuwa\u0142aby komisja pod patronatem Prezydenta RP, w sk\u0142ad kt\u00f3rej weszliby przedstawiciele w\u0142adz pa\u0144stwowych, \u015bwiata nauki oraz organizacji pozarz\u0105dowych.<\/p>\n\n\n\n<p>W przekonaniu AMU PAN stworzenie funduszu b\u0119dzie godn\u0105 form\u0105 uczczenia 550-lecia urodzin i upami\u0119tnienia 480-lecia \u015bmierci Miko\u0142aja Kopernika, a tak\u017ce przys\u0142u\u017cy si\u0119 budowaniu solidarno\u015bci \u015brodowiska akademickiego w Polsce.<\/p>\n\n\n\n<p>Poparcie dla apelu AMU mo\u017cna wyrazi\u0107 pod adresem: <a href=\"https:\/\/amu.pan.pl\/poparcie-dla-apelu-amu-do-prezydenta-rp-ws-akademii-kopernikanskiej\/\" target=\"_blank\" rel=\"noreferrer noopener\">https:\/\/amu.pan.pl\/poparcie-dla-apelu-amu-do-prezydenta-rp-ws-akademii-kopernikanskiej\/<\/a> i za pomoc\u0105 formularza na stronie: <a href=\"https:\/\/forms.gle\/ZuXUc3tFVr87dXT28\">https:\/\/forms.gle\/ZuXUc3tFVr87dXT28<\/a><\/p>\n\n\n\n<div class=\"wp-block-buttons is-layout-flex wp-block-buttons-is-layout-flex\">\n<div class=\"wp-block-button is-style-primary\"><a class=\"wp-block-button__link\" href=\"#dla-mediow\">Materia\u0142y Dla medi\u00f3w \u2193<\/a><\/div>\n<\/div>\n\n\n\n<div style=\"height:100px\" aria-hidden=\"true\" class=\"wp-block-spacer\"><\/div>\n\n\n\n<h2 class=\"wp-block-heading\">Z opinii<\/h2>\n\n\n\n<figure class=\"wp-block-pullquote\"><blockquote><p>&#8230; \u015brodki zaplanowane na stworzenie tej instytucji, mo\u017cna z du\u017co wi\u0119kszym po\u017cytkiem przeznaczy\u0107 na d\u0142ugofalowe wsparcie badaczek i badaczy oraz studentek i student\u00f3w zmuszonych opu\u015bci\u0107 sw\u00f3j kraj na skutek agresji Federacji Rosyjskiej na Ukrain\u0119 &#8230;<\/p><cite>APEL AMU PAN ws. Akademii Kopernika\u0144skiej<\/cite><\/blockquote><\/figure>\n\n\n\n<figure class=\"wp-block-pullquote\"><blockquote><p>sfinansowanie 1 500 trzymiesi\u0119cznych stypendi\u00f3w w wysoko\u015bci 5 000 z\u0142 \/ miesi\u0105c (&#8230;) przyczyni si\u0119 do popularyzacji spu\u015bcizny wielkiego Astronoma i utrwali s\u0142aw\u0119 polskiej nauki bardziej ni\u017c (&#8230;) indywidualne nagrody w wysoko\u015bci 500 000 z\u0142otych<\/p><cite>APEL AMU PAN ws. Akademii Kopernika\u0144skiej<\/cite><\/blockquote><\/figure>\n\n\n\n<figure class=\"wp-block-pullquote\"><blockquote><p>Zwracamy si\u0119 do Pana Prezydenta z pro\u015bb\u0105 o powo\u0142anie w miejsce Akademii Kopernika\u0144skiej interdyscyplinarnej i mi\u0119dzysektorowej komisji, kt\u00f3ra przyznawa\u0107 b\u0119dzie uczonym i studentom uciekaj\u0105cym przed wojn\u0105 stypendia na pobyt w polskich jednostkach naukowych i szko\u0142ach wy\u017cszych.<\/p><cite>APEL AMU PAN ws. Akademii Kopernika\u0144skiej<\/cite><\/blockquote><\/figure>\n\n\n\n<div style=\"height:100px\" aria-hidden=\"true\" class=\"wp-block-spacer\"><\/div>\n\n\n\n<h2 class=\"wp-block-heading\">Tekst apelu<\/h2>\n\n\n\n<div data-wp-interactive=\"core\/file\" class=\"wp-block-file\"><object data-wp-bind--hidden=\"!state.hasPdfPreview\" hidden class=\"wp-block-file__embed\" data=\"https:\/\/amu.pan.pl\/wp-content\/uploads\/2022\/04\/Apel_AMU.pdf\" type=\"application\/pdf\" style=\"width:100%;height:600px\" aria-label=\"Embed of Osadzone z Apel Akademii M\u0142odych Uczonych do Prezydenta Rzeczypospolitej&lt;br&gt;Polskiej ..\"><\/object><a href=\"https:\/\/amu.pan.pl\/wp-content\/uploads\/2022\/04\/Apel_AMU.pdf\">Apel Akademii M\u0142odych Uczonych do Prezydenta Rzeczypospolitej<br>Polskiej <\/a><a href=\"https:\/\/amu.pan.pl\/wp-content\/uploads\/2022\/04\/Apel_AMU.pdf\" class=\"wp-block-file__button\" download>Pobierz<\/a><\/div>\n\n\n\n<div style=\"height:100px\" aria-hidden=\"true\" class=\"wp-block-spacer\"><\/div>\n\n\n\n<h2 class=\"wp-block-heading\" id=\"dla-mediow\">Materia\u0142y dla medi\u00f3w<\/h2>\n\n\n\n<p>Apel: pobierz <a href=\"https:\/\/amu.pan.pl\/wp-content\/uploads\/2022\/04\/Apel_AMU.pdf\" target=\"_blank\" rel=\"noreferrer noopener\">PDF file<\/a><\/p>\n\n\n\n<p>Apel: pliki PNG (Twitter, Facebook)<\/p>\n\n\n\n<figure class=\"wp-block-gallery columns-2 is-cropped wp-block-gallery-1 is-layout-flex wp-block-gallery-is-layout-flex\"><ul class=\"blocks-gallery-grid\"><li class=\"blocks-gallery-item\"><figure><a href=\"https:\/\/amu.pan.pl\/amu-apeluje-do-prezydenta-rp\/apel-1\/\"><img fetchpriority=\"high\" decoding=\"async\" width=\"725\" height=\"1024\" src=\"https:\/\/amu.pan.pl\/wp-content\/uploads\/2022\/04\/Apel-1-725x1024.png\" alt=\"\" data-id=\"4688\" data-full-url=\"https:\/\/amu.pan.pl\/wp-content\/uploads\/2022\/04\/Apel-1.png\" data-link=\"https:\/\/amu.pan.pl\/amu-apeluje-do-prezydenta-rp\/apel-1\/\" class=\"wp-image-4688\" srcset=\"https:\/\/amu.pan.pl\/wp-content\/uploads\/2022\/04\/Apel-1-725x1024.png 725w, https:\/\/amu.pan.pl\/wp-content\/uploads\/2022\/04\/Apel-1-212x300.png 212w, https:\/\/amu.pan.pl\/wp-content\/uploads\/2022\/04\/Apel-1-768x1085.png 768w, https:\/\/amu.pan.pl\/wp-content\/uploads\/2022\/04\/Apel-1-1087x1536.png 1087w, https:\/\/amu.pan.pl\/wp-content\/uploads\/2022\/04\/Apel-1-8x12.png 8w, https:\/\/amu.pan.pl\/wp-content\/uploads\/2022\/04\/Apel-1.png 1241w\" sizes=\"(max-width: 725px) 100vw, 725px\" \/><\/a><\/figure><\/li><li class=\"blocks-gallery-item\"><figure><a href=\"https:\/\/amu.pan.pl\/amu-apeluje-do-prezydenta-rp\/apel-2\/\"><img decoding=\"async\" width=\"725\" height=\"1024\" src=\"https:\/\/amu.pan.pl\/wp-content\/uploads\/2022\/04\/Apel-2-725x1024.png\" alt=\"\" data-id=\"4689\" data-full-url=\"https:\/\/amu.pan.pl\/wp-content\/uploads\/2022\/04\/Apel-2.png\" data-link=\"https:\/\/amu.pan.pl\/amu-apeluje-do-prezydenta-rp\/apel-2\/\" class=\"wp-image-4689\" srcset=\"https:\/\/amu.pan.pl\/wp-content\/uploads\/2022\/04\/Apel-2-725x1024.png 725w, https:\/\/amu.pan.pl\/wp-content\/uploads\/2022\/04\/Apel-2-212x300.png 212w, https:\/\/amu.pan.pl\/wp-content\/uploads\/2022\/04\/Apel-2-768x1085.png 768w, https:\/\/amu.pan.pl\/wp-content\/uploads\/2022\/04\/Apel-2-1087x1536.png 1087w, https:\/\/amu.pan.pl\/wp-content\/uploads\/2022\/04\/Apel-2-8x12.png 8w, https:\/\/amu.pan.pl\/wp-content\/uploads\/2022\/04\/Apel-2.png 1241w\" sizes=\"(max-width: 725px) 100vw, 725px\" \/><\/a><\/figure><\/li><\/ul><\/figure>\n\n\n\n<p>Cytaty z opinii: pliki PNG (Twitter, Facebook)<\/p>\n\n\n\n<figure class=\"wp-block-gallery columns-3 is-cropped wp-block-gallery-2 is-layout-flex wp-block-gallery-is-layout-flex\"><ul class=\"blocks-gallery-grid\"><li class=\"blocks-gallery-item\"><figure><a href=\"https:\/\/amu.pan.pl\/wp-content\/uploads\/2022\/04\/Screenshot-2022-04-06-at-11-52-32-Edytuj-wpis-\u2039-Akademia-Mlodych-Uczonych-\u2014-WordPress-1.png\"><img decoding=\"async\" width=\"982\" height=\"490\" src=\"https:\/\/amu.pan.pl\/wp-content\/uploads\/2022\/04\/Screenshot-2022-04-06-at-11-52-32-Edytuj-wpis-\u2039-Akademia-Mlodych-Uczonych-\u2014-WordPress-1.png\" alt=\"\" data-id=\"4690\" data-full-url=\"https:\/\/amu.pan.pl\/wp-content\/uploads\/2022\/04\/Screenshot-2022-04-06-at-11-52-32-Edytuj-wpis-\u2039-Akademia-Mlodych-Uczonych-\u2014-WordPress-1.png\" data-link=\"https:\/\/amu.pan.pl\/amu-apeluje-do-prezydenta-rp\/screenshot-2022-04-06-at-11-52-32-edytuj-wpis-akademia-mlodych-uczonych-wordpress-1\/\" class=\"wp-image-4690\" srcset=\"https:\/\/amu.pan.pl\/wp-content\/uploads\/2022\/04\/Screenshot-2022-04-06-at-11-52-32-Edytuj-wpis-\u2039-Akademia-Mlodych-Uczonych-\u2014-WordPress-1.png 982w, https:\/\/amu.pan.pl\/wp-content\/uploads\/2022\/04\/Screenshot-2022-04-06-at-11-52-32-Edytuj-wpis-\u2039-Akademia-Mlodych-Uczonych-\u2014-WordPress-1-300x150.png 300w, https:\/\/amu.pan.pl\/wp-content\/uploads\/2022\/04\/Screenshot-2022-04-06-at-11-52-32-Edytuj-wpis-\u2039-Akademia-Mlodych-Uczonych-\u2014-WordPress-1-768x383.png 768w, https:\/\/amu.pan.pl\/wp-content\/uploads\/2022\/04\/Screenshot-2022-04-06-at-11-52-32-Edytuj-wpis-\u2039-Akademia-Mlodych-Uczonych-\u2014-WordPress-1-18x9.png 18w\" sizes=\"(max-width: 982px) 100vw, 982px\" \/><\/a><\/figure><\/li><li class=\"blocks-gallery-item\"><figure><a href=\"https:\/\/amu.pan.pl\/wp-content\/uploads\/2022\/04\/Screenshot-2022-04-06-at-11-52-47-Edytuj-wpis-\u2039-Akademia-Mlodych-Uczonych-\u2014-WordPress-1.png\"><img loading=\"lazy\" decoding=\"async\" width=\"982\" height=\"490\" src=\"https:\/\/amu.pan.pl\/wp-content\/uploads\/2022\/04\/Screenshot-2022-04-06-at-11-52-47-Edytuj-wpis-\u2039-Akademia-Mlodych-Uczonych-\u2014-WordPress-1.png\" alt=\"\" data-id=\"4691\" data-full-url=\"https:\/\/amu.pan.pl\/wp-content\/uploads\/2022\/04\/Screenshot-2022-04-06-at-11-52-47-Edytuj-wpis-\u2039-Akademia-Mlodych-Uczonych-\u2014-WordPress-1.png\" data-link=\"https:\/\/amu.pan.pl\/amu-apeluje-do-prezydenta-rp\/screenshot-2022-04-06-at-11-52-47-edytuj-wpis-akademia-mlodych-uczonych-wordpress-1\/\" class=\"wp-image-4691\" srcset=\"https:\/\/amu.pan.pl\/wp-content\/uploads\/2022\/04\/Screenshot-2022-04-06-at-11-52-47-Edytuj-wpis-\u2039-Akademia-Mlodych-Uczonych-\u2014-WordPress-1.png 982w, https:\/\/amu.pan.pl\/wp-content\/uploads\/2022\/04\/Screenshot-2022-04-06-at-11-52-47-Edytuj-wpis-\u2039-Akademia-Mlodych-Uczonych-\u2014-WordPress-1-300x150.png 300w, https:\/\/amu.pan.pl\/wp-content\/uploads\/2022\/04\/Screenshot-2022-04-06-at-11-52-47-Edytuj-wpis-\u2039-Akademia-Mlodych-Uczonych-\u2014-WordPress-1-768x383.png 768w, https:\/\/amu.pan.pl\/wp-content\/uploads\/2022\/04\/Screenshot-2022-04-06-at-11-52-47-Edytuj-wpis-\u2039-Akademia-Mlodych-Uczonych-\u2014-WordPress-1-18x9.png 18w\" sizes=\"(max-width: 982px) 100vw, 982px\" \/><\/a><\/figure><\/li><li class=\"blocks-gallery-item\"><figure><a href=\"https:\/\/amu.pan.pl\/wp-content\/uploads\/2022\/04\/Screenshot-2022-04-06-at-11-52-53-Edytuj-wpis-\u2039-Akademia-Mlodych-Uczonych-\u2014-WordPress-1.png\"><img loading=\"lazy\" decoding=\"async\" width=\"982\" height=\"490\" src=\"https:\/\/amu.pan.pl\/wp-content\/uploads\/2022\/04\/Screenshot-2022-04-06-at-11-52-53-Edytuj-wpis-\u2039-Akademia-Mlodych-Uczonych-\u2014-WordPress-1.png\" alt=\"\" data-id=\"4692\" data-full-url=\"https:\/\/amu.pan.pl\/wp-content\/uploads\/2022\/04\/Screenshot-2022-04-06-at-11-52-53-Edytuj-wpis-\u2039-Akademia-Mlodych-Uczonych-\u2014-WordPress-1.png\" data-link=\"https:\/\/amu.pan.pl\/amu-apeluje-do-prezydenta-rp\/screenshot-2022-04-06-at-11-52-53-edytuj-wpis-akademia-mlodych-uczonych-wordpress-1\/\" class=\"wp-image-4692\" srcset=\"https:\/\/amu.pan.pl\/wp-content\/uploads\/2022\/04\/Screenshot-2022-04-06-at-11-52-53-Edytuj-wpis-\u2039-Akademia-Mlodych-Uczonych-\u2014-WordPress-1.png 982w, https:\/\/amu.pan.pl\/wp-content\/uploads\/2022\/04\/Screenshot-2022-04-06-at-11-52-53-Edytuj-wpis-\u2039-Akademia-Mlodych-Uczonych-\u2014-WordPress-1-300x150.png 300w, https:\/\/amu.pan.pl\/wp-content\/uploads\/2022\/04\/Screenshot-2022-04-06-at-11-52-53-Edytuj-wpis-\u2039-Akademia-Mlodych-Uczonych-\u2014-WordPress-1-768x383.png 768w, https:\/\/amu.pan.pl\/wp-content\/uploads\/2022\/04\/Screenshot-2022-04-06-at-11-52-53-Edytuj-wpis-\u2039-Akademia-Mlodych-Uczonych-\u2014-WordPress-1-18x9.png 18w\" sizes=\"(max-width: 982px) 100vw, 982px\" \/><\/a><\/figure><\/li><\/ul><\/figure>","protected":false},"excerpt":{"rendered":"<p>Akademia M\u0142odych Uczonych zaapelowa\u0142a do Prezydenta Rzeczypospolitej Polskiej o wycofanie z parlamentu projektu Ustawy o Akademii Kopernika\u0144skiej i stworzenie w jej miejsce funduszu stypendialnego dla uczonych chroni\u0105cych si\u0119 w Polsce przed wojn\u0105 w Ukrainie.<\/p>","protected":false},"author":2,"featured_media":359,"comment_status":"closed","ping_status":"closed","sticky":false,"template":"","format":"standard","meta":{"_monsterinsights_skip_tracking":false,"_monsterinsights_sitenote_active":false,"_monsterinsights_sitenote_note":"","_monsterinsights_sitenote_category":0,"footnotes":""},"categories":[4,8],"tags":[40,31],"class_list":["post-4673","post","type-post","status-publish","format-standard","has-post-thumbnail","hentry","category-aktualnosci","category-opinie-amu","tag-akademia-kopernikanska","tag-sprawy-nauki"],"yoast_head":"<!-- This site is optimized with the Yoast SEO plugin v25.0 - https:\/\/yoast.com\/wordpress\/plugins\/seo\/ -->\n<title>AMU apeluje do Prezydenta RP - Akademia M\u0142odych Uczonych<\/title>\n<meta name=\"robots\" content=\"index, follow, max-snippet:-1, max-image-preview:large, max-video-preview:-1\" \/>\n<link rel=\"canonical\" href=\"https:\/\/amu.pan.pl\/en\/amu-apeluje-do-prezydenta-rp\/\" \/>\n<meta property=\"og:locale\" content=\"en_GB\" \/>\n<meta property=\"og:type\" content=\"article\" \/>\n<meta property=\"og:title\" content=\"AMU apeluje do Prezydenta RP - Akademia M\u0142odych Uczonych\" \/>\n<meta property=\"og:description\" content=\"Akademia M\u0142odych Uczonych zaapelowa\u0142a do Prezydenta Rzeczypospolitej Polskiej o wycofanie z parlamentu projektu Ustawy o Akademii Kopernika\u0144skiej i stworzenie w jej miejsce funduszu stypendialnego dla uczonych chroni\u0105cych si\u0119 w Polsce przed wojn\u0105 w Ukrainie.\" \/>\n<meta property=\"og:url\" content=\"https:\/\/amu.pan.pl\/en\/amu-apeluje-do-prezydenta-rp\/\" \/>\n<meta property=\"og:site_name\" content=\"Akademia M\u0142odych Uczonych\" \/>\n<meta property=\"article:publisher\" content=\"https:\/\/www.facebook.com\/AkademiaMlodychUczonych\/\" \/>\n<meta property=\"article:published_time\" content=\"2022-04-04T12:05:40+00:00\" \/>\n<meta property=\"article:modified_time\" content=\"2022-04-06T10:59:20+00:00\" \/>\n<meta property=\"og:image\" content=\"https:\/\/amu.pan.pl\/wp-content\/uploads\/2020\/09\/AMU_logo.png\" \/>\n\t<meta property=\"og:image:width\" content=\"600\" \/>\n\t<meta property=\"og:image:height\" content=\"342\" \/>\n\t<meta property=\"og:image:type\" content=\"image\/png\" \/>\n<meta name=\"author\" content=\"redaktor\" \/>\n<meta name=\"twitter:card\" content=\"summary_large_image\" \/>\n<meta name=\"twitter:creator\" content=\"@AMUPAN1\" \/>\n<meta name=\"twitter:site\" content=\"@AMUPAN1\" \/>\n<meta name=\"twitter:label1\" content=\"Written by\" \/>\n\t<meta name=\"twitter:data1\" content=\"redaktor\" \/>\n\t<meta name=\"twitter:label2\" content=\"Estimated reading time\" \/>\n\t<meta name=\"twitter:data2\" content=\"3 minutes\" \/>\n<script type=\"application\/ld+json\" class=\"yoast-schema-graph\">{\"@context\":\"https:\/\/schema.org\",\"@graph\":[{\"@type\":\"Article\",\"@id\":\"https:\/\/amu.pan.pl\/en\/amu-apeluje-do-prezydenta-rp\/#article\",\"isPartOf\":{\"@id\":\"https:\/\/amu.pan.pl\/en\/amu-apeluje-do-prezydenta-rp\/\"},\"author\":{\"name\":\"redaktor\",\"@id\":\"https:\/\/amu.pan.pl\/#\/schema\/person\/6228761cf33db76ffb28beafb9e62758\"},\"headline\":\"AMU apeluje do Prezydenta RP\",\"datePublished\":\"2022-04-04T12:05:40+00:00\",\"dateModified\":\"2022-04-06T10:59:20+00:00\",\"mainEntityOfPage\":{\"@id\":\"https:\/\/amu.pan.pl\/en\/amu-apeluje-do-prezydenta-rp\/\"},\"wordCount\":395,\"publisher\":{\"@id\":\"https:\/\/amu.pan.pl\/#organization\"},\"image\":{\"@id\":\"https:\/\/amu.pan.pl\/en\/amu-apeluje-do-prezydenta-rp\/#primaryimage\"},\"thumbnailUrl\":\"https:\/\/amu.pan.pl\/wp-content\/uploads\/2020\/09\/AMU_logo.png\",\"keywords\":[\"Akademia Kopernika\u0144ska\",\"Sprawy nauki\"],\"articleSection\":[\"Aktualno\u015bci\",\"Opinie AMU\"],\"inLanguage\":\"en-GB\"},{\"@type\":\"WebPage\",\"@id\":\"https:\/\/amu.pan.pl\/en\/amu-apeluje-do-prezydenta-rp\/\",\"url\":\"https:\/\/amu.pan.pl\/en\/amu-apeluje-do-prezydenta-rp\/\",\"name\":\"AMU apeluje do Prezydenta RP - Akademia M\u0142odych Uczonych\",\"isPartOf\":{\"@id\":\"https:\/\/amu.pan.pl\/#website\"},\"primaryImageOfPage\":{\"@id\":\"https:\/\/amu.pan.pl\/en\/amu-apeluje-do-prezydenta-rp\/#primaryimage\"},\"image\":{\"@id\":\"https:\/\/amu.pan.pl\/en\/amu-apeluje-do-prezydenta-rp\/#primaryimage\"},\"thumbnailUrl\":\"https:\/\/amu.pan.pl\/wp-content\/uploads\/2020\/09\/AMU_logo.png\",\"datePublished\":\"2022-04-04T12:05:40+00:00\",\"dateModified\":\"2022-04-06T10:59:20+00:00\",\"breadcrumb\":{\"@id\":\"https:\/\/amu.pan.pl\/en\/amu-apeluje-do-prezydenta-rp\/#breadcrumb\"},\"inLanguage\":\"en-GB\",\"potentialAction\":[{\"@type\":\"ReadAction\",\"target\":[\"https:\/\/amu.pan.pl\/en\/amu-apeluje-do-prezydenta-rp\/\"]}]},{\"@type\":\"ImageObject\",\"inLanguage\":\"en-GB\",\"@id\":\"https:\/\/amu.pan.pl\/en\/amu-apeluje-do-prezydenta-rp\/#primaryimage\",\"url\":\"https:\/\/amu.pan.pl\/wp-content\/uploads\/2020\/09\/AMU_logo.png\",\"contentUrl\":\"https:\/\/amu.pan.pl\/wp-content\/uploads\/2020\/09\/AMU_logo.png\",\"width\":600,\"height\":342,\"caption\":\"AMU logo\"},{\"@type\":\"BreadcrumbList\",\"@id\":\"https:\/\/amu.pan.pl\/en\/amu-apeluje-do-prezydenta-rp\/#breadcrumb\",\"itemListElement\":[{\"@type\":\"ListItem\",\"position\":1,\"name\":\"Strona g\u0142\u00f3wna\",\"item\":\"https:\/\/amu.pan.pl\/\"},{\"@type\":\"ListItem\",\"position\":2,\"name\":\"AMU apeluje do Prezydenta RP\"}]},{\"@type\":\"WebSite\",\"@id\":\"https:\/\/amu.pan.pl\/#website\",\"url\":\"https:\/\/amu.pan.pl\/\",\"name\":\"Akademia M\u0142odych Uczonych\",\"description\":\"Polska Akademia Nauk\",\"publisher\":{\"@id\":\"https:\/\/amu.pan.pl\/#organization\"},\"potentialAction\":[{\"@type\":\"SearchAction\",\"target\":{\"@type\":\"EntryPoint\",\"urlTemplate\":\"https:\/\/amu.pan.pl\/?s={search_term_string}\"},\"query-input\":{\"@type\":\"PropertyValueSpecification\",\"valueRequired\":true,\"valueName\":\"search_term_string\"}}],\"inLanguage\":\"en-GB\"},{\"@type\":\"Organization\",\"@id\":\"https:\/\/amu.pan.pl\/#organization\",\"name\":\"Akademia M\u0142odych Uczonych\",\"url\":\"https:\/\/amu.pan.pl\/\",\"logo\":{\"@type\":\"ImageObject\",\"inLanguage\":\"en-GB\",\"@id\":\"https:\/\/amu.pan.pl\/#\/schema\/logo\/image\/\",\"url\":\"https:\/\/amu.pan.pl\/wp-content\/uploads\/2020\/08\/zz_amu.png\",\"contentUrl\":\"https:\/\/amu.pan.pl\/wp-content\/uploads\/2020\/08\/zz_amu.png\",\"width\":2794,\"height\":1016,\"caption\":\"Akademia M\u0142odych Uczonych\"},\"image\":{\"@id\":\"https:\/\/amu.pan.pl\/#\/schema\/logo\/image\/\"},\"sameAs\":[\"https:\/\/www.facebook.com\/AkademiaMlodychUczonych\/\",\"https:\/\/x.com\/AMUPAN1\"]},{\"@type\":\"Person\",\"@id\":\"https:\/\/amu.pan.pl\/#\/schema\/person\/6228761cf33db76ffb28beafb9e62758\",\"name\":\"redaktor\",\"image\":{\"@type\":\"ImageObject\",\"inLanguage\":\"en-GB\",\"@id\":\"https:\/\/amu.pan.pl\/#\/schema\/person\/image\/\",\"url\":\"https:\/\/secure.gravatar.com\/avatar\/a0599af3d5c48d4131a3e882d6a2cedfdbc82b886c803755075873f68351b8b5?s=96&d=mm&r=g\",\"contentUrl\":\"https:\/\/secure.gravatar.com\/avatar\/a0599af3d5c48d4131a3e882d6a2cedfdbc82b886c803755075873f68351b8b5?s=96&d=mm&r=g\",\"caption\":\"redaktor\"},\"url\":\"https:\/\/amu.pan.pl\/en\/author\/redaktor\/\"}]}<\/script>\n<!-- \/ Yoast SEO plugin. -->","yoast_head_json":{"title":"AMU apeluje do Prezydenta RP - Akademia M\u0142odych Uczonych","robots":{"index":"index","follow":"follow","max-snippet":"max-snippet:-1","max-image-preview":"max-image-preview:large","max-video-preview":"max-video-preview:-1"},"canonical":"https:\/\/amu.pan.pl\/en\/amu-apeluje-do-prezydenta-rp\/","og_locale":"en_GB","og_type":"article","og_title":"AMU apeluje do Prezydenta RP - Akademia M\u0142odych Uczonych","og_description":"Akademia M\u0142odych Uczonych zaapelowa\u0142a do Prezydenta Rzeczypospolitej Polskiej o wycofanie z parlamentu projektu Ustawy o Akademii Kopernika\u0144skiej i stworzenie w jej miejsce funduszu stypendialnego dla uczonych chroni\u0105cych si\u0119 w Polsce przed wojn\u0105 w Ukrainie.","og_url":"https:\/\/amu.pan.pl\/en\/amu-apeluje-do-prezydenta-rp\/","og_site_name":"Akademia M\u0142odych Uczonych","article_publisher":"https:\/\/www.facebook.com\/AkademiaMlodychUczonych\/","article_published_time":"2022-04-04T12:05:40+00:00","article_modified_time":"2022-04-06T10:59:20+00:00","og_image":[{"width":600,"height":342,"url":"https:\/\/amu.pan.pl\/wp-content\/uploads\/2020\/09\/AMU_logo.png","type":"image\/png"}],"author":"redaktor","twitter_card":"summary_large_image","twitter_creator":"@AMUPAN1","twitter_site":"@AMUPAN1","twitter_misc":{"Written by":"redaktor","Estimated reading time":"3 minutes"},"schema":{"@context":"https:\/\/schema.org","@graph":[{"@type":"Article","@id":"https:\/\/amu.pan.pl\/en\/amu-apeluje-do-prezydenta-rp\/#article","isPartOf":{"@id":"https:\/\/amu.pan.pl\/en\/amu-apeluje-do-prezydenta-rp\/"},"author":{"name":"redaktor","@id":"https:\/\/amu.pan.pl\/#\/schema\/person\/6228761cf33db76ffb28beafb9e62758"},"headline":"AMU apeluje do Prezydenta RP","datePublished":"2022-04-04T12:05:40+00:00","dateModified":"2022-04-06T10:59:20+00:00","mainEntityOfPage":{"@id":"https:\/\/amu.pan.pl\/en\/amu-apeluje-do-prezydenta-rp\/"},"wordCount":395,"publisher":{"@id":"https:\/\/amu.pan.pl\/#organization"},"image":{"@id":"https:\/\/amu.pan.pl\/en\/amu-apeluje-do-prezydenta-rp\/#primaryimage"},"thumbnailUrl":"https:\/\/amu.pan.pl\/wp-content\/uploads\/2020\/09\/AMU_logo.png","keywords":["Akademia Kopernika\u0144ska","Sprawy nauki"],"articleSection":["Aktualno\u015bci","Opinie AMU"],"inLanguage":"en-GB"},{"@type":"WebPage","@id":"https:\/\/amu.pan.pl\/en\/amu-apeluje-do-prezydenta-rp\/","url":"https:\/\/amu.pan.pl\/en\/amu-apeluje-do-prezydenta-rp\/","name":"AMU apeluje do Prezydenta RP - Akademia M\u0142odych Uczonych","isPartOf":{"@id":"https:\/\/amu.pan.pl\/#website"},"primaryImageOfPage":{"@id":"https:\/\/amu.pan.pl\/en\/amu-apeluje-do-prezydenta-rp\/#primaryimage"},"image":{"@id":"https:\/\/amu.pan.pl\/en\/amu-apeluje-do-prezydenta-rp\/#primaryimage"},"thumbnailUrl":"https:\/\/amu.pan.pl\/wp-content\/uploads\/2020\/09\/AMU_logo.png","datePublished":"2022-04-04T12:05:40+00:00","dateModified":"2022-04-06T10:59:20+00:00","breadcrumb":{"@id":"https:\/\/amu.pan.pl\/en\/amu-apeluje-do-prezydenta-rp\/#breadcrumb"},"inLanguage":"en-GB","potentialAction":[{"@type":"ReadAction","target":["https:\/\/amu.pan.pl\/en\/amu-apeluje-do-prezydenta-rp\/"]}]},{"@type":"ImageObject","inLanguage":"en-GB","@id":"https:\/\/amu.pan.pl\/en\/amu-apeluje-do-prezydenta-rp\/#primaryimage","url":"https:\/\/amu.pan.pl\/wp-content\/uploads\/2020\/09\/AMU_logo.png","contentUrl":"https:\/\/amu.pan.pl\/wp-content\/uploads\/2020\/09\/AMU_logo.png","width":600,"height":342,"caption":"AMU logo"},{"@type":"BreadcrumbList","@id":"https:\/\/amu.pan.pl\/en\/amu-apeluje-do-prezydenta-rp\/#breadcrumb","itemListElement":[{"@type":"ListItem","position":1,"name":"Strona g\u0142\u00f3wna","item":"https:\/\/amu.pan.pl\/"},{"@type":"ListItem","position":2,"name":"AMU apeluje do Prezydenta RP"}]},{"@type":"WebSite","@id":"https:\/\/amu.pan.pl\/#website","url":"https:\/\/amu.pan.pl\/","name":"Akademia M\u0142odych Uczonych","description":"Polska Akademia Nauk","publisher":{"@id":"https:\/\/amu.pan.pl\/#organization"},"potentialAction":[{"@type":"SearchAction","target":{"@type":"EntryPoint","urlTemplate":"https:\/\/amu.pan.pl\/?s={search_term_string}"},"query-input":{"@type":"PropertyValueSpecification","valueRequired":true,"valueName":"search_term_string"}}],"inLanguage":"en-GB"},{"@type":"Organization","@id":"https:\/\/amu.pan.pl\/#organization","name":"Akademia M\u0142odych Uczonych","url":"https:\/\/amu.pan.pl\/","logo":{"@type":"ImageObject","inLanguage":"en-GB","@id":"https:\/\/amu.pan.pl\/#\/schema\/logo\/image\/","url":"https:\/\/amu.pan.pl\/wp-content\/uploads\/2020\/08\/zz_amu.png","contentUrl":"https:\/\/amu.pan.pl\/wp-content\/uploads\/2020\/08\/zz_amu.png","width":2794,"height":1016,"caption":"Akademia M\u0142odych Uczonych"},"image":{"@id":"https:\/\/amu.pan.pl\/#\/schema\/logo\/image\/"},"sameAs":["https:\/\/www.facebook.com\/AkademiaMlodychUczonych\/","https:\/\/x.com\/AMUPAN1"]},{"@type":"Person","@id":"https:\/\/amu.pan.pl\/#\/schema\/person\/6228761cf33db76ffb28beafb9e62758","name":"redaktor","image":{"@type":"ImageObject","inLanguage":"en-GB","@id":"https:\/\/amu.pan.pl\/#\/schema\/person\/image\/","url":"https:\/\/secure.gravatar.com\/avatar\/a0599af3d5c48d4131a3e882d6a2cedfdbc82b886c803755075873f68351b8b5?s=96&d=mm&r=g","contentUrl":"https:\/\/secure.gravatar.com\/avatar\/a0599af3d5c48d4131a3e882d6a2cedfdbc82b886c803755075873f68351b8b5?s=96&d=mm&r=g","caption":"redaktor"},"url":"https:\/\/amu.pan.pl\/en\/author\/redaktor\/"}]}},"_links":{"self":[{"href":"https:\/\/amu.pan.pl\/en\/wp-json\/wp\/v2\/posts\/4673","targetHints":{"allow":["GET"]}}],"collection":[{"href":"https:\/\/amu.pan.pl\/en\/wp-json\/wp\/v2\/posts"}],"about":[{"href":"https:\/\/amu.pan.pl\/en\/wp-json\/wp\/v2\/types\/post"}],"author":[{"embeddable":true,"href":"https:\/\/amu.pan.pl\/en\/wp-json\/wp\/v2\/users\/2"}],"replies":[{"embeddable":true,"href":"https:\/\/amu.pan.pl\/en\/wp-json\/wp\/v2\/comments?post=4673"}],"version-history":[{"count":15,"href":"https:\/\/amu.pan.pl\/en\/wp-json\/wp\/v2\/posts\/4673\/revisions"}],"predecessor-version":[{"id":4714,"href":"https:\/\/amu.pan.pl\/en\/wp-json\/wp\/v2\/posts\/4673\/revisions\/4714"}],"wp:featuredmedia":[{"embeddable":true,"href":"https:\/\/amu.pan.pl\/en\/wp-json\/wp\/v2\/media\/359"}],"wp:attachment":[{"href":"https:\/\/amu.pan.pl\/en\/wp-json\/wp\/v2\/media?parent=4673"}],"wp:term":[{"taxonomy":"category","embeddable":true,"href":"https:\/\/amu.pan.pl\/en\/wp-json\/wp\/v2\/categories?post=4673"},{"taxonomy":"post_tag","embeddable":true,"href":"https:\/\/amu.pan.pl\/en\/wp-json\/wp\/v2\/tags?post=4673"}],"curies":[{"name":"wp","href":"https:\/\/api.w.org\/{rel}","templated":true}]}}