{"id":4809,"date":"2022-08-22T10:15:17","date_gmt":"2022-08-22T08:15:17","guid":{"rendered":"https:\/\/amu.pan.pl\/?p=4809"},"modified":"2022-08-22T10:19:56","modified_gmt":"2022-08-22T08:19:56","slug":"amu-poszukuje-osoby-do-obslugi-administracyjnej","status":"publish","type":"post","link":"https:\/\/amu.pan.pl\/en\/amu-poszukuje-osoby-do-obslugi-administracyjnej\/","title":{"rendered":"AMU poszukuje osoby do obs\u0142ugi administracyjnej"},"content":{"rendered":"<p>Akademia M\u0142odych Uczonych poszukuje osoby do osoby do obs\u0142ugi administracyjnej: praca na pe\u0142en etat oraz zatrudnienie w Gabinecie Prezesa PAN. Termin nadsy\u0142ania zg\u0142osze\u0144 do 16 wrze\u015bnia 2022 r. na adres: kadry@pan.pl. Pe\u0142ne og\u0142oszenie zawieraj\u0105ce g\u0142\u00f3wne zadania, wymagania, konieczne o\u015bwiadczenia i dokumenty jest dost\u0119pne pod adresem <a href=\"https:\/\/bip.pan.pl\/oferta-pracy\/1118\/specjalistka-specjalista-w-gabinecie-prezesa?fbclid=IwAR1VmvXf_TzJRp0wV35tWU8u7C-J3PSfz_JMACTDXdFTkR4wOzLvKYKqBh0\">bip.pan.pl<\/a><\/p>","protected":false},"excerpt":{"rendered":"<p>Akademia M\u0142odych Uczonych poszukuje osoby do osoby do obs\u0142ugi administracyjnej: praca na pe\u0142en etat oraz zatrudnienie w Gabinecie Prezesa PAN. Termin nadsy\u0142ania zg\u0142osze\u0144 do 16 wrze\u015bnia 2022 r. na adres: kadry@pan.pl. Pe\u0142ne og\u0142oszenie zawieraj\u0105ce g\u0142\u00f3wne zadania, wymagania, konieczne o\u015bwiadczenia i dokumenty jest dost\u0119pne pod adresem bip.pan.pl<\/p>","protected":false},"author":10,"featured_media":359,"comment_status":"closed","ping_status":"closed","sticky":false,"template":"","format":"standard","meta":{"_monsterinsights_skip_tracking":false,"_monsterinsights_sitenote_active":false,"_monsterinsights_sitenote_note":"","_monsterinsights_sitenote_category":0,"footnotes":""},"categories":[4],"tags":[31],"class_list":["post-4809","post","type-post","status-publish","format-standard","has-post-thumbnail","hentry","category-aktualnosci","tag-sprawy-nauki"],"yoast_head":"<!-- This site is optimized with the Yoast SEO plugin v25.0 - https:\/\/yoast.com\/wordpress\/plugins\/seo\/ -->\n<title>AMU poszukuje osoby do obs\u0142ugi administracyjnej - Akademia M\u0142odych Uczonych<\/title>\n<meta name=\"robots\" content=\"index, follow, max-snippet:-1, max-image-preview:large, max-video-preview:-1\" \/>\n<link rel=\"canonical\" href=\"https:\/\/amu.pan.pl\/en\/amu-poszukuje-osoby-do-obslugi-administracyjnej\/\" \/>\n<meta property=\"og:locale\" content=\"en_GB\" \/>\n<meta property=\"og:type\" content=\"article\" \/>\n<meta property=\"og:title\" content=\"AMU poszukuje osoby do obs\u0142ugi administracyjnej - Akademia M\u0142odych Uczonych\" \/>\n<meta property=\"og:description\" content=\"Akademia M\u0142odych Uczonych poszukuje osoby do osoby do obs\u0142ugi administracyjnej: praca na pe\u0142en etat oraz zatrudnienie w Gabinecie Prezesa PAN. Termin nadsy\u0142ania zg\u0142osze\u0144 do 16 wrze\u015bnia 2022 r. na adres: kadry@pan.pl. Pe\u0142ne og\u0142oszenie zawieraj\u0105ce g\u0142\u00f3wne zadania, wymagania, konieczne o\u015bwiadczenia i dokumenty jest dost\u0119pne pod adresem bip.pan.pl\" \/>\n<meta property=\"og:url\" content=\"https:\/\/amu.pan.pl\/en\/amu-poszukuje-osoby-do-obslugi-administracyjnej\/\" \/>\n<meta property=\"og:site_name\" content=\"Akademia M\u0142odych Uczonych\" \/>\n<meta property=\"article:publisher\" content=\"https:\/\/www.facebook.com\/AkademiaMlodychUczonych\/\" \/>\n<meta property=\"article:published_time\" content=\"2022-08-22T08:15:17+00:00\" \/>\n<meta property=\"article:modified_time\" content=\"2022-08-22T08:19:56+00:00\" \/>\n<meta property=\"og:image\" content=\"https:\/\/amu.pan.pl\/wp-content\/uploads\/2020\/09\/AMU_logo.png\" \/>\n\t<meta property=\"og:image:width\" content=\"600\" \/>\n\t<meta property=\"og:image:height\" content=\"342\" \/>\n\t<meta property=\"og:image:type\" content=\"image\/png\" \/>\n<meta name=\"author\" content=\"mkadzinski\" \/>\n<meta name=\"twitter:card\" content=\"summary_large_image\" \/>\n<meta name=\"twitter:creator\" content=\"@AMUPAN1\" \/>\n<meta name=\"twitter:site\" content=\"@AMUPAN1\" \/>\n<meta name=\"twitter:label1\" content=\"Written by\" \/>\n\t<meta name=\"twitter:data1\" content=\"mkadzinski\" \/>\n\t<meta name=\"twitter:label2\" content=\"Estimated reading time\" \/>\n\t<meta name=\"twitter:data2\" content=\"1 minute\" \/>\n<script type=\"application\/ld+json\" class=\"yoast-schema-graph\">{\"@context\":\"https:\/\/schema.org\",\"@graph\":[{\"@type\":\"Article\",\"@id\":\"https:\/\/amu.pan.pl\/en\/amu-poszukuje-osoby-do-obslugi-administracyjnej\/#article\",\"isPartOf\":{\"@id\":\"https:\/\/amu.pan.pl\/en\/amu-poszukuje-osoby-do-obslugi-administracyjnej\/\"},\"author\":{\"name\":\"mkadzinski\",\"@id\":\"https:\/\/amu.pan.pl\/#\/schema\/person\/eb1bd9ffc0e692ae8986bccb033c5604\"},\"headline\":\"AMU poszukuje osoby do obs\u0142ugi administracyjnej\",\"datePublished\":\"2022-08-22T08:15:17+00:00\",\"dateModified\":\"2022-08-22T08:19:56+00:00\",\"mainEntityOfPage\":{\"@id\":\"https:\/\/amu.pan.pl\/en\/amu-poszukuje-osoby-do-obslugi-administracyjnej\/\"},\"wordCount\":67,\"publisher\":{\"@id\":\"https:\/\/amu.pan.pl\/#organization\"},\"image\":{\"@id\":\"https:\/\/amu.pan.pl\/en\/amu-poszukuje-osoby-do-obslugi-administracyjnej\/#primaryimage\"},\"thumbnailUrl\":\"https:\/\/amu.pan.pl\/wp-content\/uploads\/2020\/09\/AMU_logo.png\",\"keywords\":[\"Sprawy nauki\"],\"articleSection\":[\"Aktualno\u015bci\"],\"inLanguage\":\"en-GB\"},{\"@type\":\"WebPage\",\"@id\":\"https:\/\/amu.pan.pl\/en\/amu-poszukuje-osoby-do-obslugi-administracyjnej\/\",\"url\":\"https:\/\/amu.pan.pl\/en\/amu-poszukuje-osoby-do-obslugi-administracyjnej\/\",\"name\":\"AMU poszukuje osoby do obs\u0142ugi administracyjnej - Akademia M\u0142odych Uczonych\",\"isPartOf\":{\"@id\":\"https:\/\/amu.pan.pl\/#website\"},\"primaryImageOfPage\":{\"@id\":\"https:\/\/amu.pan.pl\/en\/amu-poszukuje-osoby-do-obslugi-administracyjnej\/#primaryimage\"},\"image\":{\"@id\":\"https:\/\/amu.pan.pl\/en\/amu-poszukuje-osoby-do-obslugi-administracyjnej\/#primaryimage\"},\"thumbnailUrl\":\"https:\/\/amu.pan.pl\/wp-content\/uploads\/2020\/09\/AMU_logo.png\",\"datePublished\":\"2022-08-22T08:15:17+00:00\",\"dateModified\":\"2022-08-22T08:19:56+00:00\",\"breadcrumb\":{\"@id\":\"https:\/\/amu.pan.pl\/en\/amu-poszukuje-osoby-do-obslugi-administracyjnej\/#breadcrumb\"},\"inLanguage\":\"en-GB\",\"potentialAction\":[{\"@type\":\"ReadAction\",\"target\":[\"https:\/\/amu.pan.pl\/en\/amu-poszukuje-osoby-do-obslugi-administracyjnej\/\"]}]},{\"@type\":\"ImageObject\",\"inLanguage\":\"en-GB\",\"@id\":\"https:\/\/amu.pan.pl\/en\/amu-poszukuje-osoby-do-obslugi-administracyjnej\/#primaryimage\",\"url\":\"https:\/\/amu.pan.pl\/wp-content\/uploads\/2020\/09\/AMU_logo.png\",\"contentUrl\":\"https:\/\/amu.pan.pl\/wp-content\/uploads\/2020\/09\/AMU_logo.png\",\"width\":600,\"height\":342,\"caption\":\"AMU logo\"},{\"@type\":\"BreadcrumbList\",\"@id\":\"https:\/\/amu.pan.pl\/en\/amu-poszukuje-osoby-do-obslugi-administracyjnej\/#breadcrumb\",\"itemListElement\":[{\"@type\":\"ListItem\",\"position\":1,\"name\":\"Strona g\u0142\u00f3wna\",\"item\":\"https:\/\/amu.pan.pl\/\"},{\"@type\":\"ListItem\",\"position\":2,\"name\":\"AMU poszukuje osoby do obs\u0142ugi administracyjnej\"}]},{\"@type\":\"WebSite\",\"@id\":\"https:\/\/amu.pan.pl\/#website\",\"url\":\"https:\/\/amu.pan.pl\/\",\"name\":\"Akademia M\u0142odych Uczonych\",\"description\":\"Polska Akademia Nauk\",\"publisher\":{\"@id\":\"https:\/\/amu.pan.pl\/#organization\"},\"potentialAction\":[{\"@type\":\"SearchAction\",\"target\":{\"@type\":\"EntryPoint\",\"urlTemplate\":\"https:\/\/amu.pan.pl\/?s={search_term_string}\"},\"query-input\":{\"@type\":\"PropertyValueSpecification\",\"valueRequired\":true,\"valueName\":\"search_term_string\"}}],\"inLanguage\":\"en-GB\"},{\"@type\":\"Organization\",\"@id\":\"https:\/\/amu.pan.pl\/#organization\",\"name\":\"Akademia M\u0142odych Uczonych\",\"url\":\"https:\/\/amu.pan.pl\/\",\"logo\":{\"@type\":\"ImageObject\",\"inLanguage\":\"en-GB\",\"@id\":\"https:\/\/amu.pan.pl\/#\/schema\/logo\/image\/\",\"url\":\"https:\/\/amu.pan.pl\/wp-content\/uploads\/2020\/08\/zz_amu.png\",\"contentUrl\":\"https:\/\/amu.pan.pl\/wp-content\/uploads\/2020\/08\/zz_amu.png\",\"width\":2794,\"height\":1016,\"caption\":\"Akademia M\u0142odych Uczonych\"},\"image\":{\"@id\":\"https:\/\/amu.pan.pl\/#\/schema\/logo\/image\/\"},\"sameAs\":[\"https:\/\/www.facebook.com\/AkademiaMlodychUczonych\/\",\"https:\/\/x.com\/AMUPAN1\"]},{\"@type\":\"Person\",\"@id\":\"https:\/\/amu.pan.pl\/#\/schema\/person\/eb1bd9ffc0e692ae8986bccb033c5604\",\"name\":\"mkadzinski\",\"image\":{\"@type\":\"ImageObject\",\"inLanguage\":\"en-GB\",\"@id\":\"https:\/\/amu.pan.pl\/#\/schema\/person\/image\/\",\"url\":\"https:\/\/secure.gravatar.com\/avatar\/b3f2d82a8430852b0889f2a17eb7c0ba677c3f6b60305d313d8cc037a2b139c0?s=96&d=mm&r=g\",\"contentUrl\":\"https:\/\/secure.gravatar.com\/avatar\/b3f2d82a8430852b0889f2a17eb7c0ba677c3f6b60305d313d8cc037a2b139c0?s=96&d=mm&r=g\",\"caption\":\"mkadzinski\"},\"url\":\"https:\/\/amu.pan.pl\/en\/author\/mkadzinski\/\"}]}<\/script>\n<!-- \/ Yoast SEO plugin. -->","yoast_head_json":{"title":"AMU poszukuje osoby do obs\u0142ugi administracyjnej - Akademia M\u0142odych Uczonych","robots":{"index":"index","follow":"follow","max-snippet":"max-snippet:-1","max-image-preview":"max-image-preview:large","max-video-preview":"max-video-preview:-1"},"canonical":"https:\/\/amu.pan.pl\/en\/amu-poszukuje-osoby-do-obslugi-administracyjnej\/","og_locale":"en_GB","og_type":"article","og_title":"AMU poszukuje osoby do obs\u0142ugi administracyjnej - Akademia M\u0142odych Uczonych","og_description":"Akademia M\u0142odych Uczonych poszukuje osoby do osoby do obs\u0142ugi administracyjnej: praca na pe\u0142en etat oraz zatrudnienie w Gabinecie Prezesa PAN. Termin nadsy\u0142ania zg\u0142osze\u0144 do 16 wrze\u015bnia 2022 r. na adres: kadry@pan.pl. Pe\u0142ne og\u0142oszenie zawieraj\u0105ce g\u0142\u00f3wne zadania, wymagania, konieczne o\u015bwiadczenia i dokumenty jest dost\u0119pne pod adresem bip.pan.pl","og_url":"https:\/\/amu.pan.pl\/en\/amu-poszukuje-osoby-do-obslugi-administracyjnej\/","og_site_name":"Akademia M\u0142odych Uczonych","article_publisher":"https:\/\/www.facebook.com\/AkademiaMlodychUczonych\/","article_published_time":"2022-08-22T08:15:17+00:00","article_modified_time":"2022-08-22T08:19:56+00:00","og_image":[{"width":600,"height":342,"url":"https:\/\/amu.pan.pl\/wp-content\/uploads\/2020\/09\/AMU_logo.png","type":"image\/png"}],"author":"mkadzinski","twitter_card":"summary_large_image","twitter_creator":"@AMUPAN1","twitter_site":"@AMUPAN1","twitter_misc":{"Written by":"mkadzinski","Estimated reading time":"1 minute"},"schema":{"@context":"https:\/\/schema.org","@graph":[{"@type":"Article","@id":"https:\/\/amu.pan.pl\/en\/amu-poszukuje-osoby-do-obslugi-administracyjnej\/#article","isPartOf":{"@id":"https:\/\/amu.pan.pl\/en\/amu-poszukuje-osoby-do-obslugi-administracyjnej\/"},"author":{"name":"mkadzinski","@id":"https:\/\/amu.pan.pl\/#\/schema\/person\/eb1bd9ffc0e692ae8986bccb033c5604"},"headline":"AMU poszukuje osoby do obs\u0142ugi administracyjnej","datePublished":"2022-08-22T08:15:17+00:00","dateModified":"2022-08-22T08:19:56+00:00","mainEntityOfPage":{"@id":"https:\/\/amu.pan.pl\/en\/amu-poszukuje-osoby-do-obslugi-administracyjnej\/"},"wordCount":67,"publisher":{"@id":"https:\/\/amu.pan.pl\/#organization"},"image":{"@id":"https:\/\/amu.pan.pl\/en\/amu-poszukuje-osoby-do-obslugi-administracyjnej\/#primaryimage"},"thumbnailUrl":"https:\/\/amu.pan.pl\/wp-content\/uploads\/2020\/09\/AMU_logo.png","keywords":["Sprawy nauki"],"articleSection":["Aktualno\u015bci"],"inLanguage":"en-GB"},{"@type":"WebPage","@id":"https:\/\/amu.pan.pl\/en\/amu-poszukuje-osoby-do-obslugi-administracyjnej\/","url":"https:\/\/amu.pan.pl\/en\/amu-poszukuje-osoby-do-obslugi-administracyjnej\/","name":"AMU poszukuje osoby do obs\u0142ugi administracyjnej - Akademia M\u0142odych Uczonych","isPartOf":{"@id":"https:\/\/amu.pan.pl\/#website"},"primaryImageOfPage":{"@id":"https:\/\/amu.pan.pl\/en\/amu-poszukuje-osoby-do-obslugi-administracyjnej\/#primaryimage"},"image":{"@id":"https:\/\/amu.pan.pl\/en\/amu-poszukuje-osoby-do-obslugi-administracyjnej\/#primaryimage"},"thumbnailUrl":"https:\/\/amu.pan.pl\/wp-content\/uploads\/2020\/09\/AMU_logo.png","datePublished":"2022-08-22T08:15:17+00:00","dateModified":"2022-08-22T08:19:56+00:00","breadcrumb":{"@id":"https:\/\/amu.pan.pl\/en\/amu-poszukuje-osoby-do-obslugi-administracyjnej\/#breadcrumb"},"inLanguage":"en-GB","potentialAction":[{"@type":"ReadAction","target":["https:\/\/amu.pan.pl\/en\/amu-poszukuje-osoby-do-obslugi-administracyjnej\/"]}]},{"@type":"ImageObject","inLanguage":"en-GB","@id":"https:\/\/amu.pan.pl\/en\/amu-poszukuje-osoby-do-obslugi-administracyjnej\/#primaryimage","url":"https:\/\/amu.pan.pl\/wp-content\/uploads\/2020\/09\/AMU_logo.png","contentUrl":"https:\/\/amu.pan.pl\/wp-content\/uploads\/2020\/09\/AMU_logo.png","width":600,"height":342,"caption":"AMU logo"},{"@type":"BreadcrumbList","@id":"https:\/\/amu.pan.pl\/en\/amu-poszukuje-osoby-do-obslugi-administracyjnej\/#breadcrumb","itemListElement":[{"@type":"ListItem","position":1,"name":"Strona g\u0142\u00f3wna","item":"https:\/\/amu.pan.pl\/"},{"@type":"ListItem","position":2,"name":"AMU poszukuje osoby do obs\u0142ugi administracyjnej"}]},{"@type":"WebSite","@id":"https:\/\/amu.pan.pl\/#website","url":"https:\/\/amu.pan.pl\/","name":"Akademia M\u0142odych Uczonych","description":"Polska Akademia Nauk","publisher":{"@id":"https:\/\/amu.pan.pl\/#organization"},"potentialAction":[{"@type":"SearchAction","target":{"@type":"EntryPoint","urlTemplate":"https:\/\/amu.pan.pl\/?s={search_term_string}"},"query-input":{"@type":"PropertyValueSpecification","valueRequired":true,"valueName":"search_term_string"}}],"inLanguage":"en-GB"},{"@type":"Organization","@id":"https:\/\/amu.pan.pl\/#organization","name":"Akademia M\u0142odych Uczonych","url":"https:\/\/amu.pan.pl\/","logo":{"@type":"ImageObject","inLanguage":"en-GB","@id":"https:\/\/amu.pan.pl\/#\/schema\/logo\/image\/","url":"https:\/\/amu.pan.pl\/wp-content\/uploads\/2020\/08\/zz_amu.png","contentUrl":"https:\/\/amu.pan.pl\/wp-content\/uploads\/2020\/08\/zz_amu.png","width":2794,"height":1016,"caption":"Akademia M\u0142odych Uczonych"},"image":{"@id":"https:\/\/amu.pan.pl\/#\/schema\/logo\/image\/"},"sameAs":["https:\/\/www.facebook.com\/AkademiaMlodychUczonych\/","https:\/\/x.com\/AMUPAN1"]},{"@type":"Person","@id":"https:\/\/amu.pan.pl\/#\/schema\/person\/eb1bd9ffc0e692ae8986bccb033c5604","name":"mkadzinski","image":{"@type":"ImageObject","inLanguage":"en-GB","@id":"https:\/\/amu.pan.pl\/#\/schema\/person\/image\/","url":"https:\/\/secure.gravatar.com\/avatar\/b3f2d82a8430852b0889f2a17eb7c0ba677c3f6b60305d313d8cc037a2b139c0?s=96&d=mm&r=g","contentUrl":"https:\/\/secure.gravatar.com\/avatar\/b3f2d82a8430852b0889f2a17eb7c0ba677c3f6b60305d313d8cc037a2b139c0?s=96&d=mm&r=g","caption":"mkadzinski"},"url":"https:\/\/amu.pan.pl\/en\/author\/mkadzinski\/"}]}},"_links":{"self":[{"href":"https:\/\/amu.pan.pl\/en\/wp-json\/wp\/v2\/posts\/4809","targetHints":{"allow":["GET"]}}],"collection":[{"href":"https:\/\/amu.pan.pl\/en\/wp-json\/wp\/v2\/posts"}],"about":[{"href":"https:\/\/amu.pan.pl\/en\/wp-json\/wp\/v2\/types\/post"}],"author":[{"embeddable":true,"href":"https:\/\/amu.pan.pl\/en\/wp-json\/wp\/v2\/users\/10"}],"replies":[{"embeddable":true,"href":"https:\/\/amu.pan.pl\/en\/wp-json\/wp\/v2\/comments?post=4809"}],"version-history":[{"count":3,"href":"https:\/\/amu.pan.pl\/en\/wp-json\/wp\/v2\/posts\/4809\/revisions"}],"predecessor-version":[{"id":4812,"href":"https:\/\/amu.pan.pl\/en\/wp-json\/wp\/v2\/posts\/4809\/revisions\/4812"}],"wp:featuredmedia":[{"embeddable":true,"href":"https:\/\/amu.pan.pl\/en\/wp-json\/wp\/v2\/media\/359"}],"wp:attachment":[{"href":"https:\/\/amu.pan.pl\/en\/wp-json\/wp\/v2\/media?parent=4809"}],"wp:term":[{"taxonomy":"category","embeddable":true,"href":"https:\/\/amu.pan.pl\/en\/wp-json\/wp\/v2\/categories?post=4809"},{"taxonomy":"post_tag","embeddable":true,"href":"https:\/\/amu.pan.pl\/en\/wp-json\/wp\/v2\/tags?post=4809"}],"curies":[{"name":"wp","href":"https:\/\/api.w.org\/{rel}","templated":true}]}}