{"id":4813,"date":"2022-08-31T12:26:42","date_gmt":"2022-08-31T10:26:42","guid":{"rendered":"https:\/\/amu.pan.pl\/?p=4813"},"modified":"2022-08-31T12:26:44","modified_gmt":"2022-08-31T10:26:44","slug":"rdn-odnioslo-sie-do-opinii-amu-ws-habilitacji","status":"publish","type":"post","link":"https:\/\/amu.pan.pl\/en\/rdn-odnioslo-sie-do-opinii-amu-ws-habilitacji\/","title":{"rendered":"RDN odnios\u0142o si\u0119 do opinii AMU ws. habilitacji"},"content":{"rendered":"<p>Rada Doskona\u0142o\u015bci Naukowej zapozna\u0142a si\u0119 ze stanowiskiem Akademii M\u0142odych Uczonych w sprawie procedury dotycz\u0105cej nadawania stopnia doktora habilitowanego. Z pe\u0142n\u0105 tre\u015bci\u0105 odpowiedzi mo\u017cna zapozna\u0107 si\u0119 poni\u017cej.<\/p>\n\n\n\n<blockquote class=\"wp-block-quote is-style-large is-layout-flow wp-block-quote-is-layout-flow\"><p>Niew\u0105tpliwie Rada Doskona\u0142o\u015bci Naukowej podziela opini\u0119 Akademii M\u0142odych Uczonych, \u017ce w ramach post\u0119powa\u0144 o awans naukowy, kt\u00f3re stanowi\u0105 szczeg\u00f3lnego rodzaju post\u0119powania administracyjne, koniecznym jest podejmowanie inicjatywy na rzecz zwi\u0119kszania ich transparentno\u015bci i jako\u015bci.<\/p><p><\/p><cite>RDN, DRKNK.434.5.2022, Warszawa, dnia 17 sierpnia 2022 r.<\/cite><\/blockquote>\n\n\n<p><iframe style=\"width: 600px;height: 600px; max-width:100%; display: inline-block\" src=\"https:\/\/amu.pan.pl\/wp-content\/plugins\/embedpress\/assets\/pdf\/web\/viewer.html?file=https:\/\/amu.pan.pl\/wp-content\/uploads\/2022\/08\/Odpowiedz-RDN-na-stanowisko-AMU.pdf\" frameborder=\"0\"><\/iframe><\/p>\n<p>Powered By EmbedPress<\/p>","protected":false},"excerpt":{"rendered":"<p>Rada Doskona\u0142o\u015bci Naukowej zapozna\u0142a si\u0119 ze stanowiskiem Akademii M\u0142odych Uczonych w sprawie procedury dotycz\u0105cej nadawania stopnia doktora habilitowanego. Z pe\u0142n\u0105 tre\u015bci\u0105 odpowiedzi mo\u017cna zapozna\u0107 si\u0119 poni\u017cej. Niew\u0105tpliwie Rada Doskona\u0142o\u015bci Naukowej podziela opini\u0119 Akademii M\u0142odych Uczonych, \u017ce w ramach post\u0119powa\u0144 o awans naukowy, kt\u00f3re stanowi\u0105 szczeg\u00f3lnego rodzaju post\u0119powania administracyjne, koniecznym jest podejmowanie inicjatywy na rzecz zwi\u0119kszania [&hellip;]<\/p>","protected":false},"author":2,"featured_media":359,"comment_status":"closed","ping_status":"closed","sticky":false,"template":"","format":"standard","meta":{"_monsterinsights_skip_tracking":false,"_monsterinsights_sitenote_active":false,"_monsterinsights_sitenote_note":"","_monsterinsights_sitenote_category":0,"footnotes":""},"categories":[4],"tags":[31],"class_list":["post-4813","post","type-post","status-publish","format-standard","has-post-thumbnail","hentry","category-aktualnosci","tag-sprawy-nauki"],"yoast_head":"<!-- This site is optimized with the Yoast SEO plugin v25.0 - https:\/\/yoast.com\/wordpress\/plugins\/seo\/ -->\n<title>RDN odnios\u0142o si\u0119 do opinii AMU ws. habilitacji - Akademia M\u0142odych Uczonych<\/title>\n<meta name=\"robots\" content=\"index, follow, max-snippet:-1, max-image-preview:large, max-video-preview:-1\" \/>\n<link rel=\"canonical\" href=\"https:\/\/amu.pan.pl\/en\/rdn-odnioslo-sie-do-opinii-amu-ws-habilitacji\/\" \/>\n<meta property=\"og:locale\" content=\"en_GB\" \/>\n<meta property=\"og:type\" content=\"article\" \/>\n<meta property=\"og:title\" content=\"RDN odnios\u0142o si\u0119 do opinii AMU ws. habilitacji - Akademia M\u0142odych Uczonych\" \/>\n<meta property=\"og:description\" content=\"Rada Doskona\u0142o\u015bci Naukowej zapozna\u0142a si\u0119 ze stanowiskiem Akademii M\u0142odych Uczonych w sprawie procedury dotycz\u0105cej nadawania stopnia doktora habilitowanego. Z pe\u0142n\u0105 tre\u015bci\u0105 odpowiedzi mo\u017cna zapozna\u0107 si\u0119 poni\u017cej. Niew\u0105tpliwie Rada Doskona\u0142o\u015bci Naukowej podziela opini\u0119 Akademii M\u0142odych Uczonych, \u017ce w ramach post\u0119powa\u0144 o awans naukowy, kt\u00f3re stanowi\u0105 szczeg\u00f3lnego rodzaju post\u0119powania administracyjne, koniecznym jest podejmowanie inicjatywy na rzecz zwi\u0119kszania [&hellip;]\" \/>\n<meta property=\"og:url\" content=\"https:\/\/amu.pan.pl\/en\/rdn-odnioslo-sie-do-opinii-amu-ws-habilitacji\/\" \/>\n<meta property=\"og:site_name\" content=\"Akademia M\u0142odych Uczonych\" \/>\n<meta property=\"article:publisher\" content=\"https:\/\/www.facebook.com\/AkademiaMlodychUczonych\/\" \/>\n<meta property=\"article:published_time\" content=\"2022-08-31T10:26:42+00:00\" \/>\n<meta property=\"article:modified_time\" content=\"2022-08-31T10:26:44+00:00\" \/>\n<meta property=\"og:image\" content=\"https:\/\/amu.pan.pl\/wp-content\/uploads\/2020\/09\/AMU_logo.png\" \/>\n\t<meta property=\"og:image:width\" content=\"600\" \/>\n\t<meta property=\"og:image:height\" content=\"342\" \/>\n\t<meta property=\"og:image:type\" content=\"image\/png\" \/>\n<meta name=\"author\" content=\"redaktor\" \/>\n<meta name=\"twitter:card\" content=\"summary_large_image\" \/>\n<meta name=\"twitter:creator\" content=\"@AMUPAN1\" \/>\n<meta name=\"twitter:site\" content=\"@AMUPAN1\" \/>\n<meta name=\"twitter:label1\" content=\"Written by\" \/>\n\t<meta name=\"twitter:data1\" content=\"redaktor\" \/>\n\t<meta name=\"twitter:label2\" content=\"Estimated reading time\" \/>\n\t<meta name=\"twitter:data2\" content=\"1 minute\" \/>\n<script type=\"application\/ld+json\" class=\"yoast-schema-graph\">{\"@context\":\"https:\/\/schema.org\",\"@graph\":[{\"@type\":\"Article\",\"@id\":\"https:\/\/amu.pan.pl\/en\/rdn-odnioslo-sie-do-opinii-amu-ws-habilitacji\/#article\",\"isPartOf\":{\"@id\":\"https:\/\/amu.pan.pl\/en\/rdn-odnioslo-sie-do-opinii-amu-ws-habilitacji\/\"},\"author\":{\"name\":\"redaktor\",\"@id\":\"https:\/\/amu.pan.pl\/#\/schema\/person\/6228761cf33db76ffb28beafb9e62758\"},\"headline\":\"RDN odnios\u0142o si\u0119 do opinii AMU ws. habilitacji\",\"datePublished\":\"2022-08-31T10:26:42+00:00\",\"dateModified\":\"2022-08-31T10:26:44+00:00\",\"mainEntityOfPage\":{\"@id\":\"https:\/\/amu.pan.pl\/en\/rdn-odnioslo-sie-do-opinii-amu-ws-habilitacji\/\"},\"wordCount\":97,\"publisher\":{\"@id\":\"https:\/\/amu.pan.pl\/#organization\"},\"image\":{\"@id\":\"https:\/\/amu.pan.pl\/en\/rdn-odnioslo-sie-do-opinii-amu-ws-habilitacji\/#primaryimage\"},\"thumbnailUrl\":\"https:\/\/amu.pan.pl\/wp-content\/uploads\/2020\/09\/AMU_logo.png\",\"keywords\":[\"Sprawy nauki\"],\"articleSection\":[\"Aktualno\u015bci\"],\"inLanguage\":\"en-GB\"},{\"@type\":\"WebPage\",\"@id\":\"https:\/\/amu.pan.pl\/en\/rdn-odnioslo-sie-do-opinii-amu-ws-habilitacji\/\",\"url\":\"https:\/\/amu.pan.pl\/en\/rdn-odnioslo-sie-do-opinii-amu-ws-habilitacji\/\",\"name\":\"RDN odnios\u0142o si\u0119 do opinii AMU ws. habilitacji - Akademia M\u0142odych Uczonych\",\"isPartOf\":{\"@id\":\"https:\/\/amu.pan.pl\/#website\"},\"primaryImageOfPage\":{\"@id\":\"https:\/\/amu.pan.pl\/en\/rdn-odnioslo-sie-do-opinii-amu-ws-habilitacji\/#primaryimage\"},\"image\":{\"@id\":\"https:\/\/amu.pan.pl\/en\/rdn-odnioslo-sie-do-opinii-amu-ws-habilitacji\/#primaryimage\"},\"thumbnailUrl\":\"https:\/\/amu.pan.pl\/wp-content\/uploads\/2020\/09\/AMU_logo.png\",\"datePublished\":\"2022-08-31T10:26:42+00:00\",\"dateModified\":\"2022-08-31T10:26:44+00:00\",\"breadcrumb\":{\"@id\":\"https:\/\/amu.pan.pl\/en\/rdn-odnioslo-sie-do-opinii-amu-ws-habilitacji\/#breadcrumb\"},\"inLanguage\":\"en-GB\",\"potentialAction\":[{\"@type\":\"ReadAction\",\"target\":[\"https:\/\/amu.pan.pl\/en\/rdn-odnioslo-sie-do-opinii-amu-ws-habilitacji\/\"]}]},{\"@type\":\"ImageObject\",\"inLanguage\":\"en-GB\",\"@id\":\"https:\/\/amu.pan.pl\/en\/rdn-odnioslo-sie-do-opinii-amu-ws-habilitacji\/#primaryimage\",\"url\":\"https:\/\/amu.pan.pl\/wp-content\/uploads\/2020\/09\/AMU_logo.png\",\"contentUrl\":\"https:\/\/amu.pan.pl\/wp-content\/uploads\/2020\/09\/AMU_logo.png\",\"width\":600,\"height\":342,\"caption\":\"AMU logo\"},{\"@type\":\"BreadcrumbList\",\"@id\":\"https:\/\/amu.pan.pl\/en\/rdn-odnioslo-sie-do-opinii-amu-ws-habilitacji\/#breadcrumb\",\"itemListElement\":[{\"@type\":\"ListItem\",\"position\":1,\"name\":\"Strona g\u0142\u00f3wna\",\"item\":\"https:\/\/amu.pan.pl\/\"},{\"@type\":\"ListItem\",\"position\":2,\"name\":\"RDN odnios\u0142o si\u0119 do opinii AMU ws. habilitacji\"}]},{\"@type\":\"WebSite\",\"@id\":\"https:\/\/amu.pan.pl\/#website\",\"url\":\"https:\/\/amu.pan.pl\/\",\"name\":\"Akademia M\u0142odych Uczonych\",\"description\":\"Polska Akademia Nauk\",\"publisher\":{\"@id\":\"https:\/\/amu.pan.pl\/#organization\"},\"potentialAction\":[{\"@type\":\"SearchAction\",\"target\":{\"@type\":\"EntryPoint\",\"urlTemplate\":\"https:\/\/amu.pan.pl\/?s={search_term_string}\"},\"query-input\":{\"@type\":\"PropertyValueSpecification\",\"valueRequired\":true,\"valueName\":\"search_term_string\"}}],\"inLanguage\":\"en-GB\"},{\"@type\":\"Organization\",\"@id\":\"https:\/\/amu.pan.pl\/#organization\",\"name\":\"Akademia M\u0142odych Uczonych\",\"url\":\"https:\/\/amu.pan.pl\/\",\"logo\":{\"@type\":\"ImageObject\",\"inLanguage\":\"en-GB\",\"@id\":\"https:\/\/amu.pan.pl\/#\/schema\/logo\/image\/\",\"url\":\"https:\/\/amu.pan.pl\/wp-content\/uploads\/2020\/08\/zz_amu.png\",\"contentUrl\":\"https:\/\/amu.pan.pl\/wp-content\/uploads\/2020\/08\/zz_amu.png\",\"width\":2794,\"height\":1016,\"caption\":\"Akademia M\u0142odych Uczonych\"},\"image\":{\"@id\":\"https:\/\/amu.pan.pl\/#\/schema\/logo\/image\/\"},\"sameAs\":[\"https:\/\/www.facebook.com\/AkademiaMlodychUczonych\/\",\"https:\/\/x.com\/AMUPAN1\"]},{\"@type\":\"Person\",\"@id\":\"https:\/\/amu.pan.pl\/#\/schema\/person\/6228761cf33db76ffb28beafb9e62758\",\"name\":\"redaktor\",\"image\":{\"@type\":\"ImageObject\",\"inLanguage\":\"en-GB\",\"@id\":\"https:\/\/amu.pan.pl\/#\/schema\/person\/image\/\",\"url\":\"https:\/\/secure.gravatar.com\/avatar\/a0599af3d5c48d4131a3e882d6a2cedfdbc82b886c803755075873f68351b8b5?s=96&d=mm&r=g\",\"contentUrl\":\"https:\/\/secure.gravatar.com\/avatar\/a0599af3d5c48d4131a3e882d6a2cedfdbc82b886c803755075873f68351b8b5?s=96&d=mm&r=g\",\"caption\":\"redaktor\"},\"url\":\"https:\/\/amu.pan.pl\/en\/author\/redaktor\/\"}]}<\/script>\n<!-- \/ Yoast SEO plugin. -->","yoast_head_json":{"title":"RDN odnios\u0142o si\u0119 do opinii AMU ws. habilitacji - Akademia M\u0142odych Uczonych","robots":{"index":"index","follow":"follow","max-snippet":"max-snippet:-1","max-image-preview":"max-image-preview:large","max-video-preview":"max-video-preview:-1"},"canonical":"https:\/\/amu.pan.pl\/en\/rdn-odnioslo-sie-do-opinii-amu-ws-habilitacji\/","og_locale":"en_GB","og_type":"article","og_title":"RDN odnios\u0142o si\u0119 do opinii AMU ws. habilitacji - Akademia M\u0142odych Uczonych","og_description":"Rada Doskona\u0142o\u015bci Naukowej zapozna\u0142a si\u0119 ze stanowiskiem Akademii M\u0142odych Uczonych w sprawie procedury dotycz\u0105cej nadawania stopnia doktora habilitowanego. Z pe\u0142n\u0105 tre\u015bci\u0105 odpowiedzi mo\u017cna zapozna\u0107 si\u0119 poni\u017cej. Niew\u0105tpliwie Rada Doskona\u0142o\u015bci Naukowej podziela opini\u0119 Akademii M\u0142odych Uczonych, \u017ce w ramach post\u0119powa\u0144 o awans naukowy, kt\u00f3re stanowi\u0105 szczeg\u00f3lnego rodzaju post\u0119powania administracyjne, koniecznym jest podejmowanie inicjatywy na rzecz zwi\u0119kszania [&hellip;]","og_url":"https:\/\/amu.pan.pl\/en\/rdn-odnioslo-sie-do-opinii-amu-ws-habilitacji\/","og_site_name":"Akademia M\u0142odych Uczonych","article_publisher":"https:\/\/www.facebook.com\/AkademiaMlodychUczonych\/","article_published_time":"2022-08-31T10:26:42+00:00","article_modified_time":"2022-08-31T10:26:44+00:00","og_image":[{"width":600,"height":342,"url":"https:\/\/amu.pan.pl\/wp-content\/uploads\/2020\/09\/AMU_logo.png","type":"image\/png"}],"author":"redaktor","twitter_card":"summary_large_image","twitter_creator":"@AMUPAN1","twitter_site":"@AMUPAN1","twitter_misc":{"Written by":"redaktor","Estimated reading time":"1 minute"},"schema":{"@context":"https:\/\/schema.org","@graph":[{"@type":"Article","@id":"https:\/\/amu.pan.pl\/en\/rdn-odnioslo-sie-do-opinii-amu-ws-habilitacji\/#article","isPartOf":{"@id":"https:\/\/amu.pan.pl\/en\/rdn-odnioslo-sie-do-opinii-amu-ws-habilitacji\/"},"author":{"name":"redaktor","@id":"https:\/\/amu.pan.pl\/#\/schema\/person\/6228761cf33db76ffb28beafb9e62758"},"headline":"RDN odnios\u0142o si\u0119 do opinii AMU ws. habilitacji","datePublished":"2022-08-31T10:26:42+00:00","dateModified":"2022-08-31T10:26:44+00:00","mainEntityOfPage":{"@id":"https:\/\/amu.pan.pl\/en\/rdn-odnioslo-sie-do-opinii-amu-ws-habilitacji\/"},"wordCount":97,"publisher":{"@id":"https:\/\/amu.pan.pl\/#organization"},"image":{"@id":"https:\/\/amu.pan.pl\/en\/rdn-odnioslo-sie-do-opinii-amu-ws-habilitacji\/#primaryimage"},"thumbnailUrl":"https:\/\/amu.pan.pl\/wp-content\/uploads\/2020\/09\/AMU_logo.png","keywords":["Sprawy nauki"],"articleSection":["Aktualno\u015bci"],"inLanguage":"en-GB"},{"@type":"WebPage","@id":"https:\/\/amu.pan.pl\/en\/rdn-odnioslo-sie-do-opinii-amu-ws-habilitacji\/","url":"https:\/\/amu.pan.pl\/en\/rdn-odnioslo-sie-do-opinii-amu-ws-habilitacji\/","name":"RDN odnios\u0142o si\u0119 do opinii AMU ws. habilitacji - Akademia M\u0142odych Uczonych","isPartOf":{"@id":"https:\/\/amu.pan.pl\/#website"},"primaryImageOfPage":{"@id":"https:\/\/amu.pan.pl\/en\/rdn-odnioslo-sie-do-opinii-amu-ws-habilitacji\/#primaryimage"},"image":{"@id":"https:\/\/amu.pan.pl\/en\/rdn-odnioslo-sie-do-opinii-amu-ws-habilitacji\/#primaryimage"},"thumbnailUrl":"https:\/\/amu.pan.pl\/wp-content\/uploads\/2020\/09\/AMU_logo.png","datePublished":"2022-08-31T10:26:42+00:00","dateModified":"2022-08-31T10:26:44+00:00","breadcrumb":{"@id":"https:\/\/amu.pan.pl\/en\/rdn-odnioslo-sie-do-opinii-amu-ws-habilitacji\/#breadcrumb"},"inLanguage":"en-GB","potentialAction":[{"@type":"ReadAction","target":["https:\/\/amu.pan.pl\/en\/rdn-odnioslo-sie-do-opinii-amu-ws-habilitacji\/"]}]},{"@type":"ImageObject","inLanguage":"en-GB","@id":"https:\/\/amu.pan.pl\/en\/rdn-odnioslo-sie-do-opinii-amu-ws-habilitacji\/#primaryimage","url":"https:\/\/amu.pan.pl\/wp-content\/uploads\/2020\/09\/AMU_logo.png","contentUrl":"https:\/\/amu.pan.pl\/wp-content\/uploads\/2020\/09\/AMU_logo.png","width":600,"height":342,"caption":"AMU logo"},{"@type":"BreadcrumbList","@id":"https:\/\/amu.pan.pl\/en\/rdn-odnioslo-sie-do-opinii-amu-ws-habilitacji\/#breadcrumb","itemListElement":[{"@type":"ListItem","position":1,"name":"Strona g\u0142\u00f3wna","item":"https:\/\/amu.pan.pl\/"},{"@type":"ListItem","position":2,"name":"RDN odnios\u0142o si\u0119 do opinii AMU ws. habilitacji"}]},{"@type":"WebSite","@id":"https:\/\/amu.pan.pl\/#website","url":"https:\/\/amu.pan.pl\/","name":"Akademia M\u0142odych Uczonych","description":"Polska Akademia Nauk","publisher":{"@id":"https:\/\/amu.pan.pl\/#organization"},"potentialAction":[{"@type":"SearchAction","target":{"@type":"EntryPoint","urlTemplate":"https:\/\/amu.pan.pl\/?s={search_term_string}"},"query-input":{"@type":"PropertyValueSpecification","valueRequired":true,"valueName":"search_term_string"}}],"inLanguage":"en-GB"},{"@type":"Organization","@id":"https:\/\/amu.pan.pl\/#organization","name":"Akademia M\u0142odych Uczonych","url":"https:\/\/amu.pan.pl\/","logo":{"@type":"ImageObject","inLanguage":"en-GB","@id":"https:\/\/amu.pan.pl\/#\/schema\/logo\/image\/","url":"https:\/\/amu.pan.pl\/wp-content\/uploads\/2020\/08\/zz_amu.png","contentUrl":"https:\/\/amu.pan.pl\/wp-content\/uploads\/2020\/08\/zz_amu.png","width":2794,"height":1016,"caption":"Akademia M\u0142odych Uczonych"},"image":{"@id":"https:\/\/amu.pan.pl\/#\/schema\/logo\/image\/"},"sameAs":["https:\/\/www.facebook.com\/AkademiaMlodychUczonych\/","https:\/\/x.com\/AMUPAN1"]},{"@type":"Person","@id":"https:\/\/amu.pan.pl\/#\/schema\/person\/6228761cf33db76ffb28beafb9e62758","name":"redaktor","image":{"@type":"ImageObject","inLanguage":"en-GB","@id":"https:\/\/amu.pan.pl\/#\/schema\/person\/image\/","url":"https:\/\/secure.gravatar.com\/avatar\/a0599af3d5c48d4131a3e882d6a2cedfdbc82b886c803755075873f68351b8b5?s=96&d=mm&r=g","contentUrl":"https:\/\/secure.gravatar.com\/avatar\/a0599af3d5c48d4131a3e882d6a2cedfdbc82b886c803755075873f68351b8b5?s=96&d=mm&r=g","caption":"redaktor"},"url":"https:\/\/amu.pan.pl\/en\/author\/redaktor\/"}]}},"_links":{"self":[{"href":"https:\/\/amu.pan.pl\/en\/wp-json\/wp\/v2\/posts\/4813","targetHints":{"allow":["GET"]}}],"collection":[{"href":"https:\/\/amu.pan.pl\/en\/wp-json\/wp\/v2\/posts"}],"about":[{"href":"https:\/\/amu.pan.pl\/en\/wp-json\/wp\/v2\/types\/post"}],"author":[{"embeddable":true,"href":"https:\/\/amu.pan.pl\/en\/wp-json\/wp\/v2\/users\/2"}],"replies":[{"embeddable":true,"href":"https:\/\/amu.pan.pl\/en\/wp-json\/wp\/v2\/comments?post=4813"}],"version-history":[{"count":10,"href":"https:\/\/amu.pan.pl\/en\/wp-json\/wp\/v2\/posts\/4813\/revisions"}],"predecessor-version":[{"id":4824,"href":"https:\/\/amu.pan.pl\/en\/wp-json\/wp\/v2\/posts\/4813\/revisions\/4824"}],"wp:featuredmedia":[{"embeddable":true,"href":"https:\/\/amu.pan.pl\/en\/wp-json\/wp\/v2\/media\/359"}],"wp:attachment":[{"href":"https:\/\/amu.pan.pl\/en\/wp-json\/wp\/v2\/media?parent=4813"}],"wp:term":[{"taxonomy":"category","embeddable":true,"href":"https:\/\/amu.pan.pl\/en\/wp-json\/wp\/v2\/categories?post=4813"},{"taxonomy":"post_tag","embeddable":true,"href":"https:\/\/amu.pan.pl\/en\/wp-json\/wp\/v2\/tags?post=4813"}],"curies":[{"name":"wp","href":"https:\/\/api.w.org\/{rel}","templated":true}]}}