{"id":4865,"date":"2022-10-31T14:04:00","date_gmt":"2022-10-31T13:04:00","guid":{"rendered":"https:\/\/amu.pan.pl\/?p=4865"},"modified":"2022-12-24T14:06:04","modified_gmt":"2022-12-24T13:06:04","slug":"amu-apeluje-o-zmiany-w-regulach-przyznawania-stypendium-ministra-dla-wybitnych-mlodych-naukowcow","status":"publish","type":"post","link":"https:\/\/amu.pan.pl\/en\/amu-apeluje-o-zmiany-w-regulach-przyznawania-stypendium-ministra-dla-wybitnych-mlodych-naukowcow\/","title":{"rendered":"AMU apeluje o zmiany w regu\u0142ach przyznawania stypendium Ministra dla wybitnych m\u0142odych naukowc\u00f3w"},"content":{"rendered":"<p>Akademia M\u0142odych Uczonych PAN po raz kolejny zwraca uwag\u0119 na potrzeb\u0119 zmian w regu\u0142ach przyznawania stypendium ministra dla wybitnych m\u0142odych naukowc\u00f3w.<\/p>\n\n\n\n<!--more-->\n\n\n\n<p><\/p>\n\n\n\n<p><\/p>\n\n\n\n<h2 class=\"wp-block-heading\">Z opinii<\/h2>\n\n\n\n<figure class=\"wp-block-pullquote\"><blockquote><p>Stoimy na stanowisku, \u017ce o ostatecznej ocenie, czy m\u0142ody naukowiec jest wybitny, powinno decydowa\u0107 grono ekspert\u00f3w o uznanej renomie w \u015brodowisku naukowym.<\/p><cite>  <strong>Opinia AMU ws. Stypendium Ministra dla Wybitnych M\u0142odych Naukowc\u00f3w<\/strong><\/cite><\/blockquote><\/figure>\n\n\n\n<figure class=\"wp-block-pullquote\"><blockquote><p>AMU sugeruje zmian\u0119 regu\u0142 przyznawania punkt\u00f3w za publikacje tak, aby osoby pracuj\u0105ce w zespo\u0142ach mia\u0142y mo\u017cliwo\u015b\u0107 bardziej uczciwego konkurowania z naukowcami pracuj\u0105cymi samodzielnie.<\/p><cite>  <strong>Opinia AMU ws. Stypendium Ministra dla Wybitnych M\u0142odych Naukowc\u00f3w<\/strong><\/cite><\/blockquote><\/figure>\n\n\n\n<figure class=\"wp-block-pullquote\"><blockquote><p>Zdaniem AMU, aby proces oceny wniosk\u00f3w by\u0142 przejrzysty, wytyczne stosowane przy ocenie wniosk\u00f3w powinny by\u0107 upublicznione najp\u00f3\u017aniej w chwili og\u0142oszenia konkursu o stypendium.<\/p><cite>  <strong>Opinia AMU ws. Stypendium Ministra dla Wybitnych M\u0142odych Naukowc\u00f3w<\/strong><\/cite><\/blockquote><\/figure>\n\n\n\n<div style=\"height:100px\" aria-hidden=\"true\" class=\"wp-block-spacer\"><\/div>\n\n\n\n<h2 class=\"wp-block-heading\">Tekst opinii<\/h2>\n\n\n\n<div data-wp-interactive=\"core\/file\" class=\"wp-block-file\"><object data-wp-bind--hidden=\"!state.hasPdfPreview\" hidden class=\"wp-block-file__embed\" data=\"https:\/\/amu.pan.pl\/wp-content\/uploads\/2022\/12\/2022_10_Opinia-AMU-ws-Stypendium-Ministra-dla-Wybitnych-Mlodych-Naukowcow.pdf\" type=\"application\/pdf\" style=\"width:100%;height:600px\" aria-label=\"Embed of Osadzone z 2022_10_Opinia AMU ws Stypendium Ministra dla Wybitnych M\u0142odych Naukowc\u00f3w..\"><\/object><a href=\"https:\/\/amu.pan.pl\/wp-content\/uploads\/2022\/12\/2022_10_Opinia-AMU-ws-Stypendium-Ministra-dla-Wybitnych-Mlodych-Naukowcow.pdf\">2022_10_Opinia AMU ws Stypendium Ministra dla Wybitnych M\u0142odych Naukowc\u00f3w<\/a><a href=\"https:\/\/amu.pan.pl\/wp-content\/uploads\/2022\/12\/2022_10_Opinia-AMU-ws-Stypendium-Ministra-dla-Wybitnych-Mlodych-Naukowcow.pdf\" class=\"wp-block-file__button\" download>Pobierz<\/a><\/div>\n\n\n\n<div style=\"height:100px\" aria-hidden=\"true\" class=\"wp-block-spacer\"><\/div>\n\n\n\n<p><\/p>","protected":false},"excerpt":{"rendered":"<p>Akademia M\u0142odych Uczonych PAN po raz kolejny zwraca uwag\u0119 na potrzeb\u0119 zmian w regu\u0142ach przyznawania stypendium ministra dla wybitnych m\u0142odych naukowc\u00f3w.<\/p>","protected":false},"author":2,"featured_media":359,"comment_status":"closed","ping_status":"closed","sticky":false,"template":"","format":"standard","meta":{"_monsterinsights_skip_tracking":false,"_monsterinsights_sitenote_active":false,"_monsterinsights_sitenote_note":"","_monsterinsights_sitenote_category":0,"footnotes":""},"categories":[4,8],"tags":[31],"class_list":["post-4865","post","type-post","status-publish","format-standard","has-post-thumbnail","hentry","category-aktualnosci","category-opinie-amu","tag-sprawy-nauki"],"yoast_head":"<!-- This site is optimized with the Yoast SEO plugin v25.0 - https:\/\/yoast.com\/wordpress\/plugins\/seo\/ -->\n<title>AMU apeluje o zmiany w regu\u0142ach przyznawania stypendium Ministra dla wybitnych m\u0142odych naukowc\u00f3w - Akademia M\u0142odych Uczonych<\/title>\n<meta name=\"description\" content=\"Akademia M\u0142odych Uczonych PAN po raz kolejny zwraca uwag\u0119 na potrzeb\u0119 zmian w regu\u0142ach przyznawania stypendium ministra dla wybitnych m\u0142odych naukowc\u00f3w.\" \/>\n<meta name=\"robots\" content=\"index, follow, max-snippet:-1, max-image-preview:large, max-video-preview:-1\" \/>\n<link rel=\"canonical\" href=\"https:\/\/amu.pan.pl\/en\/amu-apeluje-o-zmiany-w-regulach-przyznawania-stypendium-ministra-dla-wybitnych-mlodych-naukowcow\/\" \/>\n<meta property=\"og:locale\" content=\"en_GB\" \/>\n<meta property=\"og:type\" content=\"article\" \/>\n<meta property=\"og:title\" content=\"AMU apeluje o zmiany w regu\u0142ach przyznawania stypendium Ministra dla wybitnych m\u0142odych naukowc\u00f3w - Akademia M\u0142odych Uczonych\" \/>\n<meta property=\"og:description\" content=\"Akademia M\u0142odych Uczonych PAN po raz kolejny zwraca uwag\u0119 na potrzeb\u0119 zmian w regu\u0142ach przyznawania stypendium ministra dla wybitnych m\u0142odych naukowc\u00f3w.\" \/>\n<meta property=\"og:url\" content=\"https:\/\/amu.pan.pl\/en\/amu-apeluje-o-zmiany-w-regulach-przyznawania-stypendium-ministra-dla-wybitnych-mlodych-naukowcow\/\" \/>\n<meta property=\"og:site_name\" content=\"Akademia M\u0142odych Uczonych\" \/>\n<meta property=\"article:publisher\" content=\"https:\/\/www.facebook.com\/AkademiaMlodychUczonych\/\" \/>\n<meta property=\"article:published_time\" content=\"2022-10-31T13:04:00+00:00\" \/>\n<meta property=\"article:modified_time\" content=\"2022-12-24T13:06:04+00:00\" \/>\n<meta property=\"og:image\" content=\"https:\/\/amu.pan.pl\/wp-content\/uploads\/2020\/09\/AMU_logo.png\" \/>\n\t<meta property=\"og:image:width\" content=\"600\" \/>\n\t<meta property=\"og:image:height\" content=\"342\" \/>\n\t<meta property=\"og:image:type\" content=\"image\/png\" \/>\n<meta name=\"author\" content=\"redaktor\" \/>\n<meta name=\"twitter:card\" content=\"summary_large_image\" \/>\n<meta name=\"twitter:creator\" content=\"@AMUPAN1\" \/>\n<meta name=\"twitter:site\" content=\"@AMUPAN1\" \/>\n<meta name=\"twitter:label1\" content=\"Written by\" \/>\n\t<meta name=\"twitter:data1\" content=\"redaktor\" \/>\n\t<meta name=\"twitter:label2\" content=\"Estimated reading time\" \/>\n\t<meta name=\"twitter:data2\" content=\"1 minute\" \/>\n<script type=\"application\/ld+json\" class=\"yoast-schema-graph\">{\"@context\":\"https:\/\/schema.org\",\"@graph\":[{\"@type\":\"Article\",\"@id\":\"https:\/\/amu.pan.pl\/en\/amu-apeluje-o-zmiany-w-regulach-przyznawania-stypendium-ministra-dla-wybitnych-mlodych-naukowcow\/#article\",\"isPartOf\":{\"@id\":\"https:\/\/amu.pan.pl\/en\/amu-apeluje-o-zmiany-w-regulach-przyznawania-stypendium-ministra-dla-wybitnych-mlodych-naukowcow\/\"},\"author\":{\"name\":\"redaktor\",\"@id\":\"https:\/\/amu.pan.pl\/#\/schema\/person\/6228761cf33db76ffb28beafb9e62758\"},\"headline\":\"AMU apeluje o zmiany w regu\u0142ach przyznawania stypendium Ministra dla wybitnych m\u0142odych naukowc\u00f3w\",\"datePublished\":\"2022-10-31T13:04:00+00:00\",\"dateModified\":\"2022-12-24T13:06:04+00:00\",\"mainEntityOfPage\":{\"@id\":\"https:\/\/amu.pan.pl\/en\/amu-apeluje-o-zmiany-w-regulach-przyznawania-stypendium-ministra-dla-wybitnych-mlodych-naukowcow\/\"},\"wordCount\":170,\"publisher\":{\"@id\":\"https:\/\/amu.pan.pl\/#organization\"},\"image\":{\"@id\":\"https:\/\/amu.pan.pl\/en\/amu-apeluje-o-zmiany-w-regulach-przyznawania-stypendium-ministra-dla-wybitnych-mlodych-naukowcow\/#primaryimage\"},\"thumbnailUrl\":\"https:\/\/amu.pan.pl\/wp-content\/uploads\/2020\/09\/AMU_logo.png\",\"keywords\":[\"Sprawy nauki\"],\"articleSection\":[\"Aktualno\u015bci\",\"Opinie AMU\"],\"inLanguage\":\"en-GB\"},{\"@type\":\"WebPage\",\"@id\":\"https:\/\/amu.pan.pl\/en\/amu-apeluje-o-zmiany-w-regulach-przyznawania-stypendium-ministra-dla-wybitnych-mlodych-naukowcow\/\",\"url\":\"https:\/\/amu.pan.pl\/en\/amu-apeluje-o-zmiany-w-regulach-przyznawania-stypendium-ministra-dla-wybitnych-mlodych-naukowcow\/\",\"name\":\"AMU apeluje o zmiany w regu\u0142ach przyznawania stypendium Ministra dla wybitnych m\u0142odych naukowc\u00f3w - Akademia M\u0142odych Uczonych\",\"isPartOf\":{\"@id\":\"https:\/\/amu.pan.pl\/#website\"},\"primaryImageOfPage\":{\"@id\":\"https:\/\/amu.pan.pl\/en\/amu-apeluje-o-zmiany-w-regulach-przyznawania-stypendium-ministra-dla-wybitnych-mlodych-naukowcow\/#primaryimage\"},\"image\":{\"@id\":\"https:\/\/amu.pan.pl\/en\/amu-apeluje-o-zmiany-w-regulach-przyznawania-stypendium-ministra-dla-wybitnych-mlodych-naukowcow\/#primaryimage\"},\"thumbnailUrl\":\"https:\/\/amu.pan.pl\/wp-content\/uploads\/2020\/09\/AMU_logo.png\",\"datePublished\":\"2022-10-31T13:04:00+00:00\",\"dateModified\":\"2022-12-24T13:06:04+00:00\",\"description\":\"Akademia M\u0142odych Uczonych PAN po raz kolejny zwraca uwag\u0119 na potrzeb\u0119 zmian w regu\u0142ach przyznawania stypendium ministra dla wybitnych m\u0142odych naukowc\u00f3w.\",\"breadcrumb\":{\"@id\":\"https:\/\/amu.pan.pl\/en\/amu-apeluje-o-zmiany-w-regulach-przyznawania-stypendium-ministra-dla-wybitnych-mlodych-naukowcow\/#breadcrumb\"},\"inLanguage\":\"en-GB\",\"potentialAction\":[{\"@type\":\"ReadAction\",\"target\":[\"https:\/\/amu.pan.pl\/en\/amu-apeluje-o-zmiany-w-regulach-przyznawania-stypendium-ministra-dla-wybitnych-mlodych-naukowcow\/\"]}]},{\"@type\":\"ImageObject\",\"inLanguage\":\"en-GB\",\"@id\":\"https:\/\/amu.pan.pl\/en\/amu-apeluje-o-zmiany-w-regulach-przyznawania-stypendium-ministra-dla-wybitnych-mlodych-naukowcow\/#primaryimage\",\"url\":\"https:\/\/amu.pan.pl\/wp-content\/uploads\/2020\/09\/AMU_logo.png\",\"contentUrl\":\"https:\/\/amu.pan.pl\/wp-content\/uploads\/2020\/09\/AMU_logo.png\",\"width\":600,\"height\":342,\"caption\":\"AMU logo\"},{\"@type\":\"BreadcrumbList\",\"@id\":\"https:\/\/amu.pan.pl\/en\/amu-apeluje-o-zmiany-w-regulach-przyznawania-stypendium-ministra-dla-wybitnych-mlodych-naukowcow\/#breadcrumb\",\"itemListElement\":[{\"@type\":\"ListItem\",\"position\":1,\"name\":\"Strona g\u0142\u00f3wna\",\"item\":\"https:\/\/amu.pan.pl\/\"},{\"@type\":\"ListItem\",\"position\":2,\"name\":\"AMU apeluje o zmiany w regu\u0142ach przyznawania stypendium Ministra dla wybitnych m\u0142odych naukowc\u00f3w\"}]},{\"@type\":\"WebSite\",\"@id\":\"https:\/\/amu.pan.pl\/#website\",\"url\":\"https:\/\/amu.pan.pl\/\",\"name\":\"Akademia M\u0142odych Uczonych\",\"description\":\"Polska Akademia Nauk\",\"publisher\":{\"@id\":\"https:\/\/amu.pan.pl\/#organization\"},\"potentialAction\":[{\"@type\":\"SearchAction\",\"target\":{\"@type\":\"EntryPoint\",\"urlTemplate\":\"https:\/\/amu.pan.pl\/?s={search_term_string}\"},\"query-input\":{\"@type\":\"PropertyValueSpecification\",\"valueRequired\":true,\"valueName\":\"search_term_string\"}}],\"inLanguage\":\"en-GB\"},{\"@type\":\"Organization\",\"@id\":\"https:\/\/amu.pan.pl\/#organization\",\"name\":\"Akademia M\u0142odych Uczonych\",\"url\":\"https:\/\/amu.pan.pl\/\",\"logo\":{\"@type\":\"ImageObject\",\"inLanguage\":\"en-GB\",\"@id\":\"https:\/\/amu.pan.pl\/#\/schema\/logo\/image\/\",\"url\":\"https:\/\/amu.pan.pl\/wp-content\/uploads\/2020\/08\/zz_amu.png\",\"contentUrl\":\"https:\/\/amu.pan.pl\/wp-content\/uploads\/2020\/08\/zz_amu.png\",\"width\":2794,\"height\":1016,\"caption\":\"Akademia M\u0142odych Uczonych\"},\"image\":{\"@id\":\"https:\/\/amu.pan.pl\/#\/schema\/logo\/image\/\"},\"sameAs\":[\"https:\/\/www.facebook.com\/AkademiaMlodychUczonych\/\",\"https:\/\/x.com\/AMUPAN1\"]},{\"@type\":\"Person\",\"@id\":\"https:\/\/amu.pan.pl\/#\/schema\/person\/6228761cf33db76ffb28beafb9e62758\",\"name\":\"redaktor\",\"image\":{\"@type\":\"ImageObject\",\"inLanguage\":\"en-GB\",\"@id\":\"https:\/\/amu.pan.pl\/#\/schema\/person\/image\/\",\"url\":\"https:\/\/secure.gravatar.com\/avatar\/a0599af3d5c48d4131a3e882d6a2cedfdbc82b886c803755075873f68351b8b5?s=96&d=mm&r=g\",\"contentUrl\":\"https:\/\/secure.gravatar.com\/avatar\/a0599af3d5c48d4131a3e882d6a2cedfdbc82b886c803755075873f68351b8b5?s=96&d=mm&r=g\",\"caption\":\"redaktor\"},\"url\":\"https:\/\/amu.pan.pl\/en\/author\/redaktor\/\"}]}<\/script>\n<!-- \/ Yoast SEO plugin. -->","yoast_head_json":{"title":"AMU apeluje o zmiany w regu\u0142ach przyznawania stypendium Ministra dla wybitnych m\u0142odych naukowc\u00f3w - Akademia M\u0142odych Uczonych","description":"Akademia M\u0142odych Uczonych PAN po raz kolejny zwraca uwag\u0119 na potrzeb\u0119 zmian w regu\u0142ach przyznawania stypendium ministra dla wybitnych m\u0142odych naukowc\u00f3w.","robots":{"index":"index","follow":"follow","max-snippet":"max-snippet:-1","max-image-preview":"max-image-preview:large","max-video-preview":"max-video-preview:-1"},"canonical":"https:\/\/amu.pan.pl\/en\/amu-apeluje-o-zmiany-w-regulach-przyznawania-stypendium-ministra-dla-wybitnych-mlodych-naukowcow\/","og_locale":"en_GB","og_type":"article","og_title":"AMU apeluje o zmiany w regu\u0142ach przyznawania stypendium Ministra dla wybitnych m\u0142odych naukowc\u00f3w - Akademia M\u0142odych Uczonych","og_description":"Akademia M\u0142odych Uczonych PAN po raz kolejny zwraca uwag\u0119 na potrzeb\u0119 zmian w regu\u0142ach przyznawania stypendium ministra dla wybitnych m\u0142odych naukowc\u00f3w.","og_url":"https:\/\/amu.pan.pl\/en\/amu-apeluje-o-zmiany-w-regulach-przyznawania-stypendium-ministra-dla-wybitnych-mlodych-naukowcow\/","og_site_name":"Akademia M\u0142odych Uczonych","article_publisher":"https:\/\/www.facebook.com\/AkademiaMlodychUczonych\/","article_published_time":"2022-10-31T13:04:00+00:00","article_modified_time":"2022-12-24T13:06:04+00:00","og_image":[{"width":600,"height":342,"url":"https:\/\/amu.pan.pl\/wp-content\/uploads\/2020\/09\/AMU_logo.png","type":"image\/png"}],"author":"redaktor","twitter_card":"summary_large_image","twitter_creator":"@AMUPAN1","twitter_site":"@AMUPAN1","twitter_misc":{"Written by":"redaktor","Estimated reading time":"1 minute"},"schema":{"@context":"https:\/\/schema.org","@graph":[{"@type":"Article","@id":"https:\/\/amu.pan.pl\/en\/amu-apeluje-o-zmiany-w-regulach-przyznawania-stypendium-ministra-dla-wybitnych-mlodych-naukowcow\/#article","isPartOf":{"@id":"https:\/\/amu.pan.pl\/en\/amu-apeluje-o-zmiany-w-regulach-przyznawania-stypendium-ministra-dla-wybitnych-mlodych-naukowcow\/"},"author":{"name":"redaktor","@id":"https:\/\/amu.pan.pl\/#\/schema\/person\/6228761cf33db76ffb28beafb9e62758"},"headline":"AMU apeluje o zmiany w regu\u0142ach przyznawania stypendium Ministra dla wybitnych m\u0142odych naukowc\u00f3w","datePublished":"2022-10-31T13:04:00+00:00","dateModified":"2022-12-24T13:06:04+00:00","mainEntityOfPage":{"@id":"https:\/\/amu.pan.pl\/en\/amu-apeluje-o-zmiany-w-regulach-przyznawania-stypendium-ministra-dla-wybitnych-mlodych-naukowcow\/"},"wordCount":170,"publisher":{"@id":"https:\/\/amu.pan.pl\/#organization"},"image":{"@id":"https:\/\/amu.pan.pl\/en\/amu-apeluje-o-zmiany-w-regulach-przyznawania-stypendium-ministra-dla-wybitnych-mlodych-naukowcow\/#primaryimage"},"thumbnailUrl":"https:\/\/amu.pan.pl\/wp-content\/uploads\/2020\/09\/AMU_logo.png","keywords":["Sprawy nauki"],"articleSection":["Aktualno\u015bci","Opinie AMU"],"inLanguage":"en-GB"},{"@type":"WebPage","@id":"https:\/\/amu.pan.pl\/en\/amu-apeluje-o-zmiany-w-regulach-przyznawania-stypendium-ministra-dla-wybitnych-mlodych-naukowcow\/","url":"https:\/\/amu.pan.pl\/en\/amu-apeluje-o-zmiany-w-regulach-przyznawania-stypendium-ministra-dla-wybitnych-mlodych-naukowcow\/","name":"AMU apeluje o zmiany w regu\u0142ach przyznawania stypendium Ministra dla wybitnych m\u0142odych naukowc\u00f3w - Akademia M\u0142odych Uczonych","isPartOf":{"@id":"https:\/\/amu.pan.pl\/#website"},"primaryImageOfPage":{"@id":"https:\/\/amu.pan.pl\/en\/amu-apeluje-o-zmiany-w-regulach-przyznawania-stypendium-ministra-dla-wybitnych-mlodych-naukowcow\/#primaryimage"},"image":{"@id":"https:\/\/amu.pan.pl\/en\/amu-apeluje-o-zmiany-w-regulach-przyznawania-stypendium-ministra-dla-wybitnych-mlodych-naukowcow\/#primaryimage"},"thumbnailUrl":"https:\/\/amu.pan.pl\/wp-content\/uploads\/2020\/09\/AMU_logo.png","datePublished":"2022-10-31T13:04:00+00:00","dateModified":"2022-12-24T13:06:04+00:00","description":"Akademia M\u0142odych Uczonych PAN po raz kolejny zwraca uwag\u0119 na potrzeb\u0119 zmian w regu\u0142ach przyznawania stypendium ministra dla wybitnych m\u0142odych naukowc\u00f3w.","breadcrumb":{"@id":"https:\/\/amu.pan.pl\/en\/amu-apeluje-o-zmiany-w-regulach-przyznawania-stypendium-ministra-dla-wybitnych-mlodych-naukowcow\/#breadcrumb"},"inLanguage":"en-GB","potentialAction":[{"@type":"ReadAction","target":["https:\/\/amu.pan.pl\/en\/amu-apeluje-o-zmiany-w-regulach-przyznawania-stypendium-ministra-dla-wybitnych-mlodych-naukowcow\/"]}]},{"@type":"ImageObject","inLanguage":"en-GB","@id":"https:\/\/amu.pan.pl\/en\/amu-apeluje-o-zmiany-w-regulach-przyznawania-stypendium-ministra-dla-wybitnych-mlodych-naukowcow\/#primaryimage","url":"https:\/\/amu.pan.pl\/wp-content\/uploads\/2020\/09\/AMU_logo.png","contentUrl":"https:\/\/amu.pan.pl\/wp-content\/uploads\/2020\/09\/AMU_logo.png","width":600,"height":342,"caption":"AMU logo"},{"@type":"BreadcrumbList","@id":"https:\/\/amu.pan.pl\/en\/amu-apeluje-o-zmiany-w-regulach-przyznawania-stypendium-ministra-dla-wybitnych-mlodych-naukowcow\/#breadcrumb","itemListElement":[{"@type":"ListItem","position":1,"name":"Strona g\u0142\u00f3wna","item":"https:\/\/amu.pan.pl\/"},{"@type":"ListItem","position":2,"name":"AMU apeluje o zmiany w regu\u0142ach przyznawania stypendium Ministra dla wybitnych m\u0142odych naukowc\u00f3w"}]},{"@type":"WebSite","@id":"https:\/\/amu.pan.pl\/#website","url":"https:\/\/amu.pan.pl\/","name":"Akademia M\u0142odych Uczonych","description":"Polska Akademia Nauk","publisher":{"@id":"https:\/\/amu.pan.pl\/#organization"},"potentialAction":[{"@type":"SearchAction","target":{"@type":"EntryPoint","urlTemplate":"https:\/\/amu.pan.pl\/?s={search_term_string}"},"query-input":{"@type":"PropertyValueSpecification","valueRequired":true,"valueName":"search_term_string"}}],"inLanguage":"en-GB"},{"@type":"Organization","@id":"https:\/\/amu.pan.pl\/#organization","name":"Akademia M\u0142odych Uczonych","url":"https:\/\/amu.pan.pl\/","logo":{"@type":"ImageObject","inLanguage":"en-GB","@id":"https:\/\/amu.pan.pl\/#\/schema\/logo\/image\/","url":"https:\/\/amu.pan.pl\/wp-content\/uploads\/2020\/08\/zz_amu.png","contentUrl":"https:\/\/amu.pan.pl\/wp-content\/uploads\/2020\/08\/zz_amu.png","width":2794,"height":1016,"caption":"Akademia M\u0142odych Uczonych"},"image":{"@id":"https:\/\/amu.pan.pl\/#\/schema\/logo\/image\/"},"sameAs":["https:\/\/www.facebook.com\/AkademiaMlodychUczonych\/","https:\/\/x.com\/AMUPAN1"]},{"@type":"Person","@id":"https:\/\/amu.pan.pl\/#\/schema\/person\/6228761cf33db76ffb28beafb9e62758","name":"redaktor","image":{"@type":"ImageObject","inLanguage":"en-GB","@id":"https:\/\/amu.pan.pl\/#\/schema\/person\/image\/","url":"https:\/\/secure.gravatar.com\/avatar\/a0599af3d5c48d4131a3e882d6a2cedfdbc82b886c803755075873f68351b8b5?s=96&d=mm&r=g","contentUrl":"https:\/\/secure.gravatar.com\/avatar\/a0599af3d5c48d4131a3e882d6a2cedfdbc82b886c803755075873f68351b8b5?s=96&d=mm&r=g","caption":"redaktor"},"url":"https:\/\/amu.pan.pl\/en\/author\/redaktor\/"}]}},"_links":{"self":[{"href":"https:\/\/amu.pan.pl\/en\/wp-json\/wp\/v2\/posts\/4865","targetHints":{"allow":["GET"]}}],"collection":[{"href":"https:\/\/amu.pan.pl\/en\/wp-json\/wp\/v2\/posts"}],"about":[{"href":"https:\/\/amu.pan.pl\/en\/wp-json\/wp\/v2\/types\/post"}],"author":[{"embeddable":true,"href":"https:\/\/amu.pan.pl\/en\/wp-json\/wp\/v2\/users\/2"}],"replies":[{"embeddable":true,"href":"https:\/\/amu.pan.pl\/en\/wp-json\/wp\/v2\/comments?post=4865"}],"version-history":[{"count":3,"href":"https:\/\/amu.pan.pl\/en\/wp-json\/wp\/v2\/posts\/4865\/revisions"}],"predecessor-version":[{"id":4869,"href":"https:\/\/amu.pan.pl\/en\/wp-json\/wp\/v2\/posts\/4865\/revisions\/4869"}],"wp:featuredmedia":[{"embeddable":true,"href":"https:\/\/amu.pan.pl\/en\/wp-json\/wp\/v2\/media\/359"}],"wp:attachment":[{"href":"https:\/\/amu.pan.pl\/en\/wp-json\/wp\/v2\/media?parent=4865"}],"wp:term":[{"taxonomy":"category","embeddable":true,"href":"https:\/\/amu.pan.pl\/en\/wp-json\/wp\/v2\/categories?post=4865"},{"taxonomy":"post_tag","embeddable":true,"href":"https:\/\/amu.pan.pl\/en\/wp-json\/wp\/v2\/tags?post=4865"}],"curies":[{"name":"wp","href":"https:\/\/api.w.org\/{rel}","templated":true}]}}