{"id":4961,"date":"2023-03-10T21:04:33","date_gmt":"2023-03-10T20:04:33","guid":{"rendered":"https:\/\/amu.pan.pl\/?p=4961"},"modified":"2023-09-21T21:16:12","modified_gmt":"2023-09-21T19:16:12","slug":"udzial-czlonkin-amu-w-spotkaniu-pt-dlaczego-warto-wspierac-kobiety-w-senacie-rp","status":"publish","type":"post","link":"https:\/\/amu.pan.pl\/en\/udzial-czlonkin-amu-w-spotkaniu-pt-dlaczego-warto-wspierac-kobiety-w-senacie-rp\/","title":{"rendered":"Udzia\u0142 cz\u0142onki\u0144 AMU w spotkaniu pt. &#8220;Dlaczego warto wspiera\u0107 Kobiety?&#8221; w Senacie RP"},"content":{"rendered":"<div data-elementor-type=\"wp-post\" data-elementor-id=\"4961\" class=\"elementor elementor-4961\">\n\t\t\t\t\t\t<section class=\"elementor-section elementor-top-section elementor-element elementor-element-240353e9 elementor-section-boxed elementor-section-height-default elementor-section-height-default\" data-id=\"240353e9\" data-element_type=\"section\">\n\t\t\t\t\t\t<div class=\"elementor-container elementor-column-gap-default\">\n\t\t\t\t\t<div class=\"elementor-column elementor-col-100 elementor-top-column elementor-element elementor-element-144263c0\" data-id=\"144263c0\" data-element_type=\"column\">\n\t\t\t<div class=\"elementor-widget-wrap elementor-element-populated\">\n\t\t\t\t\t\t<div class=\"elementor-element elementor-element-1372ec76 elementor-widget elementor-widget-text-editor\" data-id=\"1372ec76\" data-element_type=\"widget\" data-widget_type=\"text-editor.default\">\n\t\t\t\t<div class=\"elementor-widget-container\">\n\t\t\t\t\t\t\t\t\t<p>W dniu 8 marca Akademia M\u0142odych Uczonych, reprezentowana przez Pani\u0105 Prof. Mart\u0119 Gmurek, zast\u0119pczyni przewodnicz\u0105cego <span class=\"il\">AMU<\/span> PAN, Pani\u0105 Prof. Barbar\u0119 Uszczy\u0144sk\u0105-Ratajczak oraz Pani\u0105 Ew\u0119 Gast z biura <span class=\"il\">AMU<\/span> w PAN, uczestniczy\u0142a w spotkaniu pt. &#8220;Dlaczego warto wspiera\u0107 Kobiety?&#8221;, kt\u00f3re odby\u0142o si\u0119 w Senacie Rzeczypospolitej Polskiej. Spotkanie by\u0142o wynikiem zaproponowanej przez Akademi\u0119 M\u0142odych Uczonych nowej inicjatywy pt. \u201eDoskona\u0142o\u015b\u0107 naukowa nie ma P\u0142ci\u201d, kt\u00f3ra ma na celu promowanie r\u00f3wno\u015bci p\u0142ci w nauce. Zapraszamy do obejrzenia transmisji z debaty &#8220;Dlaczego warto wspiera\u0107 kobiety?&#8221;: <a href=\"https:\/\/www.facebook.com\/MalgosiaNiemczyk\/videos\/221613600377468\/\">https:\/\/www.facebook.com\/MalgosiaNiemczyk\/videos\/221613600377468\/<\/a><\/p>\t\t\t\t\t\t\t\t<\/div>\n\t\t\t\t<\/div>\n\t\t\t\t\t<\/div>\n\t\t<\/div>\n\t\t\t\t\t<\/div>\n\t\t<\/section>\n\t\t\t\t<\/div>","protected":false},"excerpt":{"rendered":"<p>W dniu 8 marca Akademia M\u0142odych Uczonych, reprezentowana przez Pani\u0105 Prof. Mart\u0119 Gmurek, zast\u0119pczyni przewodnicz\u0105cego AMU PAN, Pani\u0105 Prof. Barbar\u0119 Uszczy\u0144sk\u0105-Ratajczak oraz Pani\u0105 Ew\u0119 Gast z biura AMU w PAN, uczestniczy\u0142a w spotkaniu pt. &#8220;Dlaczego warto wspiera\u0107 Kobiety?&#8221;, kt\u00f3re odby\u0142o si\u0119 w Senacie Rzeczypospolitej Polskiej. Spotkanie by\u0142o wynikiem zaproponowanej przez Akademi\u0119 M\u0142odych Uczonych nowej inicjatywy&hellip;&nbsp;<a href=\"https:\/\/amu.pan.pl\/en\/udzial-czlonkin-amu-w-spotkaniu-pt-dlaczego-warto-wspierac-kobiety-w-senacie-rp\/\" rel=\"bookmark\">Read More &raquo;<span class=\"screen-reader-text\">Udzia\u0142 cz\u0142onki\u0144 AMU w spotkaniu pt. &#8220;Dlaczego warto wspiera\u0107 Kobiety?&#8221; w Senacie RP<\/span><\/a><\/p>","protected":false},"author":15,"featured_media":0,"comment_status":"closed","ping_status":"closed","sticky":false,"template":"","format":"standard","meta":{"_monsterinsights_skip_tracking":false,"_monsterinsights_sitenote_active":false,"_monsterinsights_sitenote_note":"","_monsterinsights_sitenote_category":0,"neve_meta_sidebar":"","neve_meta_container":"","neve_meta_enable_content_width":"","neve_meta_content_width":0,"neve_meta_title_alignment":"","neve_meta_author_avatar":"","neve_post_elements_order":"","neve_meta_disable_header":"","neve_meta_disable_footer":"","neve_meta_disable_title":"","footnotes":""},"categories":[4],"tags":[],"class_list":["post-4961","post","type-post","status-publish","format-standard","hentry","category-aktualnosci"],"yoast_head":"<!-- This site is optimized with the Yoast SEO plugin v25.0 - https:\/\/yoast.com\/wordpress\/plugins\/seo\/ -->\n<title>Udzia\u0142 cz\u0142onki\u0144 AMU w spotkaniu pt. &quot;Dlaczego warto wspiera\u0107 Kobiety?&quot; w Senacie RP - Akademia M\u0142odych Uczonych<\/title>\n<meta name=\"description\" content=\"Niezmiernie mi\u0142o nam poinformowa\u0107, \u017ce do Komisji ds. Etyki w Nauce Polskiej Akademii Nauk na kadencj\u0119 2023-2026 zosta\u0142 wybrany by\u0142y cz\u0142onek AMU (kadencja 2016-2021) prof. dr hab. n. med. Wojciech Fendler. Serdecznie gratulujemy!\" \/>\n<meta name=\"robots\" content=\"index, follow, max-snippet:-1, max-image-preview:large, max-video-preview:-1\" \/>\n<link rel=\"canonical\" href=\"https:\/\/amu.pan.pl\/en\/udzial-czlonkin-amu-w-spotkaniu-pt-dlaczego-warto-wspierac-kobiety-w-senacie-rp\/\" \/>\n<meta property=\"og:locale\" content=\"en_GB\" \/>\n<meta property=\"og:type\" content=\"article\" \/>\n<meta property=\"og:title\" content=\"Udzia\u0142 cz\u0142onki\u0144 AMU w spotkaniu pt. &quot;Dlaczego warto wspiera\u0107 Kobiety?&quot; w Senacie RP - Akademia M\u0142odych Uczonych\" \/>\n<meta property=\"og:description\" content=\"Niezmiernie mi\u0142o nam poinformowa\u0107, \u017ce do Komisji ds. Etyki w Nauce Polskiej Akademii Nauk na kadencj\u0119 2023-2026 zosta\u0142 wybrany by\u0142y cz\u0142onek AMU (kadencja 2016-2021) prof. dr hab. n. med. Wojciech Fendler. Serdecznie gratulujemy!\" \/>\n<meta property=\"og:url\" content=\"https:\/\/amu.pan.pl\/en\/udzial-czlonkin-amu-w-spotkaniu-pt-dlaczego-warto-wspierac-kobiety-w-senacie-rp\/\" \/>\n<meta property=\"og:site_name\" content=\"Akademia M\u0142odych Uczonych\" \/>\n<meta property=\"article:publisher\" content=\"https:\/\/www.facebook.com\/AkademiaMlodychUczonych\/\" \/>\n<meta property=\"article:published_time\" content=\"2023-03-10T20:04:33+00:00\" \/>\n<meta property=\"article:modified_time\" content=\"2023-09-21T19:16:12+00:00\" \/>\n<meta property=\"og:image\" content=\"https:\/\/amu.pan.pl\/wp-content\/uploads\/2020\/09\/AMU_logo.png\" \/>\n\t<meta property=\"og:image:width\" content=\"600\" \/>\n\t<meta property=\"og:image:height\" content=\"342\" \/>\n\t<meta property=\"og:image:type\" content=\"image\/png\" \/>\n<meta name=\"author\" content=\"jkulaga\" \/>\n<meta name=\"twitter:card\" content=\"summary_large_image\" \/>\n<meta name=\"twitter:creator\" content=\"@AMUPAN1\" \/>\n<meta name=\"twitter:site\" content=\"@AMUPAN1\" \/>\n<meta name=\"twitter:label1\" content=\"Written by\" \/>\n\t<meta name=\"twitter:data1\" content=\"jkulaga\" \/>\n\t<meta name=\"twitter:label2\" content=\"Estimated reading time\" \/>\n\t<meta name=\"twitter:data2\" content=\"1 minute\" \/>\n<script type=\"application\/ld+json\" class=\"yoast-schema-graph\">{\"@context\":\"https:\/\/schema.org\",\"@graph\":[{\"@type\":\"Article\",\"@id\":\"https:\/\/amu.pan.pl\/udzial-czlonkin-amu-w-spotkaniu-pt-dlaczego-warto-wspierac-kobiety-w-senacie-rp\/#article\",\"isPartOf\":{\"@id\":\"https:\/\/amu.pan.pl\/udzial-czlonkin-amu-w-spotkaniu-pt-dlaczego-warto-wspierac-kobiety-w-senacie-rp\/\"},\"author\":{\"name\":\"jkulaga\",\"@id\":\"https:\/\/amu.pan.pl\/#\/schema\/person\/0795d26d07be8c2aded5f233d7b432a1\"},\"headline\":\"Udzia\u0142 cz\u0142onki\u0144 AMU w spotkaniu pt. &#8220;Dlaczego warto wspiera\u0107 Kobiety?&#8221; w Senacie RP\",\"datePublished\":\"2023-03-10T20:04:33+00:00\",\"dateModified\":\"2023-09-21T19:16:12+00:00\",\"mainEntityOfPage\":{\"@id\":\"https:\/\/amu.pan.pl\/udzial-czlonkin-amu-w-spotkaniu-pt-dlaczego-warto-wspierac-kobiety-w-senacie-rp\/\"},\"wordCount\":115,\"publisher\":{\"@id\":\"https:\/\/amu.pan.pl\/#organization\"},\"articleSection\":[\"Aktualno\u015bci\"],\"inLanguage\":\"en-GB\"},{\"@type\":\"WebPage\",\"@id\":\"https:\/\/amu.pan.pl\/udzial-czlonkin-amu-w-spotkaniu-pt-dlaczego-warto-wspierac-kobiety-w-senacie-rp\/\",\"url\":\"https:\/\/amu.pan.pl\/udzial-czlonkin-amu-w-spotkaniu-pt-dlaczego-warto-wspierac-kobiety-w-senacie-rp\/\",\"name\":\"Udzia\u0142 cz\u0142onki\u0144 AMU w spotkaniu pt. \\\"Dlaczego warto wspiera\u0107 Kobiety?\\\" w Senacie RP - Akademia M\u0142odych Uczonych\",\"isPartOf\":{\"@id\":\"https:\/\/amu.pan.pl\/#website\"},\"datePublished\":\"2023-03-10T20:04:33+00:00\",\"dateModified\":\"2023-09-21T19:16:12+00:00\",\"description\":\"Niezmiernie mi\u0142o nam poinformowa\u0107, \u017ce do Komisji ds. Etyki w Nauce Polskiej Akademii Nauk na kadencj\u0119 2023-2026 zosta\u0142 wybrany by\u0142y cz\u0142onek AMU (kadencja 2016-2021) prof. dr hab. n. med. Wojciech Fendler. Serdecznie gratulujemy!\",\"breadcrumb\":{\"@id\":\"https:\/\/amu.pan.pl\/udzial-czlonkin-amu-w-spotkaniu-pt-dlaczego-warto-wspierac-kobiety-w-senacie-rp\/#breadcrumb\"},\"inLanguage\":\"en-GB\",\"potentialAction\":[{\"@type\":\"ReadAction\",\"target\":[\"https:\/\/amu.pan.pl\/udzial-czlonkin-amu-w-spotkaniu-pt-dlaczego-warto-wspierac-kobiety-w-senacie-rp\/\"]}]},{\"@type\":\"BreadcrumbList\",\"@id\":\"https:\/\/amu.pan.pl\/udzial-czlonkin-amu-w-spotkaniu-pt-dlaczego-warto-wspierac-kobiety-w-senacie-rp\/#breadcrumb\",\"itemListElement\":[{\"@type\":\"ListItem\",\"position\":1,\"name\":\"Strona g\u0142\u00f3wna\",\"item\":\"https:\/\/amu.pan.pl\/\"},{\"@type\":\"ListItem\",\"position\":2,\"name\":\"Udzia\u0142 cz\u0142onki\u0144 AMU w spotkaniu pt. &#8220;Dlaczego warto wspiera\u0107 Kobiety?&#8221; w Senacie RP\"}]},{\"@type\":\"WebSite\",\"@id\":\"https:\/\/amu.pan.pl\/#website\",\"url\":\"https:\/\/amu.pan.pl\/\",\"name\":\"Akademia M\u0142odych Uczonych\",\"description\":\"Polska Akademia Nauk\",\"publisher\":{\"@id\":\"https:\/\/amu.pan.pl\/#organization\"},\"potentialAction\":[{\"@type\":\"SearchAction\",\"target\":{\"@type\":\"EntryPoint\",\"urlTemplate\":\"https:\/\/amu.pan.pl\/?s={search_term_string}\"},\"query-input\":{\"@type\":\"PropertyValueSpecification\",\"valueRequired\":true,\"valueName\":\"search_term_string\"}}],\"inLanguage\":\"en-GB\"},{\"@type\":\"Organization\",\"@id\":\"https:\/\/amu.pan.pl\/#organization\",\"name\":\"Akademia M\u0142odych Uczonych\",\"url\":\"https:\/\/amu.pan.pl\/\",\"logo\":{\"@type\":\"ImageObject\",\"inLanguage\":\"en-GB\",\"@id\":\"https:\/\/amu.pan.pl\/#\/schema\/logo\/image\/\",\"url\":\"https:\/\/amu.pan.pl\/wp-content\/uploads\/2020\/08\/zz_amu.png\",\"contentUrl\":\"https:\/\/amu.pan.pl\/wp-content\/uploads\/2020\/08\/zz_amu.png\",\"width\":2794,\"height\":1016,\"caption\":\"Akademia M\u0142odych Uczonych\"},\"image\":{\"@id\":\"https:\/\/amu.pan.pl\/#\/schema\/logo\/image\/\"},\"sameAs\":[\"https:\/\/www.facebook.com\/AkademiaMlodychUczonych\/\",\"https:\/\/x.com\/AMUPAN1\"]},{\"@type\":\"Person\",\"@id\":\"https:\/\/amu.pan.pl\/#\/schema\/person\/0795d26d07be8c2aded5f233d7b432a1\",\"name\":\"jkulaga\",\"image\":{\"@type\":\"ImageObject\",\"inLanguage\":\"en-GB\",\"@id\":\"https:\/\/amu.pan.pl\/#\/schema\/person\/image\/\",\"url\":\"https:\/\/secure.gravatar.com\/avatar\/6ff69f84802a6faa898445fab00c5cc601eda39b75f82ab99c4e8636b7e7ef26?s=96&d=mm&r=g\",\"contentUrl\":\"https:\/\/secure.gravatar.com\/avatar\/6ff69f84802a6faa898445fab00c5cc601eda39b75f82ab99c4e8636b7e7ef26?s=96&d=mm&r=g\",\"caption\":\"jkulaga\"},\"url\":\"https:\/\/amu.pan.pl\/en\/author\/jkulaga\/\"}]}<\/script>\n<!-- \/ Yoast SEO plugin. -->","yoast_head_json":{"title":"Udzia\u0142 cz\u0142onki\u0144 AMU w spotkaniu pt. \"Dlaczego warto wspiera\u0107 Kobiety?\" w Senacie RP - Akademia M\u0142odych Uczonych","description":"Niezmiernie mi\u0142o nam poinformowa\u0107, \u017ce do Komisji ds. Etyki w Nauce Polskiej Akademii Nauk na kadencj\u0119 2023-2026 zosta\u0142 wybrany by\u0142y cz\u0142onek AMU (kadencja 2016-2021) prof. dr hab. n. med. Wojciech Fendler. Serdecznie gratulujemy!","robots":{"index":"index","follow":"follow","max-snippet":"max-snippet:-1","max-image-preview":"max-image-preview:large","max-video-preview":"max-video-preview:-1"},"canonical":"https:\/\/amu.pan.pl\/en\/udzial-czlonkin-amu-w-spotkaniu-pt-dlaczego-warto-wspierac-kobiety-w-senacie-rp\/","og_locale":"en_GB","og_type":"article","og_title":"Udzia\u0142 cz\u0142onki\u0144 AMU w spotkaniu pt. \"Dlaczego warto wspiera\u0107 Kobiety?\" w Senacie RP - Akademia M\u0142odych Uczonych","og_description":"Niezmiernie mi\u0142o nam poinformowa\u0107, \u017ce do Komisji ds. Etyki w Nauce Polskiej Akademii Nauk na kadencj\u0119 2023-2026 zosta\u0142 wybrany by\u0142y cz\u0142onek AMU (kadencja 2016-2021) prof. dr hab. n. med. Wojciech Fendler. Serdecznie gratulujemy!","og_url":"https:\/\/amu.pan.pl\/en\/udzial-czlonkin-amu-w-spotkaniu-pt-dlaczego-warto-wspierac-kobiety-w-senacie-rp\/","og_site_name":"Akademia M\u0142odych Uczonych","article_publisher":"https:\/\/www.facebook.com\/AkademiaMlodychUczonych\/","article_published_time":"2023-03-10T20:04:33+00:00","article_modified_time":"2023-09-21T19:16:12+00:00","og_image":[{"width":600,"height":342,"url":"https:\/\/amu.pan.pl\/wp-content\/uploads\/2020\/09\/AMU_logo.png","type":"image\/png"}],"author":"jkulaga","twitter_card":"summary_large_image","twitter_creator":"@AMUPAN1","twitter_site":"@AMUPAN1","twitter_misc":{"Written by":"jkulaga","Estimated reading time":"1 minute"},"schema":{"@context":"https:\/\/schema.org","@graph":[{"@type":"Article","@id":"https:\/\/amu.pan.pl\/udzial-czlonkin-amu-w-spotkaniu-pt-dlaczego-warto-wspierac-kobiety-w-senacie-rp\/#article","isPartOf":{"@id":"https:\/\/amu.pan.pl\/udzial-czlonkin-amu-w-spotkaniu-pt-dlaczego-warto-wspierac-kobiety-w-senacie-rp\/"},"author":{"name":"jkulaga","@id":"https:\/\/amu.pan.pl\/#\/schema\/person\/0795d26d07be8c2aded5f233d7b432a1"},"headline":"Udzia\u0142 cz\u0142onki\u0144 AMU w spotkaniu pt. &#8220;Dlaczego warto wspiera\u0107 Kobiety?&#8221; w Senacie RP","datePublished":"2023-03-10T20:04:33+00:00","dateModified":"2023-09-21T19:16:12+00:00","mainEntityOfPage":{"@id":"https:\/\/amu.pan.pl\/udzial-czlonkin-amu-w-spotkaniu-pt-dlaczego-warto-wspierac-kobiety-w-senacie-rp\/"},"wordCount":115,"publisher":{"@id":"https:\/\/amu.pan.pl\/#organization"},"articleSection":["Aktualno\u015bci"],"inLanguage":"en-GB"},{"@type":"WebPage","@id":"https:\/\/amu.pan.pl\/udzial-czlonkin-amu-w-spotkaniu-pt-dlaczego-warto-wspierac-kobiety-w-senacie-rp\/","url":"https:\/\/amu.pan.pl\/udzial-czlonkin-amu-w-spotkaniu-pt-dlaczego-warto-wspierac-kobiety-w-senacie-rp\/","name":"Udzia\u0142 cz\u0142onki\u0144 AMU w spotkaniu pt. \"Dlaczego warto wspiera\u0107 Kobiety?\" w Senacie RP - Akademia M\u0142odych Uczonych","isPartOf":{"@id":"https:\/\/amu.pan.pl\/#website"},"datePublished":"2023-03-10T20:04:33+00:00","dateModified":"2023-09-21T19:16:12+00:00","description":"Niezmiernie mi\u0142o nam poinformowa\u0107, \u017ce do Komisji ds. Etyki w Nauce Polskiej Akademii Nauk na kadencj\u0119 2023-2026 zosta\u0142 wybrany by\u0142y cz\u0142onek AMU (kadencja 2016-2021) prof. dr hab. n. med. Wojciech Fendler. Serdecznie gratulujemy!","breadcrumb":{"@id":"https:\/\/amu.pan.pl\/udzial-czlonkin-amu-w-spotkaniu-pt-dlaczego-warto-wspierac-kobiety-w-senacie-rp\/#breadcrumb"},"inLanguage":"en-GB","potentialAction":[{"@type":"ReadAction","target":["https:\/\/amu.pan.pl\/udzial-czlonkin-amu-w-spotkaniu-pt-dlaczego-warto-wspierac-kobiety-w-senacie-rp\/"]}]},{"@type":"BreadcrumbList","@id":"https:\/\/amu.pan.pl\/udzial-czlonkin-amu-w-spotkaniu-pt-dlaczego-warto-wspierac-kobiety-w-senacie-rp\/#breadcrumb","itemListElement":[{"@type":"ListItem","position":1,"name":"Strona g\u0142\u00f3wna","item":"https:\/\/amu.pan.pl\/"},{"@type":"ListItem","position":2,"name":"Udzia\u0142 cz\u0142onki\u0144 AMU w spotkaniu pt. &#8220;Dlaczego warto wspiera\u0107 Kobiety?&#8221; w Senacie RP"}]},{"@type":"WebSite","@id":"https:\/\/amu.pan.pl\/#website","url":"https:\/\/amu.pan.pl\/","name":"Akademia M\u0142odych Uczonych","description":"Polska Akademia Nauk","publisher":{"@id":"https:\/\/amu.pan.pl\/#organization"},"potentialAction":[{"@type":"SearchAction","target":{"@type":"EntryPoint","urlTemplate":"https:\/\/amu.pan.pl\/?s={search_term_string}"},"query-input":{"@type":"PropertyValueSpecification","valueRequired":true,"valueName":"search_term_string"}}],"inLanguage":"en-GB"},{"@type":"Organization","@id":"https:\/\/amu.pan.pl\/#organization","name":"Akademia M\u0142odych Uczonych","url":"https:\/\/amu.pan.pl\/","logo":{"@type":"ImageObject","inLanguage":"en-GB","@id":"https:\/\/amu.pan.pl\/#\/schema\/logo\/image\/","url":"https:\/\/amu.pan.pl\/wp-content\/uploads\/2020\/08\/zz_amu.png","contentUrl":"https:\/\/amu.pan.pl\/wp-content\/uploads\/2020\/08\/zz_amu.png","width":2794,"height":1016,"caption":"Akademia M\u0142odych Uczonych"},"image":{"@id":"https:\/\/amu.pan.pl\/#\/schema\/logo\/image\/"},"sameAs":["https:\/\/www.facebook.com\/AkademiaMlodychUczonych\/","https:\/\/x.com\/AMUPAN1"]},{"@type":"Person","@id":"https:\/\/amu.pan.pl\/#\/schema\/person\/0795d26d07be8c2aded5f233d7b432a1","name":"jkulaga","image":{"@type":"ImageObject","inLanguage":"en-GB","@id":"https:\/\/amu.pan.pl\/#\/schema\/person\/image\/","url":"https:\/\/secure.gravatar.com\/avatar\/6ff69f84802a6faa898445fab00c5cc601eda39b75f82ab99c4e8636b7e7ef26?s=96&d=mm&r=g","contentUrl":"https:\/\/secure.gravatar.com\/avatar\/6ff69f84802a6faa898445fab00c5cc601eda39b75f82ab99c4e8636b7e7ef26?s=96&d=mm&r=g","caption":"jkulaga"},"url":"https:\/\/amu.pan.pl\/en\/author\/jkulaga\/"}]}},"_links":{"self":[{"href":"https:\/\/amu.pan.pl\/en\/wp-json\/wp\/v2\/posts\/4961","targetHints":{"allow":["GET"]}}],"collection":[{"href":"https:\/\/amu.pan.pl\/en\/wp-json\/wp\/v2\/posts"}],"about":[{"href":"https:\/\/amu.pan.pl\/en\/wp-json\/wp\/v2\/types\/post"}],"author":[{"embeddable":true,"href":"https:\/\/amu.pan.pl\/en\/wp-json\/wp\/v2\/users\/15"}],"replies":[{"embeddable":true,"href":"https:\/\/amu.pan.pl\/en\/wp-json\/wp\/v2\/comments?post=4961"}],"version-history":[{"count":10,"href":"https:\/\/amu.pan.pl\/en\/wp-json\/wp\/v2\/posts\/4961\/revisions"}],"predecessor-version":[{"id":4987,"href":"https:\/\/amu.pan.pl\/en\/wp-json\/wp\/v2\/posts\/4961\/revisions\/4987"}],"wp:attachment":[{"href":"https:\/\/amu.pan.pl\/en\/wp-json\/wp\/v2\/media?parent=4961"}],"wp:term":[{"taxonomy":"category","embeddable":true,"href":"https:\/\/amu.pan.pl\/en\/wp-json\/wp\/v2\/categories?post=4961"},{"taxonomy":"post_tag","embeddable":true,"href":"https:\/\/amu.pan.pl\/en\/wp-json\/wp\/v2\/tags?post=4961"}],"curies":[{"name":"wp","href":"https:\/\/api.w.org\/{rel}","templated":true}]}}