{"id":4998,"date":"2023-04-20T21:22:23","date_gmt":"2023-04-20T19:22:23","guid":{"rendered":"https:\/\/amu.pan.pl\/?p=4998"},"modified":"2023-09-21T21:24:01","modified_gmt":"2023-09-21T19:24:01","slug":"dziewczyny-do-nauki-wspolpraca-z-perspektywy-women-in-tech","status":"publish","type":"post","link":"https:\/\/amu.pan.pl\/en\/dziewczyny-do-nauki-wspolpraca-z-perspektywy-women-in-tech\/","title":{"rendered":"Dziewczyny do NAUKI &#8211; wsp\u00f3\u0142praca z Perspektywy Women in Tech"},"content":{"rendered":"<div data-elementor-type=\"wp-post\" data-elementor-id=\"4998\" class=\"elementor elementor-4998\">\n\t\t\t\t\t\t<section class=\"elementor-section elementor-top-section elementor-element elementor-element-240353e9 elementor-section-boxed elementor-section-height-default elementor-section-height-default\" data-id=\"240353e9\" data-element_type=\"section\">\n\t\t\t\t\t\t<div class=\"elementor-container elementor-column-gap-default\">\n\t\t\t\t\t<div class=\"elementor-column elementor-col-100 elementor-top-column elementor-element elementor-element-144263c0\" data-id=\"144263c0\" data-element_type=\"column\">\n\t\t\t<div class=\"elementor-widget-wrap elementor-element-populated\">\n\t\t\t\t\t\t<div class=\"elementor-element elementor-element-1372ec76 elementor-widget elementor-widget-text-editor\" data-id=\"1372ec76\" data-element_type=\"widget\" data-widget_type=\"text-editor.default\">\n\t\t\t\t<div class=\"elementor-widget-container\">\n\t\t\t\t\t\t\t\t\t<p>W ramach podj\u0119tej przez <span class=\"il\">AMU<\/span> PAN wsp\u00f3\u0142pracy z Fundacj\u0119 Edukacyjn\u0105 Perspektywy oraz Porozumieniem Doktorant\u00f3w Uczelni Technicznych reaktywowany zostanie program &#8220;Dziewczyny do nauki!&#8221;. Program ten adresowany b\u0119dzie do trzech grup docelowych: 1) studentek i doktorantek polskich uczelni technicznych oraz instytut\u00f3w naukowych; 2) m\u0142odych naukowczy\u0144 po uzyskaniu stopnia doktora oraz 3) dla do\u015bwiadczonych naukowczy\u0144. Celem programu b\u0119dzie utworzenie sieci networkingowo-naukowo-promocyjnej. G\u0142\u00f3wny nacisk po\u0142o\u017cony b\u0119dzie na promocj\u0119 kariery naukowej jako sposobu na \u017cycie w\u015br\u00f3d studentek i doktorantek polskich uczelni technicznych, zbudowaniu struktury networkingowej wspieraj\u0105cej wsp\u00f3\u0142prac\u0119 naukow\u0105 oraz dzia\u0142ania wspieraj\u0105ce kobiety nauki ( m.in. mentoring, szkolenia, spotkania). . Spotkanie inauguruj\u0105ce Program Dziewczyny do Nauki odb\u0119dzie si\u0119 na Perspektywy Women in Tech Summit 2023 &#8211; \u201cWomen in science\u201d 15 czerwca 2023 w godz. 13:30-15:00. Cykliczne spotkania realizowane na r\u00f3\u017cnych uczelniach przyczyni\u0105 si\u0119 do zwi\u0119kszania atrakcyjno\u015bci kariery naukowej w percepcji studentek i doktorantek polskich uczelni technicznych, udzia\u0142u kobiet w nauce, a tym samym do tworzenia lepszych warunk\u00f3w do funkcjonowania polskiej i \u015bwiatowej nauki w og\u00f3le. Aby osi\u0105gn\u0105\u0107 sukces, poszukujemy Ambasadorek i Ambasador\u00f3w akcji we wszystkich o\u015brodkach badawczych i uczelniach. Zainteresowanych wsparciem programu zapraszamy do kontaktu. Szczeg\u00f3\u0142y wkr\u00f3tce.<\/p>\t\t\t\t\t\t\t\t<\/div>\n\t\t\t\t<\/div>\n\t\t\t\t\t<\/div>\n\t\t<\/div>\n\t\t\t\t\t<\/div>\n\t\t<\/section>\n\t\t\t\t<\/div>","protected":false},"excerpt":{"rendered":"<p>W ramach podj\u0119tej przez AMU PAN wsp\u00f3\u0142pracy z Fundacj\u0119 Edukacyjn\u0105 Perspektywy oraz Porozumieniem Doktorant\u00f3w Uczelni Technicznych reaktywowany zostanie program &#8220;Dziewczyny do nauki!&#8221;. Program ten adresowany b\u0119dzie do trzech grup docelowych: 1) studentek i doktorantek polskich uczelni technicznych oraz instytut\u00f3w naukowych; 2) m\u0142odych naukowczy\u0144 po uzyskaniu stopnia doktora oraz 3) dla do\u015bwiadczonych naukowczy\u0144. Celem programu b\u0119dzie [&hellip;]<\/p>","protected":false},"author":15,"featured_media":0,"comment_status":"closed","ping_status":"closed","sticky":false,"template":"","format":"standard","meta":{"_monsterinsights_skip_tracking":false,"_monsterinsights_sitenote_active":false,"_monsterinsights_sitenote_note":"","_monsterinsights_sitenote_category":0,"footnotes":""},"categories":[4],"tags":[],"class_list":["post-4998","post","type-post","status-publish","format-standard","hentry","category-aktualnosci"],"yoast_head":"<!-- This site is optimized with the Yoast SEO plugin v25.0 - https:\/\/yoast.com\/wordpress\/plugins\/seo\/ -->\n<title>Dziewczyny do NAUKI - wsp\u00f3\u0142praca z Perspektywy Women in Tech - Akademia M\u0142odych Uczonych<\/title>\n<meta name=\"description\" content=\"Niezmiernie mi\u0142o nam poinformowa\u0107, \u017ce do Komisji ds. Etyki w Nauce Polskiej Akademii Nauk na kadencj\u0119 2023-2026 zosta\u0142 wybrany by\u0142y cz\u0142onek AMU (kadencja 2016-2021) prof. dr hab. n. med. Wojciech Fendler. Serdecznie gratulujemy!\" \/>\n<meta name=\"robots\" content=\"index, follow, max-snippet:-1, max-image-preview:large, max-video-preview:-1\" \/>\n<link rel=\"canonical\" href=\"https:\/\/amu.pan.pl\/en\/dziewczyny-do-nauki-wspolpraca-z-perspektywy-women-in-tech\/\" \/>\n<meta property=\"og:locale\" content=\"en_GB\" \/>\n<meta property=\"og:type\" content=\"article\" \/>\n<meta property=\"og:title\" content=\"Dziewczyny do NAUKI - wsp\u00f3\u0142praca z Perspektywy Women in Tech - Akademia M\u0142odych Uczonych\" \/>\n<meta property=\"og:description\" content=\"Niezmiernie mi\u0142o nam poinformowa\u0107, \u017ce do Komisji ds. Etyki w Nauce Polskiej Akademii Nauk na kadencj\u0119 2023-2026 zosta\u0142 wybrany by\u0142y cz\u0142onek AMU (kadencja 2016-2021) prof. dr hab. n. med. Wojciech Fendler. Serdecznie gratulujemy!\" \/>\n<meta property=\"og:url\" content=\"https:\/\/amu.pan.pl\/en\/dziewczyny-do-nauki-wspolpraca-z-perspektywy-women-in-tech\/\" \/>\n<meta property=\"og:site_name\" content=\"Akademia M\u0142odych Uczonych\" \/>\n<meta property=\"article:publisher\" content=\"https:\/\/www.facebook.com\/AkademiaMlodychUczonych\/\" \/>\n<meta property=\"article:published_time\" content=\"2023-04-20T19:22:23+00:00\" \/>\n<meta property=\"article:modified_time\" content=\"2023-09-21T19:24:01+00:00\" \/>\n<meta property=\"og:image\" content=\"https:\/\/amu.pan.pl\/wp-content\/uploads\/2020\/09\/AMU_logo.png\" \/>\n\t<meta property=\"og:image:width\" content=\"600\" \/>\n\t<meta property=\"og:image:height\" content=\"342\" \/>\n\t<meta property=\"og:image:type\" content=\"image\/png\" \/>\n<meta name=\"author\" content=\"jkulaga\" \/>\n<meta name=\"twitter:card\" content=\"summary_large_image\" \/>\n<meta name=\"twitter:creator\" content=\"@AMUPAN1\" \/>\n<meta name=\"twitter:site\" content=\"@AMUPAN1\" \/>\n<meta name=\"twitter:label1\" content=\"Written by\" \/>\n\t<meta name=\"twitter:data1\" content=\"jkulaga\" \/>\n\t<meta name=\"twitter:label2\" content=\"Estimated reading time\" \/>\n\t<meta name=\"twitter:data2\" content=\"1 minute\" \/>\n<script type=\"application\/ld+json\" class=\"yoast-schema-graph\">{\"@context\":\"https:\/\/schema.org\",\"@graph\":[{\"@type\":\"Article\",\"@id\":\"https:\/\/amu.pan.pl\/dziewczyny-do-nauki-wspolpraca-z-perspektywy-women-in-tech\/#article\",\"isPartOf\":{\"@id\":\"https:\/\/amu.pan.pl\/dziewczyny-do-nauki-wspolpraca-z-perspektywy-women-in-tech\/\"},\"author\":{\"name\":\"jkulaga\",\"@id\":\"https:\/\/amu.pan.pl\/#\/schema\/person\/0795d26d07be8c2aded5f233d7b432a1\"},\"headline\":\"Dziewczyny do NAUKI &#8211; wsp\u00f3\u0142praca z Perspektywy Women in Tech\",\"datePublished\":\"2023-04-20T19:22:23+00:00\",\"dateModified\":\"2023-09-21T19:24:01+00:00\",\"mainEntityOfPage\":{\"@id\":\"https:\/\/amu.pan.pl\/dziewczyny-do-nauki-wspolpraca-z-perspektywy-women-in-tech\/\"},\"wordCount\":216,\"publisher\":{\"@id\":\"https:\/\/amu.pan.pl\/#organization\"},\"articleSection\":[\"Aktualno\u015bci\"],\"inLanguage\":\"en-GB\"},{\"@type\":\"WebPage\",\"@id\":\"https:\/\/amu.pan.pl\/dziewczyny-do-nauki-wspolpraca-z-perspektywy-women-in-tech\/\",\"url\":\"https:\/\/amu.pan.pl\/dziewczyny-do-nauki-wspolpraca-z-perspektywy-women-in-tech\/\",\"name\":\"Dziewczyny do NAUKI - wsp\u00f3\u0142praca z Perspektywy Women in Tech - Akademia M\u0142odych Uczonych\",\"isPartOf\":{\"@id\":\"https:\/\/amu.pan.pl\/#website\"},\"datePublished\":\"2023-04-20T19:22:23+00:00\",\"dateModified\":\"2023-09-21T19:24:01+00:00\",\"description\":\"Niezmiernie mi\u0142o nam poinformowa\u0107, \u017ce do Komisji ds. Etyki w Nauce Polskiej Akademii Nauk na kadencj\u0119 2023-2026 zosta\u0142 wybrany by\u0142y cz\u0142onek AMU (kadencja 2016-2021) prof. dr hab. n. med. Wojciech Fendler. Serdecznie gratulujemy!\",\"breadcrumb\":{\"@id\":\"https:\/\/amu.pan.pl\/dziewczyny-do-nauki-wspolpraca-z-perspektywy-women-in-tech\/#breadcrumb\"},\"inLanguage\":\"en-GB\",\"potentialAction\":[{\"@type\":\"ReadAction\",\"target\":[\"https:\/\/amu.pan.pl\/dziewczyny-do-nauki-wspolpraca-z-perspektywy-women-in-tech\/\"]}]},{\"@type\":\"BreadcrumbList\",\"@id\":\"https:\/\/amu.pan.pl\/dziewczyny-do-nauki-wspolpraca-z-perspektywy-women-in-tech\/#breadcrumb\",\"itemListElement\":[{\"@type\":\"ListItem\",\"position\":1,\"name\":\"Strona g\u0142\u00f3wna\",\"item\":\"https:\/\/amu.pan.pl\/\"},{\"@type\":\"ListItem\",\"position\":2,\"name\":\"Dziewczyny do NAUKI &#8211; wsp\u00f3\u0142praca z Perspektywy Women in Tech\"}]},{\"@type\":\"WebSite\",\"@id\":\"https:\/\/amu.pan.pl\/#website\",\"url\":\"https:\/\/amu.pan.pl\/\",\"name\":\"Akademia M\u0142odych Uczonych\",\"description\":\"Polska Akademia Nauk\",\"publisher\":{\"@id\":\"https:\/\/amu.pan.pl\/#organization\"},\"potentialAction\":[{\"@type\":\"SearchAction\",\"target\":{\"@type\":\"EntryPoint\",\"urlTemplate\":\"https:\/\/amu.pan.pl\/?s={search_term_string}\"},\"query-input\":{\"@type\":\"PropertyValueSpecification\",\"valueRequired\":true,\"valueName\":\"search_term_string\"}}],\"inLanguage\":\"en-GB\"},{\"@type\":\"Organization\",\"@id\":\"https:\/\/amu.pan.pl\/#organization\",\"name\":\"Akademia M\u0142odych Uczonych\",\"url\":\"https:\/\/amu.pan.pl\/\",\"logo\":{\"@type\":\"ImageObject\",\"inLanguage\":\"en-GB\",\"@id\":\"https:\/\/amu.pan.pl\/#\/schema\/logo\/image\/\",\"url\":\"https:\/\/amu.pan.pl\/wp-content\/uploads\/2020\/08\/zz_amu.png\",\"contentUrl\":\"https:\/\/amu.pan.pl\/wp-content\/uploads\/2020\/08\/zz_amu.png\",\"width\":2794,\"height\":1016,\"caption\":\"Akademia M\u0142odych Uczonych\"},\"image\":{\"@id\":\"https:\/\/amu.pan.pl\/#\/schema\/logo\/image\/\"},\"sameAs\":[\"https:\/\/www.facebook.com\/AkademiaMlodychUczonych\/\",\"https:\/\/x.com\/AMUPAN1\"]},{\"@type\":\"Person\",\"@id\":\"https:\/\/amu.pan.pl\/#\/schema\/person\/0795d26d07be8c2aded5f233d7b432a1\",\"name\":\"jkulaga\",\"image\":{\"@type\":\"ImageObject\",\"inLanguage\":\"en-GB\",\"@id\":\"https:\/\/amu.pan.pl\/#\/schema\/person\/image\/\",\"url\":\"https:\/\/secure.gravatar.com\/avatar\/6ff69f84802a6faa898445fab00c5cc601eda39b75f82ab99c4e8636b7e7ef26?s=96&d=mm&r=g\",\"contentUrl\":\"https:\/\/secure.gravatar.com\/avatar\/6ff69f84802a6faa898445fab00c5cc601eda39b75f82ab99c4e8636b7e7ef26?s=96&d=mm&r=g\",\"caption\":\"jkulaga\"},\"url\":\"https:\/\/amu.pan.pl\/en\/author\/jkulaga\/\"}]}<\/script>\n<!-- \/ Yoast SEO plugin. -->","yoast_head_json":{"title":"Dziewczyny do NAUKI - wsp\u00f3\u0142praca z Perspektywy Women in Tech - Akademia M\u0142odych Uczonych","description":"Niezmiernie mi\u0142o nam poinformowa\u0107, \u017ce do Komisji ds. Etyki w Nauce Polskiej Akademii Nauk na kadencj\u0119 2023-2026 zosta\u0142 wybrany by\u0142y cz\u0142onek AMU (kadencja 2016-2021) prof. dr hab. n. med. Wojciech Fendler. Serdecznie gratulujemy!","robots":{"index":"index","follow":"follow","max-snippet":"max-snippet:-1","max-image-preview":"max-image-preview:large","max-video-preview":"max-video-preview:-1"},"canonical":"https:\/\/amu.pan.pl\/en\/dziewczyny-do-nauki-wspolpraca-z-perspektywy-women-in-tech\/","og_locale":"en_GB","og_type":"article","og_title":"Dziewczyny do NAUKI - wsp\u00f3\u0142praca z Perspektywy Women in Tech - Akademia M\u0142odych Uczonych","og_description":"Niezmiernie mi\u0142o nam poinformowa\u0107, \u017ce do Komisji ds. Etyki w Nauce Polskiej Akademii Nauk na kadencj\u0119 2023-2026 zosta\u0142 wybrany by\u0142y cz\u0142onek AMU (kadencja 2016-2021) prof. dr hab. n. med. Wojciech Fendler. Serdecznie gratulujemy!","og_url":"https:\/\/amu.pan.pl\/en\/dziewczyny-do-nauki-wspolpraca-z-perspektywy-women-in-tech\/","og_site_name":"Akademia M\u0142odych Uczonych","article_publisher":"https:\/\/www.facebook.com\/AkademiaMlodychUczonych\/","article_published_time":"2023-04-20T19:22:23+00:00","article_modified_time":"2023-09-21T19:24:01+00:00","og_image":[{"width":600,"height":342,"url":"https:\/\/amu.pan.pl\/wp-content\/uploads\/2020\/09\/AMU_logo.png","type":"image\/png"}],"author":"jkulaga","twitter_card":"summary_large_image","twitter_creator":"@AMUPAN1","twitter_site":"@AMUPAN1","twitter_misc":{"Written by":"jkulaga","Estimated reading time":"1 minute"},"schema":{"@context":"https:\/\/schema.org","@graph":[{"@type":"Article","@id":"https:\/\/amu.pan.pl\/dziewczyny-do-nauki-wspolpraca-z-perspektywy-women-in-tech\/#article","isPartOf":{"@id":"https:\/\/amu.pan.pl\/dziewczyny-do-nauki-wspolpraca-z-perspektywy-women-in-tech\/"},"author":{"name":"jkulaga","@id":"https:\/\/amu.pan.pl\/#\/schema\/person\/0795d26d07be8c2aded5f233d7b432a1"},"headline":"Dziewczyny do NAUKI &#8211; wsp\u00f3\u0142praca z Perspektywy Women in Tech","datePublished":"2023-04-20T19:22:23+00:00","dateModified":"2023-09-21T19:24:01+00:00","mainEntityOfPage":{"@id":"https:\/\/amu.pan.pl\/dziewczyny-do-nauki-wspolpraca-z-perspektywy-women-in-tech\/"},"wordCount":216,"publisher":{"@id":"https:\/\/amu.pan.pl\/#organization"},"articleSection":["Aktualno\u015bci"],"inLanguage":"en-GB"},{"@type":"WebPage","@id":"https:\/\/amu.pan.pl\/dziewczyny-do-nauki-wspolpraca-z-perspektywy-women-in-tech\/","url":"https:\/\/amu.pan.pl\/dziewczyny-do-nauki-wspolpraca-z-perspektywy-women-in-tech\/","name":"Dziewczyny do NAUKI - wsp\u00f3\u0142praca z Perspektywy Women in Tech - Akademia M\u0142odych Uczonych","isPartOf":{"@id":"https:\/\/amu.pan.pl\/#website"},"datePublished":"2023-04-20T19:22:23+00:00","dateModified":"2023-09-21T19:24:01+00:00","description":"Niezmiernie mi\u0142o nam poinformowa\u0107, \u017ce do Komisji ds. Etyki w Nauce Polskiej Akademii Nauk na kadencj\u0119 2023-2026 zosta\u0142 wybrany by\u0142y cz\u0142onek AMU (kadencja 2016-2021) prof. dr hab. n. med. Wojciech Fendler. Serdecznie gratulujemy!","breadcrumb":{"@id":"https:\/\/amu.pan.pl\/dziewczyny-do-nauki-wspolpraca-z-perspektywy-women-in-tech\/#breadcrumb"},"inLanguage":"en-GB","potentialAction":[{"@type":"ReadAction","target":["https:\/\/amu.pan.pl\/dziewczyny-do-nauki-wspolpraca-z-perspektywy-women-in-tech\/"]}]},{"@type":"BreadcrumbList","@id":"https:\/\/amu.pan.pl\/dziewczyny-do-nauki-wspolpraca-z-perspektywy-women-in-tech\/#breadcrumb","itemListElement":[{"@type":"ListItem","position":1,"name":"Strona g\u0142\u00f3wna","item":"https:\/\/amu.pan.pl\/"},{"@type":"ListItem","position":2,"name":"Dziewczyny do NAUKI &#8211; wsp\u00f3\u0142praca z Perspektywy Women in Tech"}]},{"@type":"WebSite","@id":"https:\/\/amu.pan.pl\/#website","url":"https:\/\/amu.pan.pl\/","name":"Akademia M\u0142odych Uczonych","description":"Polska Akademia Nauk","publisher":{"@id":"https:\/\/amu.pan.pl\/#organization"},"potentialAction":[{"@type":"SearchAction","target":{"@type":"EntryPoint","urlTemplate":"https:\/\/amu.pan.pl\/?s={search_term_string}"},"query-input":{"@type":"PropertyValueSpecification","valueRequired":true,"valueName":"search_term_string"}}],"inLanguage":"en-GB"},{"@type":"Organization","@id":"https:\/\/amu.pan.pl\/#organization","name":"Akademia M\u0142odych Uczonych","url":"https:\/\/amu.pan.pl\/","logo":{"@type":"ImageObject","inLanguage":"en-GB","@id":"https:\/\/amu.pan.pl\/#\/schema\/logo\/image\/","url":"https:\/\/amu.pan.pl\/wp-content\/uploads\/2020\/08\/zz_amu.png","contentUrl":"https:\/\/amu.pan.pl\/wp-content\/uploads\/2020\/08\/zz_amu.png","width":2794,"height":1016,"caption":"Akademia M\u0142odych Uczonych"},"image":{"@id":"https:\/\/amu.pan.pl\/#\/schema\/logo\/image\/"},"sameAs":["https:\/\/www.facebook.com\/AkademiaMlodychUczonych\/","https:\/\/x.com\/AMUPAN1"]},{"@type":"Person","@id":"https:\/\/amu.pan.pl\/#\/schema\/person\/0795d26d07be8c2aded5f233d7b432a1","name":"jkulaga","image":{"@type":"ImageObject","inLanguage":"en-GB","@id":"https:\/\/amu.pan.pl\/#\/schema\/person\/image\/","url":"https:\/\/secure.gravatar.com\/avatar\/6ff69f84802a6faa898445fab00c5cc601eda39b75f82ab99c4e8636b7e7ef26?s=96&d=mm&r=g","contentUrl":"https:\/\/secure.gravatar.com\/avatar\/6ff69f84802a6faa898445fab00c5cc601eda39b75f82ab99c4e8636b7e7ef26?s=96&d=mm&r=g","caption":"jkulaga"},"url":"https:\/\/amu.pan.pl\/en\/author\/jkulaga\/"}]}},"_links":{"self":[{"href":"https:\/\/amu.pan.pl\/en\/wp-json\/wp\/v2\/posts\/4998","targetHints":{"allow":["GET"]}}],"collection":[{"href":"https:\/\/amu.pan.pl\/en\/wp-json\/wp\/v2\/posts"}],"about":[{"href":"https:\/\/amu.pan.pl\/en\/wp-json\/wp\/v2\/types\/post"}],"author":[{"embeddable":true,"href":"https:\/\/amu.pan.pl\/en\/wp-json\/wp\/v2\/users\/15"}],"replies":[{"embeddable":true,"href":"https:\/\/amu.pan.pl\/en\/wp-json\/wp\/v2\/comments?post=4998"}],"version-history":[{"count":4,"href":"https:\/\/amu.pan.pl\/en\/wp-json\/wp\/v2\/posts\/4998\/revisions"}],"predecessor-version":[{"id":5002,"href":"https:\/\/amu.pan.pl\/en\/wp-json\/wp\/v2\/posts\/4998\/revisions\/5002"}],"wp:attachment":[{"href":"https:\/\/amu.pan.pl\/en\/wp-json\/wp\/v2\/media?parent=4998"}],"wp:term":[{"taxonomy":"category","embeddable":true,"href":"https:\/\/amu.pan.pl\/en\/wp-json\/wp\/v2\/categories?post=4998"},{"taxonomy":"post_tag","embeddable":true,"href":"https:\/\/amu.pan.pl\/en\/wp-json\/wp\/v2\/tags?post=4998"}],"curies":[{"name":"wp","href":"https:\/\/api.w.org\/{rel}","templated":true}]}}