{"id":5625,"date":"2024-09-16T11:29:19","date_gmt":"2024-09-16T09:29:19","guid":{"rendered":"https:\/\/amu.pan.pl\/?p=5625"},"modified":"2024-09-20T11:32:14","modified_gmt":"2024-09-20T09:32:14","slug":"opinia-amu-pan-w-sprawie-ustawy-o-pan","status":"publish","type":"post","link":"https:\/\/amu.pan.pl\/en\/opinia-amu-pan-w-sprawie-ustawy-o-pan\/","title":{"rendered":"Opinia AMU PAN w sprawie projektu ustawy o zmianie ustawy o Polskiej Akademii Nauk oraz niekt\u00f3rych innych ustaw"},"content":{"rendered":"<div data-elementor-type=\"wp-post\" data-elementor-id=\"5625\" class=\"elementor elementor-5625\">\n\t\t\t\t\t\t<section class=\"elementor-section elementor-top-section elementor-element elementor-element-cb60c0e elementor-section-boxed elementor-section-height-default elementor-section-height-default\" data-id=\"cb60c0e\" data-element_type=\"section\">\n\t\t\t\t\t\t<div class=\"elementor-container elementor-column-gap-default\">\n\t\t\t\t\t<div class=\"elementor-column elementor-col-100 elementor-top-column elementor-element elementor-element-ba67377\" data-id=\"ba67377\" data-element_type=\"column\">\n\t\t\t<div class=\"elementor-widget-wrap elementor-element-populated\">\n\t\t\t\t\t\t<div class=\"elementor-element elementor-element-2d5012b elementor-widget elementor-widget-text-editor\" data-id=\"2d5012b\" data-element_type=\"widget\" data-widget_type=\"text-editor.default\">\n\t\t\t\t<div class=\"elementor-widget-container\">\n\t\t\t\t\t\t\t\t\t<p>Akademia M\u0142odych Uczonych PAN opiniuje w sprawie projektu ustawy o zmianie ustawy o Polskiej Akademii Nauk oraz niekt\u00f3rych innych ustaw.<\/p>\t\t\t\t\t\t\t\t<\/div>\n\t\t\t\t<\/div>\n\t\t\t\t\t<\/div>\n\t\t<\/div>\n\t\t\t\t\t<\/div>\n\t\t<\/section>\n\t\t\t\t<section class=\"elementor-section elementor-top-section elementor-element elementor-element-8199283 elementor-section-boxed elementor-section-height-default elementor-section-height-default\" data-id=\"8199283\" data-element_type=\"section\">\n\t\t\t\t\t\t<div class=\"elementor-container elementor-column-gap-default\">\n\t\t\t\t\t<div class=\"elementor-column elementor-col-100 elementor-top-column elementor-element elementor-element-5372ff9\" data-id=\"5372ff9\" data-element_type=\"column\">\n\t\t\t<div class=\"elementor-widget-wrap elementor-element-populated\">\n\t\t\t\t\t\t<div class=\"elementor-element elementor-element-83cf41b elementor-widget elementor-widget-embedpress_pdf\" data-id=\"83cf41b\" data-element_type=\"widget\" data-widget_type=\"embedpress_pdf.default\">\n\t\t\t\t<div class=\"elementor-widget-container\">\n\t\t\t\t\t    <div class=\"embedpress-document-embed ep-doc-e692da1d8e8adea3ef2c6ba994bb7cbb ose-document emebedpress-unit-percent\" data-thememode=\"default\" data-customcolor=\"\" data-toolbar=\"yes\" data-toolbar-position=\"top\" data-open=\"no\" data-presentation-mode=\"yes\" data-download=\"yes\" data-copy=\"yes\" data-add-image=\"yes\" data-rotate=\"yes\" data-details=\"yes\" data-id=\"embedpress-pdf-83cf41b\" data-selection-tool=\"0\" data-scrolling=\"0\" data-spreads=\"-1\" style=\" max-width:100%; display: inline-block\">\n        \n        \n                <div >\n                \n                    <div id=\"ep-elementor-content-83cf41b\" class=\"ep-elementor-content   ep-percentage-width   ep-content-protection-disabled\">\n                        <div id=\"83cf41b\" class=\"ep-embed-content-wraper\">\n                            <div><iframe title=\"Opinia AMU w sprawie projektu ustawy o zmianie ustawy o PAN\" class=\"embedpress-embed-document-pdf embedpress-pdf-83cf41b\" style=\"width: 600%!important;height: 600px;; max-width:100%; display: inline-block\" src=\"https:\/\/amu.pan.pl\/wp-admin\/admin-ajax.php?action=get_viewer&#038;file=https%3A%2F%2Famu.pan.pl%2Fwp-content%2Fuploads%2F2024%2F09%2FOpinia-AMU-w-sprawie-projektu-ustawy-o-zmianie-ustawy-o-PAN-sig.pdf&#038;scrolling=0&#038;selection_tool=0&#038;spreads=-1#key=dGhlbWVNb2RlPWRlZmF1bHQmdG9vbGJhcj10cnVlJnBvc2l0aW9uPXRvcCZwcmVzZW50YXRpb249dHJ1ZSZsYXp5TG9hZD1mYWxzZSZkb3dubG9hZD10cnVlJmNvcHlfdGV4dD10cnVlJmFkZF90ZXh0PXRydWUmZHJhdz10cnVlJmFkZF9pbWFnZT10cnVlJnBkZl9yb3RhdGlvbj10cnVlJnBkZl9kZXRhaWxzPXRydWUmem9vbV9pbj10cnVlJnpvb21fb3V0PXRydWUmZml0X3ZpZXc9dHJ1ZSZib29rbWFyaz10cnVlJmZsaXBib29rX3Rvb2xiYXJfcG9zaXRpb249Ym90dG9tJnNlbGVjdGlvbl90b29sPTAmc2Nyb2xsaW5nPTAmc3ByZWFkcz0tMSZpc19wcm9fYWN0aXZlPTA=&#038;zoom=auto\" data-emid=\"embedpress-pdf-83cf41b\" frameborder=\"0\"><\/iframe><p class=\"embedpress-el-powered\">Powered By EmbedPress<\/p><\/div>                        <\/div> \n\n                    <\/div>\n        \n\n                                    <\/div>\n            \n    <\/div>\n\n\t\t\t\t<\/div>\n\t\t\t\t<\/div>\n\t\t\t\t\t<\/div>\n\t\t<\/div>\n\t\t\t\t\t<\/div>\n\t\t<\/section>\n\t\t\t\t<section class=\"elementor-section elementor-top-section elementor-element elementor-element-8440029 elementor-section-boxed elementor-section-height-default elementor-section-height-default\" data-id=\"8440029\" data-element_type=\"section\">\n\t\t\t\t\t\t<div class=\"elementor-container elementor-column-gap-default\">\n\t\t\t\t\t<div class=\"elementor-column elementor-col-100 elementor-top-column elementor-element elementor-element-1861e70\" data-id=\"1861e70\" data-element_type=\"column\">\n\t\t\t<div class=\"elementor-widget-wrap\">\n\t\t\t\t\t\t\t<\/div>\n\t\t<\/div>\n\t\t\t\t\t<\/div>\n\t\t<\/section>\n\t\t\t\t<\/div>","protected":false},"excerpt":{"rendered":"<p>Akademia M\u0142odych Uczonych PAN opiniuje w sprawie projektu ustawy o zmianie ustawy o Polskiej Akademii Nauk oraz niekt\u00f3rych innych ustaw. Powered By EmbedPress<\/p>","protected":false},"author":2,"featured_media":0,"comment_status":"closed","ping_status":"closed","sticky":false,"template":"","format":"standard","meta":{"_monsterinsights_skip_tracking":false,"_monsterinsights_sitenote_active":false,"_monsterinsights_sitenote_note":"","_monsterinsights_sitenote_category":0,"footnotes":""},"categories":[4,8],"tags":[],"class_list":["post-5625","post","type-post","status-publish","format-standard","hentry","category-aktualnosci","category-opinie-amu"],"yoast_head":"<!-- This site is optimized with the Yoast SEO plugin v25.0 - https:\/\/yoast.com\/wordpress\/plugins\/seo\/ -->\n<title>Opinia AMU PAN w sprawie projektu ustawy o zmianie ustawy o Polskiej Akademii Nauk oraz niekt\u00f3rych innych ustaw - Akademia M\u0142odych Uczonych<\/title>\n<meta name=\"robots\" content=\"index, follow, max-snippet:-1, max-image-preview:large, max-video-preview:-1\" \/>\n<link rel=\"canonical\" href=\"https:\/\/amu.pan.pl\/en\/opinia-amu-pan-w-sprawie-ustawy-o-pan\/\" \/>\n<meta property=\"og:locale\" content=\"en_GB\" \/>\n<meta property=\"og:type\" content=\"article\" \/>\n<meta property=\"og:title\" content=\"Opinia AMU PAN w sprawie projektu ustawy o zmianie ustawy o Polskiej Akademii Nauk oraz niekt\u00f3rych innych ustaw - Akademia M\u0142odych Uczonych\" \/>\n<meta property=\"og:description\" content=\"Akademia M\u0142odych Uczonych PAN opiniuje w sprawie projektu ustawy o zmianie ustawy o Polskiej Akademii Nauk oraz niekt\u00f3rych innych ustaw. Powered By EmbedPress\" \/>\n<meta property=\"og:url\" content=\"https:\/\/amu.pan.pl\/en\/opinia-amu-pan-w-sprawie-ustawy-o-pan\/\" \/>\n<meta property=\"og:site_name\" content=\"Akademia M\u0142odych Uczonych\" \/>\n<meta property=\"article:publisher\" content=\"https:\/\/www.facebook.com\/AkademiaMlodychUczonych\/\" \/>\n<meta property=\"article:published_time\" content=\"2024-09-16T09:29:19+00:00\" \/>\n<meta property=\"article:modified_time\" content=\"2024-09-20T09:32:14+00:00\" \/>\n<meta property=\"og:image\" content=\"https:\/\/amu.pan.pl\/wp-content\/uploads\/2020\/09\/AMU_logo.png\" \/>\n\t<meta property=\"og:image:width\" content=\"600\" \/>\n\t<meta property=\"og:image:height\" content=\"342\" \/>\n\t<meta property=\"og:image:type\" content=\"image\/png\" \/>\n<meta name=\"author\" content=\"redaktor\" \/>\n<meta name=\"twitter:card\" content=\"summary_large_image\" \/>\n<meta name=\"twitter:creator\" content=\"@AMUPAN1\" \/>\n<meta name=\"twitter:site\" content=\"@AMUPAN1\" \/>\n<meta name=\"twitter:label1\" content=\"Written by\" \/>\n\t<meta name=\"twitter:data1\" content=\"redaktor\" \/>\n<script type=\"application\/ld+json\" class=\"yoast-schema-graph\">{\"@context\":\"https:\/\/schema.org\",\"@graph\":[{\"@type\":\"Article\",\"@id\":\"https:\/\/amu.pan.pl\/opinia-amu-pan-w-sprawie-ustawy-o-pan\/#article\",\"isPartOf\":{\"@id\":\"https:\/\/amu.pan.pl\/opinia-amu-pan-w-sprawie-ustawy-o-pan\/\"},\"author\":{\"name\":\"redaktor\",\"@id\":\"https:\/\/amu.pan.pl\/#\/schema\/person\/6228761cf33db76ffb28beafb9e62758\"},\"headline\":\"Opinia AMU PAN w sprawie projektu ustawy o zmianie ustawy o Polskiej Akademii Nauk oraz niekt\u00f3rych innych ustaw\",\"datePublished\":\"2024-09-16T09:29:19+00:00\",\"dateModified\":\"2024-09-20T09:32:14+00:00\",\"mainEntityOfPage\":{\"@id\":\"https:\/\/amu.pan.pl\/opinia-amu-pan-w-sprawie-ustawy-o-pan\/\"},\"wordCount\":44,\"publisher\":{\"@id\":\"https:\/\/amu.pan.pl\/#organization\"},\"articleSection\":[\"Aktualno\u015bci\",\"Opinie AMU\"],\"inLanguage\":\"en-GB\"},{\"@type\":\"WebPage\",\"@id\":\"https:\/\/amu.pan.pl\/opinia-amu-pan-w-sprawie-ustawy-o-pan\/\",\"url\":\"https:\/\/amu.pan.pl\/opinia-amu-pan-w-sprawie-ustawy-o-pan\/\",\"name\":\"Opinia AMU PAN w sprawie projektu ustawy o zmianie ustawy o Polskiej Akademii Nauk oraz niekt\u00f3rych innych ustaw - Akademia M\u0142odych Uczonych\",\"isPartOf\":{\"@id\":\"https:\/\/amu.pan.pl\/#website\"},\"datePublished\":\"2024-09-16T09:29:19+00:00\",\"dateModified\":\"2024-09-20T09:32:14+00:00\",\"breadcrumb\":{\"@id\":\"https:\/\/amu.pan.pl\/opinia-amu-pan-w-sprawie-ustawy-o-pan\/#breadcrumb\"},\"inLanguage\":\"en-GB\",\"potentialAction\":[{\"@type\":\"ReadAction\",\"target\":[\"https:\/\/amu.pan.pl\/opinia-amu-pan-w-sprawie-ustawy-o-pan\/\"]}]},{\"@type\":\"BreadcrumbList\",\"@id\":\"https:\/\/amu.pan.pl\/opinia-amu-pan-w-sprawie-ustawy-o-pan\/#breadcrumb\",\"itemListElement\":[{\"@type\":\"ListItem\",\"position\":1,\"name\":\"Strona g\u0142\u00f3wna\",\"item\":\"https:\/\/amu.pan.pl\/\"},{\"@type\":\"ListItem\",\"position\":2,\"name\":\"Opinia AMU PAN w sprawie projektu ustawy o zmianie ustawy o Polskiej Akademii Nauk oraz niekt\u00f3rych innych ustaw\"}]},{\"@type\":\"WebSite\",\"@id\":\"https:\/\/amu.pan.pl\/#website\",\"url\":\"https:\/\/amu.pan.pl\/\",\"name\":\"Akademia M\u0142odych Uczonych\",\"description\":\"Polska Akademia Nauk\",\"publisher\":{\"@id\":\"https:\/\/amu.pan.pl\/#organization\"},\"potentialAction\":[{\"@type\":\"SearchAction\",\"target\":{\"@type\":\"EntryPoint\",\"urlTemplate\":\"https:\/\/amu.pan.pl\/?s={search_term_string}\"},\"query-input\":{\"@type\":\"PropertyValueSpecification\",\"valueRequired\":true,\"valueName\":\"search_term_string\"}}],\"inLanguage\":\"en-GB\"},{\"@type\":\"Organization\",\"@id\":\"https:\/\/amu.pan.pl\/#organization\",\"name\":\"Akademia M\u0142odych Uczonych\",\"url\":\"https:\/\/amu.pan.pl\/\",\"logo\":{\"@type\":\"ImageObject\",\"inLanguage\":\"en-GB\",\"@id\":\"https:\/\/amu.pan.pl\/#\/schema\/logo\/image\/\",\"url\":\"https:\/\/amu.pan.pl\/wp-content\/uploads\/2020\/08\/zz_amu.png\",\"contentUrl\":\"https:\/\/amu.pan.pl\/wp-content\/uploads\/2020\/08\/zz_amu.png\",\"width\":2794,\"height\":1016,\"caption\":\"Akademia M\u0142odych Uczonych\"},\"image\":{\"@id\":\"https:\/\/amu.pan.pl\/#\/schema\/logo\/image\/\"},\"sameAs\":[\"https:\/\/www.facebook.com\/AkademiaMlodychUczonych\/\",\"https:\/\/x.com\/AMUPAN1\"]},{\"@type\":\"Person\",\"@id\":\"https:\/\/amu.pan.pl\/#\/schema\/person\/6228761cf33db76ffb28beafb9e62758\",\"name\":\"redaktor\",\"image\":{\"@type\":\"ImageObject\",\"inLanguage\":\"en-GB\",\"@id\":\"https:\/\/amu.pan.pl\/#\/schema\/person\/image\/\",\"url\":\"https:\/\/secure.gravatar.com\/avatar\/a0599af3d5c48d4131a3e882d6a2cedfdbc82b886c803755075873f68351b8b5?s=96&d=mm&r=g\",\"contentUrl\":\"https:\/\/secure.gravatar.com\/avatar\/a0599af3d5c48d4131a3e882d6a2cedfdbc82b886c803755075873f68351b8b5?s=96&d=mm&r=g\",\"caption\":\"redaktor\"},\"url\":\"https:\/\/amu.pan.pl\/en\/author\/redaktor\/\"}]}<\/script>\n<!-- \/ Yoast SEO plugin. -->","yoast_head_json":{"title":"Opinia AMU PAN w sprawie projektu ustawy o zmianie ustawy o Polskiej Akademii Nauk oraz niekt\u00f3rych innych ustaw - Akademia M\u0142odych Uczonych","robots":{"index":"index","follow":"follow","max-snippet":"max-snippet:-1","max-image-preview":"max-image-preview:large","max-video-preview":"max-video-preview:-1"},"canonical":"https:\/\/amu.pan.pl\/en\/opinia-amu-pan-w-sprawie-ustawy-o-pan\/","og_locale":"en_GB","og_type":"article","og_title":"Opinia AMU PAN w sprawie projektu ustawy o zmianie ustawy o Polskiej Akademii Nauk oraz niekt\u00f3rych innych ustaw - Akademia M\u0142odych Uczonych","og_description":"Akademia M\u0142odych Uczonych PAN opiniuje w sprawie projektu ustawy o zmianie ustawy o Polskiej Akademii Nauk oraz niekt\u00f3rych innych ustaw. Powered By EmbedPress","og_url":"https:\/\/amu.pan.pl\/en\/opinia-amu-pan-w-sprawie-ustawy-o-pan\/","og_site_name":"Akademia M\u0142odych Uczonych","article_publisher":"https:\/\/www.facebook.com\/AkademiaMlodychUczonych\/","article_published_time":"2024-09-16T09:29:19+00:00","article_modified_time":"2024-09-20T09:32:14+00:00","og_image":[{"width":600,"height":342,"url":"https:\/\/amu.pan.pl\/wp-content\/uploads\/2020\/09\/AMU_logo.png","type":"image\/png"}],"author":"redaktor","twitter_card":"summary_large_image","twitter_creator":"@AMUPAN1","twitter_site":"@AMUPAN1","twitter_misc":{"Written by":"redaktor"},"schema":{"@context":"https:\/\/schema.org","@graph":[{"@type":"Article","@id":"https:\/\/amu.pan.pl\/opinia-amu-pan-w-sprawie-ustawy-o-pan\/#article","isPartOf":{"@id":"https:\/\/amu.pan.pl\/opinia-amu-pan-w-sprawie-ustawy-o-pan\/"},"author":{"name":"redaktor","@id":"https:\/\/amu.pan.pl\/#\/schema\/person\/6228761cf33db76ffb28beafb9e62758"},"headline":"Opinia AMU PAN w sprawie projektu ustawy o zmianie ustawy o Polskiej Akademii Nauk oraz niekt\u00f3rych innych ustaw","datePublished":"2024-09-16T09:29:19+00:00","dateModified":"2024-09-20T09:32:14+00:00","mainEntityOfPage":{"@id":"https:\/\/amu.pan.pl\/opinia-amu-pan-w-sprawie-ustawy-o-pan\/"},"wordCount":44,"publisher":{"@id":"https:\/\/amu.pan.pl\/#organization"},"articleSection":["Aktualno\u015bci","Opinie AMU"],"inLanguage":"en-GB"},{"@type":"WebPage","@id":"https:\/\/amu.pan.pl\/opinia-amu-pan-w-sprawie-ustawy-o-pan\/","url":"https:\/\/amu.pan.pl\/opinia-amu-pan-w-sprawie-ustawy-o-pan\/","name":"Opinia AMU PAN w sprawie projektu ustawy o zmianie ustawy o Polskiej Akademii Nauk oraz niekt\u00f3rych innych ustaw - Akademia M\u0142odych Uczonych","isPartOf":{"@id":"https:\/\/amu.pan.pl\/#website"},"datePublished":"2024-09-16T09:29:19+00:00","dateModified":"2024-09-20T09:32:14+00:00","breadcrumb":{"@id":"https:\/\/amu.pan.pl\/opinia-amu-pan-w-sprawie-ustawy-o-pan\/#breadcrumb"},"inLanguage":"en-GB","potentialAction":[{"@type":"ReadAction","target":["https:\/\/amu.pan.pl\/opinia-amu-pan-w-sprawie-ustawy-o-pan\/"]}]},{"@type":"BreadcrumbList","@id":"https:\/\/amu.pan.pl\/opinia-amu-pan-w-sprawie-ustawy-o-pan\/#breadcrumb","itemListElement":[{"@type":"ListItem","position":1,"name":"Strona g\u0142\u00f3wna","item":"https:\/\/amu.pan.pl\/"},{"@type":"ListItem","position":2,"name":"Opinia AMU PAN w sprawie projektu ustawy o zmianie ustawy o Polskiej Akademii Nauk oraz niekt\u00f3rych innych ustaw"}]},{"@type":"WebSite","@id":"https:\/\/amu.pan.pl\/#website","url":"https:\/\/amu.pan.pl\/","name":"Akademia M\u0142odych Uczonych","description":"Polska Akademia Nauk","publisher":{"@id":"https:\/\/amu.pan.pl\/#organization"},"potentialAction":[{"@type":"SearchAction","target":{"@type":"EntryPoint","urlTemplate":"https:\/\/amu.pan.pl\/?s={search_term_string}"},"query-input":{"@type":"PropertyValueSpecification","valueRequired":true,"valueName":"search_term_string"}}],"inLanguage":"en-GB"},{"@type":"Organization","@id":"https:\/\/amu.pan.pl\/#organization","name":"Akademia M\u0142odych Uczonych","url":"https:\/\/amu.pan.pl\/","logo":{"@type":"ImageObject","inLanguage":"en-GB","@id":"https:\/\/amu.pan.pl\/#\/schema\/logo\/image\/","url":"https:\/\/amu.pan.pl\/wp-content\/uploads\/2020\/08\/zz_amu.png","contentUrl":"https:\/\/amu.pan.pl\/wp-content\/uploads\/2020\/08\/zz_amu.png","width":2794,"height":1016,"caption":"Akademia M\u0142odych Uczonych"},"image":{"@id":"https:\/\/amu.pan.pl\/#\/schema\/logo\/image\/"},"sameAs":["https:\/\/www.facebook.com\/AkademiaMlodychUczonych\/","https:\/\/x.com\/AMUPAN1"]},{"@type":"Person","@id":"https:\/\/amu.pan.pl\/#\/schema\/person\/6228761cf33db76ffb28beafb9e62758","name":"redaktor","image":{"@type":"ImageObject","inLanguage":"en-GB","@id":"https:\/\/amu.pan.pl\/#\/schema\/person\/image\/","url":"https:\/\/secure.gravatar.com\/avatar\/a0599af3d5c48d4131a3e882d6a2cedfdbc82b886c803755075873f68351b8b5?s=96&d=mm&r=g","contentUrl":"https:\/\/secure.gravatar.com\/avatar\/a0599af3d5c48d4131a3e882d6a2cedfdbc82b886c803755075873f68351b8b5?s=96&d=mm&r=g","caption":"redaktor"},"url":"https:\/\/amu.pan.pl\/en\/author\/redaktor\/"}]}},"_links":{"self":[{"href":"https:\/\/amu.pan.pl\/en\/wp-json\/wp\/v2\/posts\/5625","targetHints":{"allow":["GET"]}}],"collection":[{"href":"https:\/\/amu.pan.pl\/en\/wp-json\/wp\/v2\/posts"}],"about":[{"href":"https:\/\/amu.pan.pl\/en\/wp-json\/wp\/v2\/types\/post"}],"author":[{"embeddable":true,"href":"https:\/\/amu.pan.pl\/en\/wp-json\/wp\/v2\/users\/2"}],"replies":[{"embeddable":true,"href":"https:\/\/amu.pan.pl\/en\/wp-json\/wp\/v2\/comments?post=5625"}],"version-history":[{"count":6,"href":"https:\/\/amu.pan.pl\/en\/wp-json\/wp\/v2\/posts\/5625\/revisions"}],"predecessor-version":[{"id":5632,"href":"https:\/\/amu.pan.pl\/en\/wp-json\/wp\/v2\/posts\/5625\/revisions\/5632"}],"wp:attachment":[{"href":"https:\/\/amu.pan.pl\/en\/wp-json\/wp\/v2\/media?parent=5625"}],"wp:term":[{"taxonomy":"category","embeddable":true,"href":"https:\/\/amu.pan.pl\/en\/wp-json\/wp\/v2\/categories?post=5625"},{"taxonomy":"post_tag","embeddable":true,"href":"https:\/\/amu.pan.pl\/en\/wp-json\/wp\/v2\/tags?post=5625"}],"curies":[{"name":"wp","href":"https:\/\/api.w.org\/{rel}","templated":true}]}}