{"id":5633,"date":"2024-09-09T13:41:55","date_gmt":"2024-09-09T11:41:55","guid":{"rendered":"https:\/\/amu.pan.pl\/?p=5633"},"modified":"2024-09-20T13:55:27","modified_gmt":"2024-09-20T11:55:27","slug":"konferencja-gophd","status":"publish","type":"post","link":"https:\/\/amu.pan.pl\/en\/konferencja-gophd\/","title":{"rendered":"Konferencja Go!PhD"},"content":{"rendered":"<p>Akademia M\u0142odych Uczonych PAN obj\u0119\u0142a swoim patronatem konferencj\u0119 Go!PhD. Celem konferencji jest wymiana do\u015bwiadcze\u0144 i wiedzy z r\u00f3\u017cnych \u015brodowisk naukowych oraz stworzenie platformy inspiruj\u0105cych dyskusji, sprzyjaj\u0105cych nawi\u0105zywaniu nowych wsp\u00f3\u0142prac naukowych oraz rozwojowi kariery badawczej. Konferencja skierowana zostanie do Student\u00f3w, Doktorant\u00f3w, Uczestnik\u00f3w Szk\u00f3\u0142 Doktorskich oraz M\u0142odych Naukowc\u00f3w. Proponowany zakres tematyczny konferencji obejmuje nast\u0119puj\u0105ce bloki tematyczne: Onkologia, Choroby cywilizacyjne, Choroby genetyczne. Wydarzenie odb\u0119dzie si\u0119 w dniach 20-22 listopada w formie hybrydowej w budynkach Uniwersytetu Medycznego w Lublinie. Organizowane jest przez Zarz\u0105d Samorz\u0105du Doktorant\u00f3w Uniwersytetu Medycznego w Lublinie i Szko\u0142\u0119 Doktorsk\u0105 Uniwersytetu Medycznego w Lublinie.<\/p>","protected":false},"excerpt":{"rendered":"<p>Akademia M\u0142odych Uczonych PAN obj\u0119\u0142a swoim patronatem konferencj\u0119 Go!PhD. Celem konferencji jest wymiana do\u015bwiadcze\u0144 i wiedzy z r\u00f3\u017cnych \u015brodowisk naukowych oraz stworzenie platformy inspiruj\u0105cych dyskusji, sprzyjaj\u0105cych nawi\u0105zywaniu nowych wsp\u00f3\u0142prac naukowych oraz rozwojowi kariery badawczej. Konferencja skierowana zostanie do Student\u00f3w, Doktorant\u00f3w, Uczestnik\u00f3w Szk\u00f3\u0142 Doktorskich oraz M\u0142odych Naukowc\u00f3w. Proponowany zakres tematyczny konferencji obejmuje nast\u0119puj\u0105ce bloki tematyczne: Onkologia, [&hellip;]<\/p>","protected":false},"author":2,"featured_media":0,"comment_status":"closed","ping_status":"closed","sticky":false,"template":"","format":"standard","meta":{"_monsterinsights_skip_tracking":false,"_monsterinsights_sitenote_active":false,"_monsterinsights_sitenote_note":"","_monsterinsights_sitenote_category":0,"footnotes":""},"categories":[16],"tags":[],"class_list":["post-5633","post","type-post","status-publish","format-standard","hentry","category-patronaty"],"yoast_head":"<!-- This site is optimized with the Yoast SEO plugin v25.0 - https:\/\/yoast.com\/wordpress\/plugins\/seo\/ -->\n<title>Konferencja Go!PhD - Akademia M\u0142odych Uczonych<\/title>\n<meta name=\"description\" content=\"AMU PAN obj\u0119\u0142o patronatem wydarzenie &quot;KONFERENCJA OCHRONY RO\u015aLIN 63. Sesja Naukowa Instytutu Ochrony Ro\u015blin \u2013 PIB&quot;.\" \/>\n<meta name=\"robots\" content=\"index, follow, max-snippet:-1, max-image-preview:large, max-video-preview:-1\" \/>\n<link rel=\"canonical\" href=\"https:\/\/amu.pan.pl\/en\/konferencja-gophd\/\" \/>\n<meta property=\"og:locale\" content=\"en_GB\" \/>\n<meta property=\"og:type\" content=\"article\" \/>\n<meta property=\"og:title\" content=\"Konferencja Go!PhD - Akademia M\u0142odych Uczonych\" \/>\n<meta property=\"og:description\" content=\"AMU PAN obj\u0119\u0142o patronatem wydarzenie &quot;KONFERENCJA OCHRONY RO\u015aLIN 63. Sesja Naukowa Instytutu Ochrony Ro\u015blin \u2013 PIB&quot;.\" \/>\n<meta property=\"og:url\" content=\"https:\/\/amu.pan.pl\/en\/konferencja-gophd\/\" \/>\n<meta property=\"og:site_name\" content=\"Akademia M\u0142odych Uczonych\" \/>\n<meta property=\"article:publisher\" content=\"https:\/\/www.facebook.com\/AkademiaMlodychUczonych\/\" \/>\n<meta property=\"article:published_time\" content=\"2024-09-09T11:41:55+00:00\" \/>\n<meta property=\"article:modified_time\" content=\"2024-09-20T11:55:27+00:00\" \/>\n<meta property=\"og:image\" content=\"https:\/\/amu.pan.pl\/wp-content\/uploads\/2020\/09\/AMU_logo.png\" \/>\n\t<meta property=\"og:image:width\" content=\"600\" \/>\n\t<meta property=\"og:image:height\" content=\"342\" \/>\n\t<meta property=\"og:image:type\" content=\"image\/png\" \/>\n<meta name=\"author\" content=\"redaktor\" \/>\n<meta name=\"twitter:card\" content=\"summary_large_image\" \/>\n<meta name=\"twitter:creator\" content=\"@AMUPAN1\" \/>\n<meta name=\"twitter:site\" content=\"@AMUPAN1\" \/>\n<meta name=\"twitter:label1\" content=\"Written by\" \/>\n\t<meta name=\"twitter:data1\" content=\"redaktor\" \/>\n\t<meta name=\"twitter:label2\" content=\"Estimated reading time\" \/>\n\t<meta name=\"twitter:data2\" content=\"1 minute\" \/>\n<script type=\"application\/ld+json\" class=\"yoast-schema-graph\">{\"@context\":\"https:\/\/schema.org\",\"@graph\":[{\"@type\":\"Article\",\"@id\":\"https:\/\/amu.pan.pl\/en\/konferencja-gophd\/#article\",\"isPartOf\":{\"@id\":\"https:\/\/amu.pan.pl\/en\/konferencja-gophd\/\"},\"author\":{\"name\":\"redaktor\",\"@id\":\"https:\/\/amu.pan.pl\/#\/schema\/person\/6228761cf33db76ffb28beafb9e62758\"},\"headline\":\"Konferencja Go!PhD\",\"datePublished\":\"2024-09-09T11:41:55+00:00\",\"dateModified\":\"2024-09-20T11:55:27+00:00\",\"mainEntityOfPage\":{\"@id\":\"https:\/\/amu.pan.pl\/en\/konferencja-gophd\/\"},\"wordCount\":115,\"publisher\":{\"@id\":\"https:\/\/amu.pan.pl\/#organization\"},\"articleSection\":[\"Patronaty\"],\"inLanguage\":\"en-GB\"},{\"@type\":\"WebPage\",\"@id\":\"https:\/\/amu.pan.pl\/en\/konferencja-gophd\/\",\"url\":\"https:\/\/amu.pan.pl\/en\/konferencja-gophd\/\",\"name\":\"Konferencja Go!PhD - Akademia M\u0142odych Uczonych\",\"isPartOf\":{\"@id\":\"https:\/\/amu.pan.pl\/#website\"},\"datePublished\":\"2024-09-09T11:41:55+00:00\",\"dateModified\":\"2024-09-20T11:55:27+00:00\",\"description\":\"AMU PAN obj\u0119\u0142o patronatem wydarzenie \\\"KONFERENCJA OCHRONY RO\u015aLIN 63. Sesja Naukowa Instytutu Ochrony Ro\u015blin \u2013 PIB\\\".\",\"breadcrumb\":{\"@id\":\"https:\/\/amu.pan.pl\/en\/konferencja-gophd\/#breadcrumb\"},\"inLanguage\":\"en-GB\",\"potentialAction\":[{\"@type\":\"ReadAction\",\"target\":[\"https:\/\/amu.pan.pl\/en\/konferencja-gophd\/\"]}]},{\"@type\":\"BreadcrumbList\",\"@id\":\"https:\/\/amu.pan.pl\/en\/konferencja-gophd\/#breadcrumb\",\"itemListElement\":[{\"@type\":\"ListItem\",\"position\":1,\"name\":\"Strona g\u0142\u00f3wna\",\"item\":\"https:\/\/amu.pan.pl\/\"},{\"@type\":\"ListItem\",\"position\":2,\"name\":\"Konferencja Go!PhD\"}]},{\"@type\":\"WebSite\",\"@id\":\"https:\/\/amu.pan.pl\/#website\",\"url\":\"https:\/\/amu.pan.pl\/\",\"name\":\"Akademia M\u0142odych Uczonych\",\"description\":\"Polska Akademia Nauk\",\"publisher\":{\"@id\":\"https:\/\/amu.pan.pl\/#organization\"},\"potentialAction\":[{\"@type\":\"SearchAction\",\"target\":{\"@type\":\"EntryPoint\",\"urlTemplate\":\"https:\/\/amu.pan.pl\/?s={search_term_string}\"},\"query-input\":{\"@type\":\"PropertyValueSpecification\",\"valueRequired\":true,\"valueName\":\"search_term_string\"}}],\"inLanguage\":\"en-GB\"},{\"@type\":\"Organization\",\"@id\":\"https:\/\/amu.pan.pl\/#organization\",\"name\":\"Akademia M\u0142odych Uczonych\",\"url\":\"https:\/\/amu.pan.pl\/\",\"logo\":{\"@type\":\"ImageObject\",\"inLanguage\":\"en-GB\",\"@id\":\"https:\/\/amu.pan.pl\/#\/schema\/logo\/image\/\",\"url\":\"https:\/\/amu.pan.pl\/wp-content\/uploads\/2020\/08\/zz_amu.png\",\"contentUrl\":\"https:\/\/amu.pan.pl\/wp-content\/uploads\/2020\/08\/zz_amu.png\",\"width\":2794,\"height\":1016,\"caption\":\"Akademia M\u0142odych Uczonych\"},\"image\":{\"@id\":\"https:\/\/amu.pan.pl\/#\/schema\/logo\/image\/\"},\"sameAs\":[\"https:\/\/www.facebook.com\/AkademiaMlodychUczonych\/\",\"https:\/\/x.com\/AMUPAN1\"]},{\"@type\":\"Person\",\"@id\":\"https:\/\/amu.pan.pl\/#\/schema\/person\/6228761cf33db76ffb28beafb9e62758\",\"name\":\"redaktor\",\"image\":{\"@type\":\"ImageObject\",\"inLanguage\":\"en-GB\",\"@id\":\"https:\/\/amu.pan.pl\/#\/schema\/person\/image\/\",\"url\":\"https:\/\/secure.gravatar.com\/avatar\/a0599af3d5c48d4131a3e882d6a2cedfdbc82b886c803755075873f68351b8b5?s=96&d=mm&r=g\",\"contentUrl\":\"https:\/\/secure.gravatar.com\/avatar\/a0599af3d5c48d4131a3e882d6a2cedfdbc82b886c803755075873f68351b8b5?s=96&d=mm&r=g\",\"caption\":\"redaktor\"},\"url\":\"https:\/\/amu.pan.pl\/en\/author\/redaktor\/\"}]}<\/script>\n<!-- \/ Yoast SEO plugin. -->","yoast_head_json":{"title":"Konferencja Go!PhD - Akademia M\u0142odych Uczonych","description":"AMU PAN obj\u0119\u0142o patronatem wydarzenie \"KONFERENCJA OCHRONY RO\u015aLIN 63. Sesja Naukowa Instytutu Ochrony Ro\u015blin \u2013 PIB\".","robots":{"index":"index","follow":"follow","max-snippet":"max-snippet:-1","max-image-preview":"max-image-preview:large","max-video-preview":"max-video-preview:-1"},"canonical":"https:\/\/amu.pan.pl\/en\/konferencja-gophd\/","og_locale":"en_GB","og_type":"article","og_title":"Konferencja Go!PhD - Akademia M\u0142odych Uczonych","og_description":"AMU PAN obj\u0119\u0142o patronatem wydarzenie \"KONFERENCJA OCHRONY RO\u015aLIN 63. Sesja Naukowa Instytutu Ochrony Ro\u015blin \u2013 PIB\".","og_url":"https:\/\/amu.pan.pl\/en\/konferencja-gophd\/","og_site_name":"Akademia M\u0142odych Uczonych","article_publisher":"https:\/\/www.facebook.com\/AkademiaMlodychUczonych\/","article_published_time":"2024-09-09T11:41:55+00:00","article_modified_time":"2024-09-20T11:55:27+00:00","og_image":[{"width":600,"height":342,"url":"https:\/\/amu.pan.pl\/wp-content\/uploads\/2020\/09\/AMU_logo.png","type":"image\/png"}],"author":"redaktor","twitter_card":"summary_large_image","twitter_creator":"@AMUPAN1","twitter_site":"@AMUPAN1","twitter_misc":{"Written by":"redaktor","Estimated reading time":"1 minute"},"schema":{"@context":"https:\/\/schema.org","@graph":[{"@type":"Article","@id":"https:\/\/amu.pan.pl\/en\/konferencja-gophd\/#article","isPartOf":{"@id":"https:\/\/amu.pan.pl\/en\/konferencja-gophd\/"},"author":{"name":"redaktor","@id":"https:\/\/amu.pan.pl\/#\/schema\/person\/6228761cf33db76ffb28beafb9e62758"},"headline":"Konferencja Go!PhD","datePublished":"2024-09-09T11:41:55+00:00","dateModified":"2024-09-20T11:55:27+00:00","mainEntityOfPage":{"@id":"https:\/\/amu.pan.pl\/en\/konferencja-gophd\/"},"wordCount":115,"publisher":{"@id":"https:\/\/amu.pan.pl\/#organization"},"articleSection":["Patronaty"],"inLanguage":"en-GB"},{"@type":"WebPage","@id":"https:\/\/amu.pan.pl\/en\/konferencja-gophd\/","url":"https:\/\/amu.pan.pl\/en\/konferencja-gophd\/","name":"Konferencja Go!PhD - Akademia M\u0142odych Uczonych","isPartOf":{"@id":"https:\/\/amu.pan.pl\/#website"},"datePublished":"2024-09-09T11:41:55+00:00","dateModified":"2024-09-20T11:55:27+00:00","description":"AMU PAN obj\u0119\u0142o patronatem wydarzenie \"KONFERENCJA OCHRONY RO\u015aLIN 63. Sesja Naukowa Instytutu Ochrony Ro\u015blin \u2013 PIB\".","breadcrumb":{"@id":"https:\/\/amu.pan.pl\/en\/konferencja-gophd\/#breadcrumb"},"inLanguage":"en-GB","potentialAction":[{"@type":"ReadAction","target":["https:\/\/amu.pan.pl\/en\/konferencja-gophd\/"]}]},{"@type":"BreadcrumbList","@id":"https:\/\/amu.pan.pl\/en\/konferencja-gophd\/#breadcrumb","itemListElement":[{"@type":"ListItem","position":1,"name":"Strona g\u0142\u00f3wna","item":"https:\/\/amu.pan.pl\/"},{"@type":"ListItem","position":2,"name":"Konferencja Go!PhD"}]},{"@type":"WebSite","@id":"https:\/\/amu.pan.pl\/#website","url":"https:\/\/amu.pan.pl\/","name":"Akademia M\u0142odych Uczonych","description":"Polska Akademia Nauk","publisher":{"@id":"https:\/\/amu.pan.pl\/#organization"},"potentialAction":[{"@type":"SearchAction","target":{"@type":"EntryPoint","urlTemplate":"https:\/\/amu.pan.pl\/?s={search_term_string}"},"query-input":{"@type":"PropertyValueSpecification","valueRequired":true,"valueName":"search_term_string"}}],"inLanguage":"en-GB"},{"@type":"Organization","@id":"https:\/\/amu.pan.pl\/#organization","name":"Akademia M\u0142odych Uczonych","url":"https:\/\/amu.pan.pl\/","logo":{"@type":"ImageObject","inLanguage":"en-GB","@id":"https:\/\/amu.pan.pl\/#\/schema\/logo\/image\/","url":"https:\/\/amu.pan.pl\/wp-content\/uploads\/2020\/08\/zz_amu.png","contentUrl":"https:\/\/amu.pan.pl\/wp-content\/uploads\/2020\/08\/zz_amu.png","width":2794,"height":1016,"caption":"Akademia M\u0142odych Uczonych"},"image":{"@id":"https:\/\/amu.pan.pl\/#\/schema\/logo\/image\/"},"sameAs":["https:\/\/www.facebook.com\/AkademiaMlodychUczonych\/","https:\/\/x.com\/AMUPAN1"]},{"@type":"Person","@id":"https:\/\/amu.pan.pl\/#\/schema\/person\/6228761cf33db76ffb28beafb9e62758","name":"redaktor","image":{"@type":"ImageObject","inLanguage":"en-GB","@id":"https:\/\/amu.pan.pl\/#\/schema\/person\/image\/","url":"https:\/\/secure.gravatar.com\/avatar\/a0599af3d5c48d4131a3e882d6a2cedfdbc82b886c803755075873f68351b8b5?s=96&d=mm&r=g","contentUrl":"https:\/\/secure.gravatar.com\/avatar\/a0599af3d5c48d4131a3e882d6a2cedfdbc82b886c803755075873f68351b8b5?s=96&d=mm&r=g","caption":"redaktor"},"url":"https:\/\/amu.pan.pl\/en\/author\/redaktor\/"}]}},"_links":{"self":[{"href":"https:\/\/amu.pan.pl\/en\/wp-json\/wp\/v2\/posts\/5633","targetHints":{"allow":["GET"]}}],"collection":[{"href":"https:\/\/amu.pan.pl\/en\/wp-json\/wp\/v2\/posts"}],"about":[{"href":"https:\/\/amu.pan.pl\/en\/wp-json\/wp\/v2\/types\/post"}],"author":[{"embeddable":true,"href":"https:\/\/amu.pan.pl\/en\/wp-json\/wp\/v2\/users\/2"}],"replies":[{"embeddable":true,"href":"https:\/\/amu.pan.pl\/en\/wp-json\/wp\/v2\/comments?post=5633"}],"version-history":[{"count":1,"href":"https:\/\/amu.pan.pl\/en\/wp-json\/wp\/v2\/posts\/5633\/revisions"}],"predecessor-version":[{"id":5634,"href":"https:\/\/amu.pan.pl\/en\/wp-json\/wp\/v2\/posts\/5633\/revisions\/5634"}],"wp:attachment":[{"href":"https:\/\/amu.pan.pl\/en\/wp-json\/wp\/v2\/media?parent=5633"}],"wp:term":[{"taxonomy":"category","embeddable":true,"href":"https:\/\/amu.pan.pl\/en\/wp-json\/wp\/v2\/categories?post=5633"},{"taxonomy":"post_tag","embeddable":true,"href":"https:\/\/amu.pan.pl\/en\/wp-json\/wp\/v2\/tags?post=5633"}],"curies":[{"name":"wp","href":"https:\/\/api.w.org\/{rel}","templated":true}]}}