{"id":6050,"date":"2026-02-23T15:51:31","date_gmt":"2026-02-23T14:51:31","guid":{"rendered":"https:\/\/amu.pan.pl\/?p=6050"},"modified":"2026-03-09T12:00:43","modified_gmt":"2026-03-09T11:00:43","slug":"wybory-czlonkow-akademii-mlodych-uczonych-w-2026-roku","status":"publish","type":"post","link":"https:\/\/amu.pan.pl\/en\/wybory-czlonkow-akademii-mlodych-uczonych-w-2026-roku\/","title":{"rendered":"Wybory cz\u0142onk\u00f3w Akademii M\u0142odych Uczonych w 2026 roku"},"content":{"rendered":"<div data-elementor-type=\"wp-post\" data-elementor-id=\"6050\" class=\"elementor elementor-6050\">\n\t\t\t\t\t\t<section class=\"elementor-section elementor-top-section elementor-element elementor-element-923bef5 elementor-section-boxed elementor-section-height-default elementor-section-height-default\" data-id=\"923bef5\" data-element_type=\"section\">\n\t\t\t\t\t\t<div class=\"elementor-container elementor-column-gap-default\">\n\t\t\t\t\t<div class=\"elementor-column elementor-col-100 elementor-top-column elementor-element elementor-element-4ab850a\" data-id=\"4ab850a\" data-element_type=\"column\">\n\t\t\t<div class=\"elementor-widget-wrap elementor-element-populated\">\n\t\t\t\t\t\t<div class=\"elementor-element elementor-element-7f1dcf6 elementor-widget elementor-widget-text-editor\" data-id=\"7f1dcf6\" data-element_type=\"widget\" data-widget_type=\"text-editor.default\">\n\t\t\t\t<div class=\"elementor-widget-container\">\n\t\t\t\t\t\t\t\t\t<p>Polska Akademia Nauk og\u0142osi\u0142a nowy nab\u00f3r do Akademii M\u0142odych Uczonych. Zg\u0142oszenia kandydat\u00f3w przyjmowane s\u0105 do 18 kwietnia 2026 r.<br \/><br \/>Do AMU mog\u0105 zosta\u0107 wybrani naukowcy, kt\u00f3rzy w chwili wyboru nie uko\u0144czyli 38 lat i posiadaj\u0105 co najmniej stopie\u0144 doktora. Kandydat\u00f3w mog\u0105 zg\u0142asza\u0107 m.in. cz\u0142onkowie PAN, rady naukowe instytut\u00f3w, senaty uczelni oraz wybitni przedstawiciele \u015brodowiska naukowego.<br \/><br \/>To szansa dla badaczy, kt\u00f3rzy chc\u0105 wsp\u00f3\u0142tworzy\u0107 przysz\u0142o\u015b\u0107 polskiej nauki i dzia\u0142a\u0107 na rzecz m\u0142odego pokolenia uczonych. Cz\u0142onkostwo w Akademii M\u0142odych Uczonych to szansa na m.in.:<\/p><div class=\"x14z9mp xat24cr x1lziwak x1vvkbs xtlvy1s x126k92a\"><ul><li dir=\"auto\">zabieranie oficjalnego stanowiska w sprawach kluczowych dla polskiej nauki, a m\u0142odych naukowc\u00f3w w szczeg\u00f3lno\u015bci,<\/li><li dir=\"auto\">wsp\u00f3\u0142organizacj\u0119 rozpoznawalnych inicjatyw promuj\u0105cych i popularyzuj\u0105cych nauk\u0119,<\/li><li dir=\"auto\">instytucjonaln\u0105 wsp\u00f3\u0142prac\u0119 z akademiami m\u0142odych uczonych z ca\u0142ej Europy,<\/li><li dir=\"auto\">w\u0142\u0105czenie si\u0119 w prace komitet\u00f3w PAN,<\/li><li dir=\"auto\">osobist\u0105 wymian\u0119 do\u015bwiadcze\u0144 z innymi cz\u0142onkiniami i cz\u0142onkami AMU.<\/li><\/ul><\/div><p>Kandydatury na cz\u0142onk\u00f3w Akademii M\u0142odych Uczonych zg\u0142aszane s\u0105 w formie elektronicznej poprzez Elektroniczny System Obs\u0142ugi Wybor\u00f3w (ESOW). Wi\u0119cej informacji na <a href=\"https:\/\/pan.pl\/wybory-czlonkow-akademii-mlodych-uczonych-w-2026-roku\/\">stronie internetowej Polskiej Akademii Nauk<\/a>.\u00a0<\/p>\t\t\t\t\t\t\t\t<\/div>\n\t\t\t\t<\/div>\n\t\t\t\t\t<\/div>\n\t\t<\/div>\n\t\t\t\t\t<\/div>\n\t\t<\/section>\n\t\t\t\t<\/div>","protected":false},"excerpt":{"rendered":"<p>Polska Akademia Nauk og\u0142osi\u0142a nowy nab\u00f3r do Akademii M\u0142odych Uczonych. Zg\u0142oszenia kandydat\u00f3w przyjmowane s\u0105 do 18 kwietnia 2026 r.<\/p>","protected":false},"author":2,"featured_media":0,"comment_status":"closed","ping_status":"closed","sticky":false,"template":"","format":"standard","meta":{"_monsterinsights_skip_tracking":false,"_monsterinsights_sitenote_active":false,"_monsterinsights_sitenote_note":"","_monsterinsights_sitenote_category":0,"footnotes":""},"categories":[4],"tags":[],"class_list":["post-6050","post","type-post","status-publish","format-standard","hentry","category-aktualnosci"],"yoast_head":"<!-- This site is optimized with the Yoast SEO plugin v25.0 - https:\/\/yoast.com\/wordpress\/plugins\/seo\/ -->\n<title>Wybory cz\u0142onk\u00f3w Akademii M\u0142odych Uczonych w 2026 roku - Akademia M\u0142odych Uczonych<\/title>\n<meta name=\"robots\" content=\"index, follow, max-snippet:-1, max-image-preview:large, max-video-preview:-1\" \/>\n<link rel=\"canonical\" href=\"https:\/\/amu.pan.pl\/en\/wybory-czlonkow-akademii-mlodych-uczonych-w-2026-roku\/\" \/>\n<meta property=\"og:locale\" content=\"en_GB\" \/>\n<meta property=\"og:type\" content=\"article\" \/>\n<meta property=\"og:title\" content=\"Wybory cz\u0142onk\u00f3w Akademii M\u0142odych Uczonych w 2026 roku - Akademia M\u0142odych Uczonych\" \/>\n<meta property=\"og:description\" content=\"Polska Akademia Nauk og\u0142osi\u0142a nowy nab\u00f3r do Akademii M\u0142odych Uczonych. Zg\u0142oszenia kandydat\u00f3w przyjmowane s\u0105 do 18 kwietnia 2026 r.\" \/>\n<meta property=\"og:url\" content=\"https:\/\/amu.pan.pl\/en\/wybory-czlonkow-akademii-mlodych-uczonych-w-2026-roku\/\" \/>\n<meta property=\"og:site_name\" content=\"Akademia M\u0142odych Uczonych\" \/>\n<meta property=\"article:publisher\" content=\"https:\/\/www.facebook.com\/AkademiaMlodychUczonych\/\" \/>\n<meta property=\"article:published_time\" content=\"2026-02-23T14:51:31+00:00\" \/>\n<meta property=\"article:modified_time\" content=\"2026-03-09T11:00:43+00:00\" \/>\n<meta property=\"og:image\" content=\"https:\/\/amu.pan.pl\/wp-content\/uploads\/2020\/09\/AMU_logo.png\" \/>\n\t<meta property=\"og:image:width\" content=\"600\" \/>\n\t<meta property=\"og:image:height\" content=\"342\" \/>\n\t<meta property=\"og:image:type\" content=\"image\/png\" \/>\n<meta name=\"author\" content=\"redaktor\" \/>\n<meta name=\"twitter:card\" content=\"summary_large_image\" \/>\n<meta name=\"twitter:creator\" content=\"@AMUPAN1\" \/>\n<meta name=\"twitter:site\" content=\"@AMUPAN1\" \/>\n<meta name=\"twitter:label1\" content=\"Written by\" \/>\n\t<meta name=\"twitter:data1\" content=\"redaktor\" \/>\n\t<meta name=\"twitter:label2\" content=\"Estimated reading time\" \/>\n\t<meta name=\"twitter:data2\" content=\"1 minute\" \/>\n<script type=\"application\/ld+json\" class=\"yoast-schema-graph\">{\"@context\":\"https:\/\/schema.org\",\"@graph\":[{\"@type\":\"Article\",\"@id\":\"https:\/\/amu.pan.pl\/wybory-czlonkow-akademii-mlodych-uczonych-w-2026-roku\/#article\",\"isPartOf\":{\"@id\":\"https:\/\/amu.pan.pl\/wybory-czlonkow-akademii-mlodych-uczonych-w-2026-roku\/\"},\"author\":{\"name\":\"redaktor\",\"@id\":\"https:\/\/amu.pan.pl\/#\/schema\/person\/6228761cf33db76ffb28beafb9e62758\"},\"headline\":\"Wybory cz\u0142onk\u00f3w Akademii M\u0142odych Uczonych w 2026 roku\",\"datePublished\":\"2026-02-23T14:51:31+00:00\",\"dateModified\":\"2026-03-09T11:00:43+00:00\",\"mainEntityOfPage\":{\"@id\":\"https:\/\/amu.pan.pl\/wybory-czlonkow-akademii-mlodych-uczonych-w-2026-roku\/\"},\"wordCount\":201,\"publisher\":{\"@id\":\"https:\/\/amu.pan.pl\/#organization\"},\"articleSection\":[\"Aktualno\u015bci\"],\"inLanguage\":\"en-GB\"},{\"@type\":\"WebPage\",\"@id\":\"https:\/\/amu.pan.pl\/wybory-czlonkow-akademii-mlodych-uczonych-w-2026-roku\/\",\"url\":\"https:\/\/amu.pan.pl\/wybory-czlonkow-akademii-mlodych-uczonych-w-2026-roku\/\",\"name\":\"Wybory cz\u0142onk\u00f3w Akademii M\u0142odych Uczonych w 2026 roku - Akademia M\u0142odych Uczonych\",\"isPartOf\":{\"@id\":\"https:\/\/amu.pan.pl\/#website\"},\"datePublished\":\"2026-02-23T14:51:31+00:00\",\"dateModified\":\"2026-03-09T11:00:43+00:00\",\"breadcrumb\":{\"@id\":\"https:\/\/amu.pan.pl\/wybory-czlonkow-akademii-mlodych-uczonych-w-2026-roku\/#breadcrumb\"},\"inLanguage\":\"en-GB\",\"potentialAction\":[{\"@type\":\"ReadAction\",\"target\":[\"https:\/\/amu.pan.pl\/wybory-czlonkow-akademii-mlodych-uczonych-w-2026-roku\/\"]}]},{\"@type\":\"BreadcrumbList\",\"@id\":\"https:\/\/amu.pan.pl\/wybory-czlonkow-akademii-mlodych-uczonych-w-2026-roku\/#breadcrumb\",\"itemListElement\":[{\"@type\":\"ListItem\",\"position\":1,\"name\":\"Strona g\u0142\u00f3wna\",\"item\":\"https:\/\/amu.pan.pl\/\"},{\"@type\":\"ListItem\",\"position\":2,\"name\":\"Wybory cz\u0142onk\u00f3w Akademii M\u0142odych Uczonych w 2026 roku\"}]},{\"@type\":\"WebSite\",\"@id\":\"https:\/\/amu.pan.pl\/#website\",\"url\":\"https:\/\/amu.pan.pl\/\",\"name\":\"Akademia M\u0142odych Uczonych\",\"description\":\"Polska Akademia Nauk\",\"publisher\":{\"@id\":\"https:\/\/amu.pan.pl\/#organization\"},\"potentialAction\":[{\"@type\":\"SearchAction\",\"target\":{\"@type\":\"EntryPoint\",\"urlTemplate\":\"https:\/\/amu.pan.pl\/?s={search_term_string}\"},\"query-input\":{\"@type\":\"PropertyValueSpecification\",\"valueRequired\":true,\"valueName\":\"search_term_string\"}}],\"inLanguage\":\"en-GB\"},{\"@type\":\"Organization\",\"@id\":\"https:\/\/amu.pan.pl\/#organization\",\"name\":\"Akademia M\u0142odych Uczonych\",\"url\":\"https:\/\/amu.pan.pl\/\",\"logo\":{\"@type\":\"ImageObject\",\"inLanguage\":\"en-GB\",\"@id\":\"https:\/\/amu.pan.pl\/#\/schema\/logo\/image\/\",\"url\":\"https:\/\/amu.pan.pl\/wp-content\/uploads\/2020\/08\/zz_amu.png\",\"contentUrl\":\"https:\/\/amu.pan.pl\/wp-content\/uploads\/2020\/08\/zz_amu.png\",\"width\":2794,\"height\":1016,\"caption\":\"Akademia M\u0142odych Uczonych\"},\"image\":{\"@id\":\"https:\/\/amu.pan.pl\/#\/schema\/logo\/image\/\"},\"sameAs\":[\"https:\/\/www.facebook.com\/AkademiaMlodychUczonych\/\",\"https:\/\/x.com\/AMUPAN1\"]},{\"@type\":\"Person\",\"@id\":\"https:\/\/amu.pan.pl\/#\/schema\/person\/6228761cf33db76ffb28beafb9e62758\",\"name\":\"redaktor\",\"image\":{\"@type\":\"ImageObject\",\"inLanguage\":\"en-GB\",\"@id\":\"https:\/\/amu.pan.pl\/#\/schema\/person\/image\/\",\"url\":\"https:\/\/secure.gravatar.com\/avatar\/a0599af3d5c48d4131a3e882d6a2cedfdbc82b886c803755075873f68351b8b5?s=96&d=mm&r=g\",\"contentUrl\":\"https:\/\/secure.gravatar.com\/avatar\/a0599af3d5c48d4131a3e882d6a2cedfdbc82b886c803755075873f68351b8b5?s=96&d=mm&r=g\",\"caption\":\"redaktor\"},\"url\":\"https:\/\/amu.pan.pl\/en\/author\/redaktor\/\"}]}<\/script>\n<!-- \/ Yoast SEO plugin. -->","yoast_head_json":{"title":"Wybory cz\u0142onk\u00f3w Akademii M\u0142odych Uczonych w 2026 roku - Akademia M\u0142odych Uczonych","robots":{"index":"index","follow":"follow","max-snippet":"max-snippet:-1","max-image-preview":"max-image-preview:large","max-video-preview":"max-video-preview:-1"},"canonical":"https:\/\/amu.pan.pl\/en\/wybory-czlonkow-akademii-mlodych-uczonych-w-2026-roku\/","og_locale":"en_GB","og_type":"article","og_title":"Wybory cz\u0142onk\u00f3w Akademii M\u0142odych Uczonych w 2026 roku - Akademia M\u0142odych Uczonych","og_description":"Polska Akademia Nauk og\u0142osi\u0142a nowy nab\u00f3r do Akademii M\u0142odych Uczonych. Zg\u0142oszenia kandydat\u00f3w przyjmowane s\u0105 do 18 kwietnia 2026 r.","og_url":"https:\/\/amu.pan.pl\/en\/wybory-czlonkow-akademii-mlodych-uczonych-w-2026-roku\/","og_site_name":"Akademia M\u0142odych Uczonych","article_publisher":"https:\/\/www.facebook.com\/AkademiaMlodychUczonych\/","article_published_time":"2026-02-23T14:51:31+00:00","article_modified_time":"2026-03-09T11:00:43+00:00","og_image":[{"width":600,"height":342,"url":"https:\/\/amu.pan.pl\/wp-content\/uploads\/2020\/09\/AMU_logo.png","type":"image\/png"}],"author":"redaktor","twitter_card":"summary_large_image","twitter_creator":"@AMUPAN1","twitter_site":"@AMUPAN1","twitter_misc":{"Written by":"redaktor","Estimated reading time":"1 minute"},"schema":{"@context":"https:\/\/schema.org","@graph":[{"@type":"Article","@id":"https:\/\/amu.pan.pl\/wybory-czlonkow-akademii-mlodych-uczonych-w-2026-roku\/#article","isPartOf":{"@id":"https:\/\/amu.pan.pl\/wybory-czlonkow-akademii-mlodych-uczonych-w-2026-roku\/"},"author":{"name":"redaktor","@id":"https:\/\/amu.pan.pl\/#\/schema\/person\/6228761cf33db76ffb28beafb9e62758"},"headline":"Wybory cz\u0142onk\u00f3w Akademii M\u0142odych Uczonych w 2026 roku","datePublished":"2026-02-23T14:51:31+00:00","dateModified":"2026-03-09T11:00:43+00:00","mainEntityOfPage":{"@id":"https:\/\/amu.pan.pl\/wybory-czlonkow-akademii-mlodych-uczonych-w-2026-roku\/"},"wordCount":201,"publisher":{"@id":"https:\/\/amu.pan.pl\/#organization"},"articleSection":["Aktualno\u015bci"],"inLanguage":"en-GB"},{"@type":"WebPage","@id":"https:\/\/amu.pan.pl\/wybory-czlonkow-akademii-mlodych-uczonych-w-2026-roku\/","url":"https:\/\/amu.pan.pl\/wybory-czlonkow-akademii-mlodych-uczonych-w-2026-roku\/","name":"Wybory cz\u0142onk\u00f3w Akademii M\u0142odych Uczonych w 2026 roku - Akademia M\u0142odych Uczonych","isPartOf":{"@id":"https:\/\/amu.pan.pl\/#website"},"datePublished":"2026-02-23T14:51:31+00:00","dateModified":"2026-03-09T11:00:43+00:00","breadcrumb":{"@id":"https:\/\/amu.pan.pl\/wybory-czlonkow-akademii-mlodych-uczonych-w-2026-roku\/#breadcrumb"},"inLanguage":"en-GB","potentialAction":[{"@type":"ReadAction","target":["https:\/\/amu.pan.pl\/wybory-czlonkow-akademii-mlodych-uczonych-w-2026-roku\/"]}]},{"@type":"BreadcrumbList","@id":"https:\/\/amu.pan.pl\/wybory-czlonkow-akademii-mlodych-uczonych-w-2026-roku\/#breadcrumb","itemListElement":[{"@type":"ListItem","position":1,"name":"Strona g\u0142\u00f3wna","item":"https:\/\/amu.pan.pl\/"},{"@type":"ListItem","position":2,"name":"Wybory cz\u0142onk\u00f3w Akademii M\u0142odych Uczonych w 2026 roku"}]},{"@type":"WebSite","@id":"https:\/\/amu.pan.pl\/#website","url":"https:\/\/amu.pan.pl\/","name":"Akademia M\u0142odych Uczonych","description":"Polska Akademia Nauk","publisher":{"@id":"https:\/\/amu.pan.pl\/#organization"},"potentialAction":[{"@type":"SearchAction","target":{"@type":"EntryPoint","urlTemplate":"https:\/\/amu.pan.pl\/?s={search_term_string}"},"query-input":{"@type":"PropertyValueSpecification","valueRequired":true,"valueName":"search_term_string"}}],"inLanguage":"en-GB"},{"@type":"Organization","@id":"https:\/\/amu.pan.pl\/#organization","name":"Akademia M\u0142odych Uczonych","url":"https:\/\/amu.pan.pl\/","logo":{"@type":"ImageObject","inLanguage":"en-GB","@id":"https:\/\/amu.pan.pl\/#\/schema\/logo\/image\/","url":"https:\/\/amu.pan.pl\/wp-content\/uploads\/2020\/08\/zz_amu.png","contentUrl":"https:\/\/amu.pan.pl\/wp-content\/uploads\/2020\/08\/zz_amu.png","width":2794,"height":1016,"caption":"Akademia M\u0142odych Uczonych"},"image":{"@id":"https:\/\/amu.pan.pl\/#\/schema\/logo\/image\/"},"sameAs":["https:\/\/www.facebook.com\/AkademiaMlodychUczonych\/","https:\/\/x.com\/AMUPAN1"]},{"@type":"Person","@id":"https:\/\/amu.pan.pl\/#\/schema\/person\/6228761cf33db76ffb28beafb9e62758","name":"redaktor","image":{"@type":"ImageObject","inLanguage":"en-GB","@id":"https:\/\/amu.pan.pl\/#\/schema\/person\/image\/","url":"https:\/\/secure.gravatar.com\/avatar\/a0599af3d5c48d4131a3e882d6a2cedfdbc82b886c803755075873f68351b8b5?s=96&d=mm&r=g","contentUrl":"https:\/\/secure.gravatar.com\/avatar\/a0599af3d5c48d4131a3e882d6a2cedfdbc82b886c803755075873f68351b8b5?s=96&d=mm&r=g","caption":"redaktor"},"url":"https:\/\/amu.pan.pl\/en\/author\/redaktor\/"}]}},"_links":{"self":[{"href":"https:\/\/amu.pan.pl\/en\/wp-json\/wp\/v2\/posts\/6050","targetHints":{"allow":["GET"]}}],"collection":[{"href":"https:\/\/amu.pan.pl\/en\/wp-json\/wp\/v2\/posts"}],"about":[{"href":"https:\/\/amu.pan.pl\/en\/wp-json\/wp\/v2\/types\/post"}],"author":[{"embeddable":true,"href":"https:\/\/amu.pan.pl\/en\/wp-json\/wp\/v2\/users\/2"}],"replies":[{"embeddable":true,"href":"https:\/\/amu.pan.pl\/en\/wp-json\/wp\/v2\/comments?post=6050"}],"version-history":[{"count":7,"href":"https:\/\/amu.pan.pl\/en\/wp-json\/wp\/v2\/posts\/6050\/revisions"}],"predecessor-version":[{"id":6057,"href":"https:\/\/amu.pan.pl\/en\/wp-json\/wp\/v2\/posts\/6050\/revisions\/6057"}],"wp:attachment":[{"href":"https:\/\/amu.pan.pl\/en\/wp-json\/wp\/v2\/media?parent=6050"}],"wp:term":[{"taxonomy":"category","embeddable":true,"href":"https:\/\/amu.pan.pl\/en\/wp-json\/wp\/v2\/categories?post=6050"},{"taxonomy":"post_tag","embeddable":true,"href":"https:\/\/amu.pan.pl\/en\/wp-json\/wp\/v2\/tags?post=6050"}],"curies":[{"name":"wp","href":"https:\/\/api.w.org\/{rel}","templated":true}]}}