{"id":950,"date":"2020-10-15T15:37:02","date_gmt":"2020-10-15T13:37:02","guid":{"rendered":"https:\/\/amu.pan.pl\/?p=950"},"modified":"2020-10-18T16:37:35","modified_gmt":"2020-10-18T14:37:35","slug":"prof-wojciech-fendler-laureatem-nagrody-ncn","status":"publish","type":"post","link":"https:\/\/amu.pan.pl\/en\/prof-wojciech-fendler-laureatem-nagrody-ncn\/","title":{"rendered":"Prof. Wojciech Fendler wins the NCN Award"},"content":{"rendered":"<p>We are happy to announce that prof. Wojciech Fendler (Medical University of Lodz), <a href=\"https:\/\/amu.pan.pl\/wojciech-fendler\/\" data-type=\"page\" data-id=\"193\">member of the AMU of the current term<\/a>, was awarded the National Science Center Award. Congratulations!<\/p>\n\n\n\n<figure class=\"wp-block-embed-youtube wp-block-embed is-type-video is-provider-youtube wp-embed-aspect-16-9 wp-has-aspect-ratio\"><div class=\"wp-block-embed__wrapper\">\n<div class=\"nv-iframe-embed\"><iframe title=\"Winner of the NCN Award 2020 - NZ - dr hab. Wojciech Fendler, MD, PhD\" width=\"1200\" height=\"675\" src=\"https:\/\/www.youtube.com\/embed\/hHwEL3NnTYI?feature=oembed\" frameborder=\"0\" allow=\"accelerometer; autoplay; clipboard-write; encrypted-media; gyroscope; picture-in-picture\" allowfullscreen><\/iframe><\/div>\n<\/div><\/figure>\n\n\n\n<p>You can read more about the winners of this year&#039;s awards <a href=\"https:\/\/ncn.gov.pl\/aktualnosci\/2020-10-14-nagroda-ncn-2020-przyznana\">on the website of the National Science Center<\/a>.<\/p>","protected":false},"excerpt":{"rendered":"<p>Z rado\u015bci\u0105 informujemy, \u017ce prof. Wojciech Fendler (Uniwersytet Medyczny w \u0141odzi), cz\u0142onek AMU obecnej kadencji, zosta\u0142 laureatem Nagrody NCN. Gratulujemy! Wi\u0119cej o laureatach tegorocznych nagr\u00f3d mo\u017cna przeczyta\u0107 na stronie NCN.<\/p>","protected":false},"author":2,"featured_media":192,"comment_status":"closed","ping_status":"closed","sticky":false,"template":"","format":"standard","meta":{"_monsterinsights_skip_tracking":false,"_monsterinsights_sitenote_active":false,"_monsterinsights_sitenote_note":"","_monsterinsights_sitenote_category":0,"neve_meta_sidebar":"","neve_meta_container":"","neve_meta_enable_content_width":"","neve_meta_content_width":0,"neve_meta_title_alignment":"","neve_meta_author_avatar":"","neve_post_elements_order":"","neve_meta_disable_header":"","neve_meta_disable_footer":"","neve_meta_disable_title":"","footnotes":""},"categories":[23],"tags":[],"class_list":["post-950","post","type-post","status-publish","format-standard","has-post-thumbnail","hentry","category-sukcesy"],"yoast_head":"<!-- This site is optimized with the Yoast SEO plugin v25.0 - https:\/\/yoast.com\/wordpress\/plugins\/seo\/ -->\n<title>Prof. Wojciech Fendler laureatem Nagrody NCN - Akademia M\u0142odych Uczonych<\/title>\n<meta name=\"robots\" content=\"index, follow, max-snippet:-1, max-image-preview:large, max-video-preview:-1\" \/>\n<link rel=\"canonical\" href=\"https:\/\/amu.pan.pl\/en\/prof-wojciech-fendler-laureatem-nagrody-ncn\/\" \/>\n<meta property=\"og:locale\" content=\"en_GB\" \/>\n<meta property=\"og:type\" content=\"article\" \/>\n<meta property=\"og:title\" content=\"Prof. Wojciech Fendler laureatem Nagrody NCN - Akademia M\u0142odych Uczonych\" \/>\n<meta property=\"og:description\" content=\"Z rado\u015bci\u0105 informujemy, \u017ce prof. Wojciech Fendler (Uniwersytet Medyczny w \u0141odzi), cz\u0142onek AMU obecnej kadencji, zosta\u0142 laureatem Nagrody NCN. Gratulujemy! Wi\u0119cej o laureatach tegorocznych nagr\u00f3d mo\u017cna przeczyta\u0107 na stronie NCN.\" \/>\n<meta property=\"og:url\" content=\"https:\/\/amu.pan.pl\/en\/prof-wojciech-fendler-laureatem-nagrody-ncn\/\" \/>\n<meta property=\"og:site_name\" content=\"Akademia M\u0142odych Uczonych\" \/>\n<meta property=\"article:publisher\" content=\"https:\/\/www.facebook.com\/AkademiaMlodychUczonych\/\" \/>\n<meta property=\"article:published_time\" content=\"2020-10-15T13:37:02+00:00\" \/>\n<meta property=\"article:modified_time\" content=\"2020-10-18T14:37:35+00:00\" \/>\n<meta property=\"og:image\" content=\"https:\/\/amu.pan.pl\/wp-content\/uploads\/2016\/12\/V_M.Fendler.jpg\" \/>\n\t<meta property=\"og:image:width\" content=\"300\" \/>\n\t<meta property=\"og:image:height\" content=\"180\" \/>\n\t<meta property=\"og:image:type\" content=\"image\/jpeg\" \/>\n<meta name=\"author\" content=\"redaktor\" \/>\n<meta name=\"twitter:card\" content=\"summary_large_image\" \/>\n<meta name=\"twitter:creator\" content=\"@AMUPAN1\" \/>\n<meta name=\"twitter:site\" content=\"@AMUPAN1\" \/>\n<meta name=\"twitter:label1\" content=\"Written by\" \/>\n\t<meta name=\"twitter:data1\" content=\"redaktor\" \/>\n<script type=\"application\/ld+json\" class=\"yoast-schema-graph\">{\"@context\":\"https:\/\/schema.org\",\"@graph\":[{\"@type\":\"Article\",\"@id\":\"https:\/\/amu.pan.pl\/prof-wojciech-fendler-laureatem-nagrody-ncn\/#article\",\"isPartOf\":{\"@id\":\"https:\/\/amu.pan.pl\/prof-wojciech-fendler-laureatem-nagrody-ncn\/\"},\"author\":{\"name\":\"redaktor\",\"@id\":\"https:\/\/amu.pan.pl\/#\/schema\/person\/6228761cf33db76ffb28beafb9e62758\"},\"headline\":\"Prof. Wojciech Fendler laureatem Nagrody NCN\",\"datePublished\":\"2020-10-15T13:37:02+00:00\",\"dateModified\":\"2020-10-18T14:37:35+00:00\",\"mainEntityOfPage\":{\"@id\":\"https:\/\/amu.pan.pl\/prof-wojciech-fendler-laureatem-nagrody-ncn\/\"},\"wordCount\":49,\"publisher\":{\"@id\":\"https:\/\/amu.pan.pl\/#organization\"},\"image\":{\"@id\":\"https:\/\/amu.pan.pl\/prof-wojciech-fendler-laureatem-nagrody-ncn\/#primaryimage\"},\"thumbnailUrl\":\"https:\/\/amu.pan.pl\/wp-content\/uploads\/2016\/12\/V_M.Fendler.jpg\",\"articleSection\":[\"Sukcesy\"],\"inLanguage\":\"en-GB\"},{\"@type\":\"WebPage\",\"@id\":\"https:\/\/amu.pan.pl\/prof-wojciech-fendler-laureatem-nagrody-ncn\/\",\"url\":\"https:\/\/amu.pan.pl\/prof-wojciech-fendler-laureatem-nagrody-ncn\/\",\"name\":\"Prof. Wojciech Fendler laureatem Nagrody NCN - Akademia M\u0142odych Uczonych\",\"isPartOf\":{\"@id\":\"https:\/\/amu.pan.pl\/#website\"},\"primaryImageOfPage\":{\"@id\":\"https:\/\/amu.pan.pl\/prof-wojciech-fendler-laureatem-nagrody-ncn\/#primaryimage\"},\"image\":{\"@id\":\"https:\/\/amu.pan.pl\/prof-wojciech-fendler-laureatem-nagrody-ncn\/#primaryimage\"},\"thumbnailUrl\":\"https:\/\/amu.pan.pl\/wp-content\/uploads\/2016\/12\/V_M.Fendler.jpg\",\"datePublished\":\"2020-10-15T13:37:02+00:00\",\"dateModified\":\"2020-10-18T14:37:35+00:00\",\"breadcrumb\":{\"@id\":\"https:\/\/amu.pan.pl\/prof-wojciech-fendler-laureatem-nagrody-ncn\/#breadcrumb\"},\"inLanguage\":\"en-GB\",\"potentialAction\":[{\"@type\":\"ReadAction\",\"target\":[\"https:\/\/amu.pan.pl\/prof-wojciech-fendler-laureatem-nagrody-ncn\/\"]}]},{\"@type\":\"ImageObject\",\"inLanguage\":\"en-GB\",\"@id\":\"https:\/\/amu.pan.pl\/prof-wojciech-fendler-laureatem-nagrody-ncn\/#primaryimage\",\"url\":\"https:\/\/amu.pan.pl\/wp-content\/uploads\/2016\/12\/V_M.Fendler.jpg\",\"contentUrl\":\"https:\/\/amu.pan.pl\/wp-content\/uploads\/2016\/12\/V_M.Fendler.jpg\",\"width\":300,\"height\":180},{\"@type\":\"BreadcrumbList\",\"@id\":\"https:\/\/amu.pan.pl\/prof-wojciech-fendler-laureatem-nagrody-ncn\/#breadcrumb\",\"itemListElement\":[{\"@type\":\"ListItem\",\"position\":1,\"name\":\"Strona g\u0142\u00f3wna\",\"item\":\"https:\/\/amu.pan.pl\/\"},{\"@type\":\"ListItem\",\"position\":2,\"name\":\"Prof. Wojciech Fendler laureatem Nagrody NCN\"}]},{\"@type\":\"WebSite\",\"@id\":\"https:\/\/amu.pan.pl\/#website\",\"url\":\"https:\/\/amu.pan.pl\/\",\"name\":\"Akademia M\u0142odych Uczonych\",\"description\":\"Polska Akademia Nauk\",\"publisher\":{\"@id\":\"https:\/\/amu.pan.pl\/#organization\"},\"potentialAction\":[{\"@type\":\"SearchAction\",\"target\":{\"@type\":\"EntryPoint\",\"urlTemplate\":\"https:\/\/amu.pan.pl\/?s={search_term_string}\"},\"query-input\":{\"@type\":\"PropertyValueSpecification\",\"valueRequired\":true,\"valueName\":\"search_term_string\"}}],\"inLanguage\":\"en-GB\"},{\"@type\":\"Organization\",\"@id\":\"https:\/\/amu.pan.pl\/#organization\",\"name\":\"Akademia M\u0142odych Uczonych\",\"url\":\"https:\/\/amu.pan.pl\/\",\"logo\":{\"@type\":\"ImageObject\",\"inLanguage\":\"en-GB\",\"@id\":\"https:\/\/amu.pan.pl\/#\/schema\/logo\/image\/\",\"url\":\"https:\/\/amu.pan.pl\/wp-content\/uploads\/2020\/08\/zz_amu.png\",\"contentUrl\":\"https:\/\/amu.pan.pl\/wp-content\/uploads\/2020\/08\/zz_amu.png\",\"width\":2794,\"height\":1016,\"caption\":\"Akademia M\u0142odych Uczonych\"},\"image\":{\"@id\":\"https:\/\/amu.pan.pl\/#\/schema\/logo\/image\/\"},\"sameAs\":[\"https:\/\/www.facebook.com\/AkademiaMlodychUczonych\/\",\"https:\/\/x.com\/AMUPAN1\"]},{\"@type\":\"Person\",\"@id\":\"https:\/\/amu.pan.pl\/#\/schema\/person\/6228761cf33db76ffb28beafb9e62758\",\"name\":\"redaktor\",\"image\":{\"@type\":\"ImageObject\",\"inLanguage\":\"en-GB\",\"@id\":\"https:\/\/amu.pan.pl\/#\/schema\/person\/image\/\",\"url\":\"https:\/\/secure.gravatar.com\/avatar\/a0599af3d5c48d4131a3e882d6a2cedfdbc82b886c803755075873f68351b8b5?s=96&d=mm&r=g\",\"contentUrl\":\"https:\/\/secure.gravatar.com\/avatar\/a0599af3d5c48d4131a3e882d6a2cedfdbc82b886c803755075873f68351b8b5?s=96&d=mm&r=g\",\"caption\":\"redaktor\"},\"url\":\"https:\/\/amu.pan.pl\/en\/author\/redaktor\/\"}]}<\/script>\n<!-- \/ Yoast SEO plugin. -->","yoast_head_json":{"title":"Prof. Wojciech Fendler laureatem Nagrody NCN - Akademia M\u0142odych Uczonych","robots":{"index":"index","follow":"follow","max-snippet":"max-snippet:-1","max-image-preview":"max-image-preview:large","max-video-preview":"max-video-preview:-1"},"canonical":"https:\/\/amu.pan.pl\/en\/prof-wojciech-fendler-laureatem-nagrody-ncn\/","og_locale":"en_GB","og_type":"article","og_title":"Prof. Wojciech Fendler laureatem Nagrody NCN - Akademia M\u0142odych Uczonych","og_description":"Z rado\u015bci\u0105 informujemy, \u017ce prof. Wojciech Fendler (Uniwersytet Medyczny w \u0141odzi), cz\u0142onek AMU obecnej kadencji, zosta\u0142 laureatem Nagrody NCN. Gratulujemy! Wi\u0119cej o laureatach tegorocznych nagr\u00f3d mo\u017cna przeczyta\u0107 na stronie NCN.","og_url":"https:\/\/amu.pan.pl\/en\/prof-wojciech-fendler-laureatem-nagrody-ncn\/","og_site_name":"Akademia M\u0142odych Uczonych","article_publisher":"https:\/\/www.facebook.com\/AkademiaMlodychUczonych\/","article_published_time":"2020-10-15T13:37:02+00:00","article_modified_time":"2020-10-18T14:37:35+00:00","og_image":[{"width":300,"height":180,"url":"https:\/\/amu.pan.pl\/wp-content\/uploads\/2016\/12\/V_M.Fendler.jpg","type":"image\/jpeg"}],"author":"redaktor","twitter_card":"summary_large_image","twitter_creator":"@AMUPAN1","twitter_site":"@AMUPAN1","twitter_misc":{"Written by":"redaktor"},"schema":{"@context":"https:\/\/schema.org","@graph":[{"@type":"Article","@id":"https:\/\/amu.pan.pl\/prof-wojciech-fendler-laureatem-nagrody-ncn\/#article","isPartOf":{"@id":"https:\/\/amu.pan.pl\/prof-wojciech-fendler-laureatem-nagrody-ncn\/"},"author":{"name":"redaktor","@id":"https:\/\/amu.pan.pl\/#\/schema\/person\/6228761cf33db76ffb28beafb9e62758"},"headline":"Prof. Wojciech Fendler laureatem Nagrody NCN","datePublished":"2020-10-15T13:37:02+00:00","dateModified":"2020-10-18T14:37:35+00:00","mainEntityOfPage":{"@id":"https:\/\/amu.pan.pl\/prof-wojciech-fendler-laureatem-nagrody-ncn\/"},"wordCount":49,"publisher":{"@id":"https:\/\/amu.pan.pl\/#organization"},"image":{"@id":"https:\/\/amu.pan.pl\/prof-wojciech-fendler-laureatem-nagrody-ncn\/#primaryimage"},"thumbnailUrl":"https:\/\/amu.pan.pl\/wp-content\/uploads\/2016\/12\/V_M.Fendler.jpg","articleSection":["Sukcesy"],"inLanguage":"en-GB"},{"@type":"WebPage","@id":"https:\/\/amu.pan.pl\/prof-wojciech-fendler-laureatem-nagrody-ncn\/","url":"https:\/\/amu.pan.pl\/prof-wojciech-fendler-laureatem-nagrody-ncn\/","name":"Prof. Wojciech Fendler laureatem Nagrody NCN - Akademia M\u0142odych Uczonych","isPartOf":{"@id":"https:\/\/amu.pan.pl\/#website"},"primaryImageOfPage":{"@id":"https:\/\/amu.pan.pl\/prof-wojciech-fendler-laureatem-nagrody-ncn\/#primaryimage"},"image":{"@id":"https:\/\/amu.pan.pl\/prof-wojciech-fendler-laureatem-nagrody-ncn\/#primaryimage"},"thumbnailUrl":"https:\/\/amu.pan.pl\/wp-content\/uploads\/2016\/12\/V_M.Fendler.jpg","datePublished":"2020-10-15T13:37:02+00:00","dateModified":"2020-10-18T14:37:35+00:00","breadcrumb":{"@id":"https:\/\/amu.pan.pl\/prof-wojciech-fendler-laureatem-nagrody-ncn\/#breadcrumb"},"inLanguage":"en-GB","potentialAction":[{"@type":"ReadAction","target":["https:\/\/amu.pan.pl\/prof-wojciech-fendler-laureatem-nagrody-ncn\/"]}]},{"@type":"ImageObject","inLanguage":"en-GB","@id":"https:\/\/amu.pan.pl\/prof-wojciech-fendler-laureatem-nagrody-ncn\/#primaryimage","url":"https:\/\/amu.pan.pl\/wp-content\/uploads\/2016\/12\/V_M.Fendler.jpg","contentUrl":"https:\/\/amu.pan.pl\/wp-content\/uploads\/2016\/12\/V_M.Fendler.jpg","width":300,"height":180},{"@type":"BreadcrumbList","@id":"https:\/\/amu.pan.pl\/prof-wojciech-fendler-laureatem-nagrody-ncn\/#breadcrumb","itemListElement":[{"@type":"ListItem","position":1,"name":"Strona g\u0142\u00f3wna","item":"https:\/\/amu.pan.pl\/"},{"@type":"ListItem","position":2,"name":"Prof. Wojciech Fendler laureatem Nagrody NCN"}]},{"@type":"WebSite","@id":"https:\/\/amu.pan.pl\/#website","url":"https:\/\/amu.pan.pl\/","name":"Akademia M\u0142odych Uczonych","description":"Polska Akademia Nauk","publisher":{"@id":"https:\/\/amu.pan.pl\/#organization"},"potentialAction":[{"@type":"SearchAction","target":{"@type":"EntryPoint","urlTemplate":"https:\/\/amu.pan.pl\/?s={search_term_string}"},"query-input":{"@type":"PropertyValueSpecification","valueRequired":true,"valueName":"search_term_string"}}],"inLanguage":"en-GB"},{"@type":"Organization","@id":"https:\/\/amu.pan.pl\/#organization","name":"Akademia M\u0142odych Uczonych","url":"https:\/\/amu.pan.pl\/","logo":{"@type":"ImageObject","inLanguage":"en-GB","@id":"https:\/\/amu.pan.pl\/#\/schema\/logo\/image\/","url":"https:\/\/amu.pan.pl\/wp-content\/uploads\/2020\/08\/zz_amu.png","contentUrl":"https:\/\/amu.pan.pl\/wp-content\/uploads\/2020\/08\/zz_amu.png","width":2794,"height":1016,"caption":"Akademia M\u0142odych Uczonych"},"image":{"@id":"https:\/\/amu.pan.pl\/#\/schema\/logo\/image\/"},"sameAs":["https:\/\/www.facebook.com\/AkademiaMlodychUczonych\/","https:\/\/x.com\/AMUPAN1"]},{"@type":"Person","@id":"https:\/\/amu.pan.pl\/#\/schema\/person\/6228761cf33db76ffb28beafb9e62758","name":"redaktor","image":{"@type":"ImageObject","inLanguage":"en-GB","@id":"https:\/\/amu.pan.pl\/#\/schema\/person\/image\/","url":"https:\/\/secure.gravatar.com\/avatar\/a0599af3d5c48d4131a3e882d6a2cedfdbc82b886c803755075873f68351b8b5?s=96&d=mm&r=g","contentUrl":"https:\/\/secure.gravatar.com\/avatar\/a0599af3d5c48d4131a3e882d6a2cedfdbc82b886c803755075873f68351b8b5?s=96&d=mm&r=g","caption":"redaktor"},"url":"https:\/\/amu.pan.pl\/en\/author\/redaktor\/"}]}},"_links":{"self":[{"href":"https:\/\/amu.pan.pl\/en\/wp-json\/wp\/v2\/posts\/950","targetHints":{"allow":["GET"]}}],"collection":[{"href":"https:\/\/amu.pan.pl\/en\/wp-json\/wp\/v2\/posts"}],"about":[{"href":"https:\/\/amu.pan.pl\/en\/wp-json\/wp\/v2\/types\/post"}],"author":[{"embeddable":true,"href":"https:\/\/amu.pan.pl\/en\/wp-json\/wp\/v2\/users\/2"}],"replies":[{"embeddable":true,"href":"https:\/\/amu.pan.pl\/en\/wp-json\/wp\/v2\/comments?post=950"}],"version-history":[{"count":1,"href":"https:\/\/amu.pan.pl\/en\/wp-json\/wp\/v2\/posts\/950\/revisions"}],"predecessor-version":[{"id":2356,"href":"https:\/\/amu.pan.pl\/en\/wp-json\/wp\/v2\/posts\/950\/revisions\/2356"}],"wp:featuredmedia":[{"embeddable":true,"href":"https:\/\/amu.pan.pl\/en\/wp-json\/wp\/v2\/media\/192"}],"wp:attachment":[{"href":"https:\/\/amu.pan.pl\/en\/wp-json\/wp\/v2\/media?parent=950"}],"wp:term":[{"taxonomy":"category","embeddable":true,"href":"https:\/\/amu.pan.pl\/en\/wp-json\/wp\/v2\/categories?post=950"},{"taxonomy":"post_tag","embeddable":true,"href":"https:\/\/amu.pan.pl\/en\/wp-json\/wp\/v2\/tags?post=950"}],"curies":[{"name":"wp","href":"https:\/\/api.w.org\/{rel}","templated":true}]}}